{"id":96188,"date":"2024-11-22T11:23:42","date_gmt":"2024-11-22T11:23:42","guid":{"rendered":"https:\/\/rdnews.al\/?p=96188"},"modified":"2024-11-22T11:23:42","modified_gmt":"2024-11-22T11:23:42","slug":"gjykata-kushtetuese-mohon-te-kete-vendosur-qe-berisha-te-qendroje-ne-arrest-shtepie","status":"publish","type":"post","link":"https:\/\/rdnews.al\/index.php\/2024\/11\/22\/gjykata-kushtetuese-mohon-te-kete-vendosur-qe-berisha-te-qendroje-ne-arrest-shtepie\/","title":{"rendered":"Gjykata Kushtetuese mohon t\u00eb ket\u00eb vendosur q\u00eb Berisha t\u00eb q\u00ebndroj\u00eb n\u00eb arrest sht\u00ebpie"},"content":{"rendered":"<p>Pas vendimit skandaloz t\u00eb dit\u00ebs s\u00eb djeshme, ndaj ankimimit t\u00eb b\u00ebr\u00eb nga kryetarit i PD, Sali Berisha p\u00ebr mas\u00ebn antikushtetuese t\u00eb dh\u00ebn\u00eb nga Gjykata e Posa\u00e7me, Gjykata Kushtetuese ka reaguar s\u00ebrish.<\/p>\n<p>Me an\u00eb t\u00eb nj\u00eb njoftimi p\u00ebr mediat, Kushtetuesja sqaron se, kjo gjykat\u00eb nj\u00eb dit\u00eb m\u00eb par\u00eb ka shqyrtuar vet\u00ebm mas\u00ebn e par\u00eb t\u00eb siguris\u00eb, at\u00eb t\u00eb \u2018detyrim paraqitje\u2019 dhe \u2018ndalim i daljes jasht\u00eb vendit\u2019.<\/p>\n<p>Kushtetuesja thekson se, n\u00eb lidhje me mas\u00ebn e dyt\u00eb ka nj\u00eb tjet\u00ebr ankimim q\u00eb do shqyrtohet sipas procedurave.<\/p>\n<p><strong>Reagimi i Gjykat\u00ebs Kushtetuese:<\/strong><\/p>\n<p>T\u00eb nderuar koleg\u00eb,<\/p>\n<p>Duke marr\u00eb shkas nga lajmet dhe opinionet n\u00eb media dhe portale, n\u00eb lidhje me vendimmarrjen e djeshme t\u00eb Gjykat\u00ebs Kushtetuese, sqarojm\u00eb se vendimi i referohet masave t\u00eb siguris\u00eb \u2018detyrim paraqitje\u2019 dhe \u2018ndalim i daljes jasht\u00eb vendit\u2019, dhe jo shqyrtimit t\u00eb mas\u00ebs \u2018arrest n\u00eb sht\u00ebpi\u2019.<\/p>\n<p>Sikurse u deklarua dhe n\u00eb Konferenc\u00ebn p\u00ebr shtyp t\u00eb Kryetares Za\u00e7aj, ju sqaroj se p\u00ebr sa i takon vler\u00ebsimit t\u00eb mas\u00ebs s\u00eb siguris\u00eb \u2018arrest n\u00eb sht\u00ebpi\u2019, k\u00ebrkesa n\u00eb lidhje me k\u00ebt\u00eb mas\u00eb \u00ebsht\u00eb regjistruar n\u00eb Gjykat\u00eb, n\u00eb dat\u00ebn 18.11.2024, dhe do t\u00eb jet\u00eb objekti nj\u00eb shqyrtimi tjet\u00ebr gjyq\u00ebsor sipas afateve dhe rregullave t\u00eb parashikuara n\u00eb ligj.<\/p>\n","protected":false},"excerpt":{"rendered":"<p>Pas vendimit skandaloz t\u00eb dit\u00ebs s\u00eb djeshme, ndaj ankimimit t\u00eb b\u00ebr\u00eb nga kryetarit i PD, Sali Berisha p\u00ebr mas\u00ebn antikushtetuese t\u00eb dh\u00ebn\u00eb nga Gjykata e Posa\u00e7me, Gjykata Kushtetuese ka reaguar s\u00ebrish. Me an\u00eb t\u00eb nj\u00eb njoftimi p\u00ebr mediat, Kushtetuesja sqaron se, kjo gjykat\u00eb nj\u00eb dit\u00eb m\u00eb par\u00eb ka shqyrtuar vet\u00ebm mas\u00ebn e par\u00eb t\u00eb siguris\u00eb, &hellip;<\/p>\n","protected":false},"author":4,"featured_media":96132,"comment_status":"closed","ping_status":"closed","sticky":false,"template":"","format":"standard","meta":{"footnotes":""},"categories":[37],"tags":[],"class_list":["post-96188","post","type-post","status-publish","format-standard","has-post-thumbnail","","category-politike"],"_links":{"self":[{"href":"https:\/\/rdnews.al\/index.php\/wp-json\/wp\/v2\/posts\/96188","targetHints":{"allow":["GET"]}}],"collection":[{"href":"https:\/\/rdnews.al\/index.php\/wp-json\/wp\/v2\/posts"}],"about":[{"href":"https:\/\/rdnews.al\/index.php\/wp-json\/wp\/v2\/types\/post"}],"author":[{"embeddable":true,"href":"https:\/\/rdnews.al\/index.php\/wp-json\/wp\/v2\/users\/4"}],"replies":[{"embeddable":true,"href":"https:\/\/rdnews.al\/index.php\/wp-json\/wp\/v2\/comments?post=96188"}],"version-history":[{"count":1,"href":"https:\/\/rdnews.al\/index.php\/wp-json\/wp\/v2\/posts\/96188\/revisions"}],"predecessor-version":[{"id":96189,"href":"https:\/\/rdnews.al\/index.php\/wp-json\/wp\/v2\/posts\/96188\/revisions\/96189"}],"wp:featuredmedia":[{"embeddable":true,"href":"https:\/\/rdnews.al\/index.php\/wp-json\/wp\/v2\/media\/96132"}],"wp:attachment":[{"href":"https:\/\/rdnews.al\/index.php\/wp-json\/wp\/v2\/media?parent=96188"}],"wp:term":[{"taxonomy":"category","embeddable":true,"href":"https:\/\/rdnews.al\/index.php\/wp-json\/wp\/v2\/categories?post=96188"},{"taxonomy":"post_tag","embeddable":true,"href":"https:\/\/rdnews.al\/index.php\/wp-json\/wp\/v2\/tags?post=96188"}],"curies":[{"name":"wp","href":"https:\/\/api.w.org\/{rel}","templated":true}]}}