{"id":96266,"date":"2024-11-22T18:12:56","date_gmt":"2024-11-22T18:12:56","guid":{"rendered":"https:\/\/rdnews.al\/?p=96266"},"modified":"2024-11-22T18:12:56","modified_gmt":"2024-11-22T18:12:56","slug":"sot-ditelindja-e-re-gjuhes-shqipe-116-vjetori-i-alfabetit-te-saj","status":"publish","type":"post","link":"https:\/\/rdnews.al\/index.php\/2024\/11\/22\/sot-ditelindja-e-re-gjuhes-shqipe-116-vjetori-i-alfabetit-te-saj\/","title":{"rendered":"Sot dit\u00eblindja e re Gjuh\u00ebs Shqipe: 116 vjetori i alfabetit t\u00eb saj!"},"content":{"rendered":"<p><strong>Nga Sali BERISHA<\/strong><\/p>\n<p>Miq, m\u00eb 14 n\u00ebntor 1908, filloi Kongresi i Manastirit me q\u00ebllim t\u00eb standardizimit t\u00eb alfabetit t\u00eb gjuh\u00ebs shqipe, q\u00eb zgjati deri m\u00eb 22 N\u00ebntor. Kongresi b\u00ebri gjuh\u00ebn ton\u00eb me alfabetin e shkronjave t\u00eb saj native, alfabetin e vokacionit per\u00ebndimor t\u00eb kombit ton\u00eb.<\/p>\n<p>Pas lidhjes s\u00eb Prizrenit, Kongresi i Manastirit \u00ebsht\u00eb Kongresi i Bashkimit Komb\u00ebtar n\u00eb gjuh\u00eb, kultur\u00eb, identitet!<\/p>\n<p>Prandaj sot shqiptar\u00ebt p\u00ebrulen me nderim dhe nderojn\u00eb 36 shenjtoret e gjuh\u00ebs, kultures dhe identitetit ton\u00eb.<\/p>\n<p>Por, ky p\u00ebrvjetor e gjen gjuh\u00ebn dhe jo vet\u00ebm at\u00eb, por dhe kombin ton\u00eb t\u00eb rrezikuar.<\/p>\n<p>Gjuha shqipe mori nj\u00eb goditje t\u00eb r\u00ebnd\u00eb me Kongresin e Drejtshkrimit t\u00eb n\u00ebntorit t\u00eb vitit 1972.<\/p>\n<p>Ky kongres u largua nga parimet e Komisis\u00eb s\u00eb Elbasanit, dhe n\u00eb nj\u00eb akt urrejtje patoligjike krahinore dhe fetare te diktatorit Hoxha, ai duke keqp\u00ebrdorur rregullat e drejtshkrimit si g\u00ebrsher\u00eb politike, arkivoi apo varrosi me rregullat q\u00eb imponoi kund\u00ebr dialektit t\u00eb gegnishtes, veprat e pavdekshme t\u00eb kollos\u00ebve t\u00eb m\u00ebdhenj rilindas dhe t\u00eb tjer\u00eb t\u00eb kombit shqiptar.<\/p>\n<p>K\u00ebshtu sot nx\u00ebn\u00ebsve iu duken si t\u00eb huaja veprat e Buzukut, Bogdanit, Marin Barletit, De Rad\u00ebs , Dar\u00ebs, Fisht\u00ebs, Mjed\u00ebs, Filip Shirok\u00ebs,Vaso Pash\u00ebs, Migjenit, Ndoc Nikajt, Martin Camajt, si dhe dhjet\u00ebra shkrimtar\u00eb dhe poet\u00eb t\u00eb m\u00ebdhenj t\u00eb Kosov\u00ebs.<\/p>\n<p>Arbitrariteti i kongresit hoxhist t\u00eb drejtshkrimit duhet korrigjuar sa m\u00eb par\u00eb, n\u00eb m\u00ebnyr\u00eb q\u00eb gjuha t\u00eb zhvillohet dhe pasurohet nga gjenerata n\u00eb gjenerat\u00eb, dhe t\u00eb qendroj\u00eb si garante e madh\u00ebshtis\u00eb origjinale t\u00eb veprave t\u00eb pavdekshme t\u00eb krijuara n\u00eb shekuj nga shkrimtar\u00ebt, poet\u00ebt, lavertar\u00ebt e saj.<\/p>\n<p>Nderim atyre burrave dhe grave mendjendritur q\u00eb 116 vjet m\u00eb par\u00eb b\u00ebn\u00eb gjuh\u00ebn ton\u00eb t\u00eb bukur me germat e arta t\u00eb saj!<\/p>\n<p>N\u00eb foto komisioni b\u00ebrtham\u00eb i Kongresit: 1) Gjergj Fishta, 2) Mid&#8217;hat Frash\u00ebri, 3) Luigj Gurakuqi, 4) Gjergj Qiriazi, 5) Dom Ndre Mjeda, 6) Grigor Cilka, 7) Dhimit\u00ebr Buda, Shahin Kolonja, 9) Sotir Pe\u00e7i, 10) Bajo Topulli, dhe 11) Nyz&#8217;het Vrioni.<\/p>\n<p><img loading=\"lazy\" decoding=\"async\" class=\"alignnone size-medium wp-image-96267\" src=\"https:\/\/rdnews.al\/wp-content\/uploads\/2024\/11\/gjuh-300x147.jpg\" alt=\"\" width=\"300\" height=\"147\" \/><br \/>\n<strong><em>Foto nga Kel Marubi<\/em><\/strong><\/p>\n","protected":false},"excerpt":{"rendered":"<p>Nga Sali BERISHA Miq, m\u00eb 14 n\u00ebntor 1908, filloi Kongresi i Manastirit me q\u00ebllim t\u00eb standardizimit t\u00eb alfabetit t\u00eb gjuh\u00ebs shqipe, q\u00eb zgjati deri m\u00eb 22 N\u00ebntor. Kongresi b\u00ebri gjuh\u00ebn ton\u00eb me alfabetin e shkronjave t\u00eb saj native, alfabetin e vokacionit per\u00ebndimor t\u00eb kombit ton\u00eb. Pas lidhjes s\u00eb Prizrenit, Kongresi i Manastirit \u00ebsht\u00eb Kongresi i &hellip;<\/p>\n","protected":false},"author":4,"featured_media":59900,"comment_status":"closed","ping_status":"closed","sticky":false,"template":"","format":"standard","meta":{"footnotes":""},"categories":[37],"tags":[],"class_list":["post-96266","post","type-post","status-publish","format-standard","has-post-thumbnail","","category-politike"],"_links":{"self":[{"href":"https:\/\/rdnews.al\/index.php\/wp-json\/wp\/v2\/posts\/96266","targetHints":{"allow":["GET"]}}],"collection":[{"href":"https:\/\/rdnews.al\/index.php\/wp-json\/wp\/v2\/posts"}],"about":[{"href":"https:\/\/rdnews.al\/index.php\/wp-json\/wp\/v2\/types\/post"}],"author":[{"embeddable":true,"href":"https:\/\/rdnews.al\/index.php\/wp-json\/wp\/v2\/users\/4"}],"replies":[{"embeddable":true,"href":"https:\/\/rdnews.al\/index.php\/wp-json\/wp\/v2\/comments?post=96266"}],"version-history":[{"count":1,"href":"https:\/\/rdnews.al\/index.php\/wp-json\/wp\/v2\/posts\/96266\/revisions"}],"predecessor-version":[{"id":96268,"href":"https:\/\/rdnews.al\/index.php\/wp-json\/wp\/v2\/posts\/96266\/revisions\/96268"}],"wp:featuredmedia":[{"embeddable":true,"href":"https:\/\/rdnews.al\/index.php\/wp-json\/wp\/v2\/media\/59900"}],"wp:attachment":[{"href":"https:\/\/rdnews.al\/index.php\/wp-json\/wp\/v2\/media?parent=96266"}],"wp:term":[{"taxonomy":"category","embeddable":true,"href":"https:\/\/rdnews.al\/index.php\/wp-json\/wp\/v2\/categories?post=96266"},{"taxonomy":"post_tag","embeddable":true,"href":"https:\/\/rdnews.al\/index.php\/wp-json\/wp\/v2\/tags?post=96266"}],"curies":[{"name":"wp","href":"https:\/\/api.w.org\/{rel}","templated":true}]}}