{"id":96272,"date":"2024-11-22T18:38:33","date_gmt":"2024-11-22T18:38:33","guid":{"rendered":"https:\/\/rdnews.al\/?p=96272"},"modified":"2024-11-22T18:38:33","modified_gmt":"2024-11-22T18:38:33","slug":"berisha-analfabetizmi-po-rritet-me-shpejtesi-jemi-njesoj-si-ne-vitin-1972","status":"publish","type":"post","link":"https:\/\/rdnews.al\/index.php\/2024\/11\/22\/berisha-analfabetizmi-po-rritet-me-shpejtesi-jemi-njesoj-si-ne-vitin-1972\/","title":{"rendered":"Berisha: Analfabetizmi po rritet me shpejt\u00ebsi, jemi nj\u00ebsoj si n\u00eb vitin 1972"},"content":{"rendered":"<p>Kryetari i Partis\u00eb Demokratike, Sali Berisha ka kujtuar \u2018Dit\u00ebn e Alfabetit\u2019, ku sipas tij 116 vite m\u00eb par\u00eb gjuha shqipe u standardizua.<\/p>\n<p>Berisha tha se, 116 vite m\u00eb par\u00eb gjuha shqipe u standartizua. Analfabetizmi po rritet me shpejt\u00ebsi, jemi nj\u00ebsoj si n\u00eb vitin 1972.<\/p>\n<p>\u201cMir\u00ebmbr\u00ebma dhe p\u00ebrsh\u00ebndetjet m\u00eb t\u00eb p\u00ebrzem\u00ebrta, m\u00eb miq\u00ebsore, mir\u00ebnjohjen m\u00eb t\u00eb pakufishme ju, o q\u00ebndrestare e q\u00ebndrestar\u00eb t\u00eb pamposhtur t\u00eb kauz\u00ebs ton\u00eb t\u00eb drejt\u00eb.<\/p>\n<p>P\u00ebrsh\u00ebndetjet m\u00eb t\u00eb p\u00ebrzem\u00ebrta orator\u00ebve t\u00eb k\u00ebsaj platforme t\u00eb fjal\u00ebs s\u00eb lir\u00eb, q\u00eb me fjalimet e tyre, fjal\u00ebt e tyre, \u00e7jerrin vellon e zez\u00eb t\u00eb censur\u00ebs s\u00eb narkodiktatur\u00ebs s\u00eb Edi Ram\u00ebs dhe ndri\u00e7ojn\u00eb mendje e zemra t\u00eb mbar\u00eb shqiptar\u00ebve.<\/p>\n<p>Nj\u00eb p\u00ebrsh\u00ebndetje kryetarit t\u00eb Partis\u00eb s\u00eb Liris\u00eb, Ilir Meta n\u00eb qeli.<\/p>\n<p>N\u00ebnkryetarit t\u00eb grupit parlamentar t\u00eb PD-s\u00eb, Ervin Salianji. Q\u00ebndrestar\u00eb n\u00eb burgjet e diktatur\u00ebs.<\/p>\n<p>T\u00eb dashur miq!<\/p>\n<p>Sot \u00e7do shqiptar ka nj\u00eb dit\u00eb t\u00eb ve\u00e7ant\u00eb dhe kjo \u00ebsht\u00eb dita e gjuh\u00ebs ton\u00eb, dita e asaj q\u00eb p\u00ebrb\u00ebn fillin e indentitetit ton\u00eb komb\u00ebtar, e gjuh\u00ebs s\u00eb bukur q\u00eb bashkon shqiptar\u00ebt n\u00eb t\u00eb 4-an\u00ebt e dheut.<\/p>\n<p>Kjo dit\u00eb \u00ebsht\u00eb dita e miratimit n\u00eb Manastir, e standartizimit t\u00eb alfabetit t\u00eb gjuh\u00ebs son\u00eb, p\u00ebrzgjedhjes s\u00eb g\u00ebrmeva t\u00eb saj, pothuajse t\u00eb lindura me to nga burrat m\u00eb t\u00eb shquar t\u00eb letrave dhe gjuh\u00ebs t\u00eb koh\u00ebs, shenj\u00ebtor\u00eb t\u00eb v\u00ebrtet\u00eb t\u00eb k\u00ebsa gjuhe.<\/p>\n<p>Ndaj ne sot p\u00ebrulemi me nderimin m\u00eb t\u00eb madh, me respektin m\u00eb t\u00eb thell\u00eb para vepr\u00ebs s\u00eb gjith\u00eb atyre q\u00eb n\u00eb 22 n\u00ebntor t\u00eb vitit 1908 e b\u00ebn\u00eb gjuh\u00ebn shqipe me alfabetin standard t\u00eb saj.<\/p>\n<p>Miqt\u00eb e mi!<\/p>\n<p>Ai ishte nj\u00eb sukses historik i shqiptar\u00ebve, sepse pas Lidhjes s\u00eb Prizrenit, Konrgesi i Manastirit \u00ebsht\u00eb ngjarja m\u00eb bashkuese komb\u00ebtare, p\u00ebr shqiptar\u00ebt.<\/p>\n<p>Por sot pas 116 viteve, gjuha shqipe \u00ebsht\u00eb n\u00eb rrezikun m\u00eb t\u00eb madh.<\/p>\n<p>Sot analfabetizmi po rritet me shpejt\u00ebsi dhe vet\u00ebm nga viti 2017-2023 \u00ebsht\u00eb rritur me 10%.<\/p>\n<p>Sot n\u00eb narkodiktatur\u00eb shkolla shqipe njohur regresin m\u00eb t\u00eb madh n\u00eb t\u00eb gjith\u00eb historin\u00eb e saj. Ajo p\u00ebsoi r\u00ebnien e tmerrshme, m\u00eb t\u00eb madhen n\u00eb bot\u00eb n\u00eb testin e Pizas vitin e kaluar. Regjistroi gjithashtu numrin m\u00eb t\u00eb lart\u00eb, nd\u00ebr m\u00eb t\u00eb lartit n\u00eb bot\u00eb t\u00eb analafabet\u00ebve funksional\u00eb n\u00eb shkollat tona.<\/p>\n<p>Numri i analfabet\u00ebve, n\u00eb Shqip\u00ebri sot \u00ebsht\u00eb i barabart\u00eb me vitet \u201970. T\u00eb gjitha k\u00ebto jan\u00eb frutet e hidhura t\u00eb diktarut\u00ebs\u201d, u shpreh Berisha.<\/p>\n","protected":false},"excerpt":{"rendered":"<p>Kryetari i Partis\u00eb Demokratike, Sali Berisha ka kujtuar \u2018Dit\u00ebn e Alfabetit\u2019, ku sipas tij 116 vite m\u00eb par\u00eb gjuha shqipe u standardizua. Berisha tha se, 116 vite m\u00eb par\u00eb gjuha shqipe u standartizua. Analfabetizmi po rritet me shpejt\u00ebsi, jemi nj\u00ebsoj si n\u00eb vitin 1972. \u201cMir\u00ebmbr\u00ebma dhe p\u00ebrsh\u00ebndetjet m\u00eb t\u00eb p\u00ebrzem\u00ebrta, m\u00eb miq\u00ebsore, mir\u00ebnjohjen m\u00eb t\u00eb &hellip;<\/p>\n","protected":false},"author":4,"featured_media":81300,"comment_status":"closed","ping_status":"closed","sticky":false,"template":"","format":"standard","meta":{"footnotes":""},"categories":[37],"tags":[],"class_list":["post-96272","post","type-post","status-publish","format-standard","has-post-thumbnail","","category-politike"],"_links":{"self":[{"href":"https:\/\/rdnews.al\/index.php\/wp-json\/wp\/v2\/posts\/96272","targetHints":{"allow":["GET"]}}],"collection":[{"href":"https:\/\/rdnews.al\/index.php\/wp-json\/wp\/v2\/posts"}],"about":[{"href":"https:\/\/rdnews.al\/index.php\/wp-json\/wp\/v2\/types\/post"}],"author":[{"embeddable":true,"href":"https:\/\/rdnews.al\/index.php\/wp-json\/wp\/v2\/users\/4"}],"replies":[{"embeddable":true,"href":"https:\/\/rdnews.al\/index.php\/wp-json\/wp\/v2\/comments?post=96272"}],"version-history":[{"count":1,"href":"https:\/\/rdnews.al\/index.php\/wp-json\/wp\/v2\/posts\/96272\/revisions"}],"predecessor-version":[{"id":96273,"href":"https:\/\/rdnews.al\/index.php\/wp-json\/wp\/v2\/posts\/96272\/revisions\/96273"}],"wp:featuredmedia":[{"embeddable":true,"href":"https:\/\/rdnews.al\/index.php\/wp-json\/wp\/v2\/media\/81300"}],"wp:attachment":[{"href":"https:\/\/rdnews.al\/index.php\/wp-json\/wp\/v2\/media?parent=96272"}],"wp:term":[{"taxonomy":"category","embeddable":true,"href":"https:\/\/rdnews.al\/index.php\/wp-json\/wp\/v2\/categories?post=96272"},{"taxonomy":"post_tag","embeddable":true,"href":"https:\/\/rdnews.al\/index.php\/wp-json\/wp\/v2\/tags?post=96272"}],"curies":[{"name":"wp","href":"https:\/\/api.w.org\/{rel}","templated":true}]}}