{"id":96290,"date":"2024-11-22T20:55:42","date_gmt":"2024-11-22T20:55:42","guid":{"rendered":"https:\/\/rdnews.al\/?p=96290"},"modified":"2024-11-22T21:09:06","modified_gmt":"2024-11-22T21:09:06","slug":"skandali-qe-con-ne-burg-ulusiun-me-kompleksin-e-vilave-dhe-kush-eshte-ortaku-i-tij","status":"publish","type":"post","link":"https:\/\/rdnews.al\/index.php\/2024\/11\/22\/skandali-qe-con-ne-burg-ulusiun-me-kompleksin-e-vilave-dhe-kush-eshte-ortaku-i-tij\/","title":{"rendered":"Skandali q\u00eb \u00e7on n\u00eb burg Ulusiun me kompleksin e vilave dhe kush \u00ebsht\u00eb ortaku i tij"},"content":{"rendered":"<div class=\"xdj266r x11i5rnm xat24cr x1mh8g0r x1vvkbs x126k92a\">\n<div dir=\"auto\">Ministri i Drejt\u00ebsis\u00eb, Ulsi Manja, \u00ebsht\u00eb v\u00ebn\u00eb dit\u00ebt e fundit n\u00eb qend\u00ebr t\u00eb v\u00ebmendjes nga mediat pas investigimit p\u00ebr blerjen e nj\u00eb sip\u00ebrfaqeje toke prej 1,000 m\u00b2 n\u00eb Fark\u00eb t\u00eb Vog\u00ebl me vler\u00eb 3 milion\u00eb lek\u00eb.<\/div>\n<\/div>\n<div class=\"x11i5rnm xat24cr x1mh8g0r x1vvkbs xtlvy1s x126k92a\">\n<div dir=\"auto\">N\u00eb sip\u00ebrfaqen e tok\u00ebs q\u00eb Manja ka bler\u00eb, n\u00eb bashk\u00ebpunim me Geront e Bledar \u00c7el\u00ebn e \u201cBrunes\u201d do t\u00eb nd\u00ebrtojn\u00eb nj\u00eb kompleks vilash luksoze.<\/div>\n<\/div>\n<div class=\"x11i5rnm xat24cr x1mh8g0r x1vvkbs xtlvy1s x126k92a\">\n<div dir=\"auto\">Manja ia ka bler\u00eb tok\u00ebn n\u00eb vitin 2021 zyrtarit t\u00eb PS Arben Malokut, i cili n\u00eb at\u00eb koh\u00eb mbante postin e administratorit t\u00eb nj\u00ebsis\u00eb s\u00eb Zall Herrit.<\/div>\n<\/div>\n<div class=\"x11i5rnm xat24cr x1mh8g0r x1vvkbs xtlvy1s x126k92a\">\n<div dir=\"auto\">Sipas t\u00eb dh\u00ebnave t\u00eb siguruara nga BIRN, \u00e7mimi i blerjes s\u00eb tok\u00ebs prej 3,000 lek\u00eb\/m\u00b2 \u00ebsht\u00eb pothuajse trefish m\u00eb i ul\u00ebt se vlera mesatare e shitjeve n\u00eb at\u00eb zon\u00eb, q\u00eb vler\u00ebsohet t\u00eb jet\u00eb rreth 120 euro\/m\u00b2. Madje, t\u00eb dh\u00ebnat nga Agjencia Shtet\u00ebrore e Kadastr\u00ebs tregojn\u00eb se edhe vlera e referenc\u00ebs p\u00ebr tokat n\u00eb at\u00eb periudh\u00eb ishte m\u00eb e lart\u00eb se \u00e7mimi i transaksionit t\u00eb Manj\u00ebs.<\/div>\n<\/div>\n<div class=\"x11i5rnm xat24cr x1mh8g0r x1vvkbs xtlvy1s x126k92a\">\n<div dir=\"auto\">Maloku, pronari i m\u00ebparsh\u00ebm i tok\u00ebs, tha se e kishte shitur at\u00eb p\u00ebr t\u00eb nj\u00ebjtin \u00e7mim q\u00eb e kishte bler\u00eb, duke p\u00ebrmendur ekzistenc\u00ebn e nj\u00eb shtylle t\u00eb tensionit t\u00eb lart\u00eb pran\u00eb pron\u00ebs si arsye p\u00ebr \u00e7mimin e ul\u00ebt. \u201cAjo tok\u00eb ka qen\u00eb posht\u00eb nj\u00eb shtylle t\u00eb tensionit t\u00eb lart\u00eb, dhe kjo ka ndikuar n\u00eb vler\u00ebn e saj,\u201d tha Maloku p\u00ebr BIRN.<\/div>\n<\/div>\n<div class=\"x11i5rnm xat24cr x1mh8g0r x1vvkbs xtlvy1s x126k92a\">\n<div dir=\"auto\">Tre vjet pas blerjes s\u00eb tok\u00ebs, Manja dhe bashk\u00ebshortja e tij aplikuan n\u00eb Bashkin\u00eb e Tiran\u00ebs p\u00ebr nj\u00eb leje zhvillimi, duke bashk\u00ebpunuar me kompanin\u00eb \u201cBrunes\u201d me q\u00ebllim nd\u00ebrtimin e nj\u00eb kompleksi banimi dhe sh\u00ebrbimi me godina 1,2 dhe 3 kate, me pishina dhe mur rrethues n\u00eb k\u00ebt\u00eb zon\u00eb.<\/div>\n<\/div>\n<div class=\"x11i5rnm xat24cr x1mh8g0r x1vvkbs xtlvy1s x126k92a\">\n<div dir=\"auto\">Kjo marr\u00ebveshje mes Manj\u00ebs dhe \u00c7el\u00ebs rezulton t\u00eb mos t\u00eb jet\u00eb deklaruar nga ministri Manja n\u00eb ILDKPKI n\u00eb vitin 2023. Kjo \u00ebsht\u00eb nj\u00eb shkelje tjet\u00ebr q\u00eb con drejt burgut Ulusiun.<\/div>\n<\/div>\n","protected":false},"excerpt":{"rendered":"<p>Ministri i Drejt\u00ebsis\u00eb, Ulsi Manja, \u00ebsht\u00eb v\u00ebn\u00eb dit\u00ebt e fundit n\u00eb qend\u00ebr t\u00eb v\u00ebmendjes nga mediat pas investigimit p\u00ebr blerjen e nj\u00eb sip\u00ebrfaqeje toke prej 1,000 m\u00b2 n\u00eb Fark\u00eb t\u00eb Vog\u00ebl me vler\u00eb 3 milion\u00eb lek\u00eb. N\u00eb sip\u00ebrfaqen e tok\u00ebs q\u00eb Manja ka bler\u00eb, n\u00eb bashk\u00ebpunim me Geront e Bledar \u00c7el\u00ebn e \u201cBrunes\u201d do t\u00eb &hellip;<\/p>\n","protected":false},"author":3,"featured_media":96293,"comment_status":"closed","ping_status":"closed","sticky":false,"template":"","format":"standard","meta":{"footnotes":""},"categories":[37],"tags":[],"class_list":["post-96290","post","type-post","status-publish","format-standard","has-post-thumbnail","","category-politike"],"_links":{"self":[{"href":"https:\/\/rdnews.al\/index.php\/wp-json\/wp\/v2\/posts\/96290","targetHints":{"allow":["GET"]}}],"collection":[{"href":"https:\/\/rdnews.al\/index.php\/wp-json\/wp\/v2\/posts"}],"about":[{"href":"https:\/\/rdnews.al\/index.php\/wp-json\/wp\/v2\/types\/post"}],"author":[{"embeddable":true,"href":"https:\/\/rdnews.al\/index.php\/wp-json\/wp\/v2\/users\/3"}],"replies":[{"embeddable":true,"href":"https:\/\/rdnews.al\/index.php\/wp-json\/wp\/v2\/comments?post=96290"}],"version-history":[{"count":2,"href":"https:\/\/rdnews.al\/index.php\/wp-json\/wp\/v2\/posts\/96290\/revisions"}],"predecessor-version":[{"id":96295,"href":"https:\/\/rdnews.al\/index.php\/wp-json\/wp\/v2\/posts\/96290\/revisions\/96295"}],"wp:featuredmedia":[{"embeddable":true,"href":"https:\/\/rdnews.al\/index.php\/wp-json\/wp\/v2\/media\/96293"}],"wp:attachment":[{"href":"https:\/\/rdnews.al\/index.php\/wp-json\/wp\/v2\/media?parent=96290"}],"wp:term":[{"taxonomy":"category","embeddable":true,"href":"https:\/\/rdnews.al\/index.php\/wp-json\/wp\/v2\/categories?post=96290"},{"taxonomy":"post_tag","embeddable":true,"href":"https:\/\/rdnews.al\/index.php\/wp-json\/wp\/v2\/tags?post=96290"}],"curies":[{"name":"wp","href":"https:\/\/api.w.org\/{rel}","templated":true}]}}