{"id":96319,"date":"2024-11-23T10:34:38","date_gmt":"2024-11-23T10:34:38","guid":{"rendered":"https:\/\/rdnews.al\/?p=96319"},"modified":"2024-11-23T10:35:23","modified_gmt":"2024-11-23T10:35:23","slug":"takimi-i-ldgsh-mediu-ju-keni-qendruar-fort-perballe-ketij-realiteti-te-papranueshem","status":"publish","type":"post","link":"https:\/\/rdnews.al\/index.php\/2024\/11\/23\/takimi-i-ldgsh-mediu-ju-keni-qendruar-fort-perballe-ketij-realiteti-te-papranueshem\/","title":{"rendered":"Mediu: Ju keni q\u00ebndruar fort p\u00ebrball\u00eb k\u00ebtij realiteti t\u00eb papranuesh\u00ebm!"},"content":{"rendered":"<p>Kryetari i Partis\u00eb Republikane, Fatmir Mediu gjat\u00eb fjal\u00ebs s\u00eb yij tryez\u00ebn e organizuar nga Lidhja Demokratike e Gruas p\u00ebr rolin e grav\u00eb n\u00eb politik\u00eb, theksoi se, n\u00eb politike dhe n\u00eb jet\u00eb ka dy grupe, nj\u00eb grup q\u00eb b\u00ebjn\u00eb dhe japin dhe nj\u00eb grup tjet\u00ebr jan\u00eb gjithmon\u00eb ata q\u00eb japin, dhe ju jeni kjo e dyta.<\/p>\n<p>\u201cJuve n\u00eb m\u00ebnyr\u00eb t\u00eb padiskutueshme jeni nga ata q\u00eb b\u00ebni, q\u00eb luftoni, bile keni inspiruar edhe pjes\u00ebn tjet\u00ebr t\u00eb politik\u00ebs p\u00ebr t\u00eb q\u00ebndruar fort p\u00ebrball\u00eb k\u00ebtij realiteti t\u00eb papranuesh\u00ebm. Un\u00eb jam k\u00ebtu edhe p\u00ebr nj\u00eb arsye tjet\u00ebr, sepse Margareta ka qen\u00eb bosja ime, ka qen\u00eb presidentja e asambles\u00eb parlamentare t\u00eb OSBE-s\u00eb dhe \u00ebsht\u00eb nj\u00eb nga zonjat q\u00eb v\u00ebrtet\u00eb ka treguar forc\u00eb n\u00eb nj\u00eb nga organizatat m\u00eb t\u00eb r\u00ebnd\u00ebsishme.<\/p>\n<p>M\u00eb lejoni t\u00eb falenderoj edhe Alban\u00ebn. Albana \u00ebsht\u00eb kthyer koh\u00ebt e fundit n\u00eb nj\u00eb makineri pune e pandalshme. Kemi qen\u00eb bashk\u00eb n\u00eb Strasburg nga aty n\u00eb Amerik\u00eb, Kamboxhia, Malt\u00eb e k\u00ebshtu me radh\u00eb. Pse? P\u00ebr t\u2019i b\u00ebr\u00eb t\u00eb njohur partner\u00ebve tan\u00eb nd\u00ebrkomb\u00ebtar\u00eb at\u00eb realitet t\u00eb papranuesh\u00ebm q\u00eb ka Shqip\u00ebria sot. Dhe ato rezoluta q\u00eb ju i shikoni t\u00eb CDI, PPE etj, jo vet\u00ebm kan\u00eb mendimin n\u00eb draftet e p\u00ebrpunuara nga Albana, por edhe vullnetin e saj t\u00eb paepur p\u00ebr t\u00eb kontaktuar me k\u00ebdo p\u00ebr t\u2019i b\u00ebr\u00eb t\u00eb mundur q\u00eb t\u00eb kuptohen dhe aprovohen\u201d, u shpreh Mediu.<\/p>\n","protected":false},"excerpt":{"rendered":"<p>Kryetari i Partis\u00eb Republikane, Fatmir Mediu gjat\u00eb fjal\u00ebs s\u00eb yij tryez\u00ebn e organizuar nga Lidhja Demokratike e Gruas p\u00ebr rolin e grav\u00eb n\u00eb politik\u00eb, theksoi se, n\u00eb politike dhe n\u00eb jet\u00eb ka dy grupe, nj\u00eb grup q\u00eb b\u00ebjn\u00eb dhe japin dhe nj\u00eb grup tjet\u00ebr jan\u00eb gjithmon\u00eb ata q\u00eb japin, dhe ju jeni kjo e dyta. &hellip;<\/p>\n","protected":false},"author":4,"featured_media":0,"comment_status":"closed","ping_status":"closed","sticky":false,"template":"","format":"standard","meta":{"footnotes":""},"categories":[37],"tags":[],"class_list":["post-96319","post","type-post","status-publish","format-standard","","category-politike"],"_links":{"self":[{"href":"https:\/\/rdnews.al\/index.php\/wp-json\/wp\/v2\/posts\/96319","targetHints":{"allow":["GET"]}}],"collection":[{"href":"https:\/\/rdnews.al\/index.php\/wp-json\/wp\/v2\/posts"}],"about":[{"href":"https:\/\/rdnews.al\/index.php\/wp-json\/wp\/v2\/types\/post"}],"author":[{"embeddable":true,"href":"https:\/\/rdnews.al\/index.php\/wp-json\/wp\/v2\/users\/4"}],"replies":[{"embeddable":true,"href":"https:\/\/rdnews.al\/index.php\/wp-json\/wp\/v2\/comments?post=96319"}],"version-history":[{"count":2,"href":"https:\/\/rdnews.al\/index.php\/wp-json\/wp\/v2\/posts\/96319\/revisions"}],"predecessor-version":[{"id":96322,"href":"https:\/\/rdnews.al\/index.php\/wp-json\/wp\/v2\/posts\/96319\/revisions\/96322"}],"wp:attachment":[{"href":"https:\/\/rdnews.al\/index.php\/wp-json\/wp\/v2\/media?parent=96319"}],"wp:term":[{"taxonomy":"category","embeddable":true,"href":"https:\/\/rdnews.al\/index.php\/wp-json\/wp\/v2\/categories?post=96319"},{"taxonomy":"post_tag","embeddable":true,"href":"https:\/\/rdnews.al\/index.php\/wp-json\/wp\/v2\/tags?post=96319"}],"curies":[{"name":"wp","href":"https:\/\/api.w.org\/{rel}","templated":true}]}}