{"id":96323,"date":"2024-11-23T10:41:01","date_gmt":"2024-11-23T10:41:01","guid":{"rendered":"https:\/\/rdnews.al\/?p=96323"},"modified":"2024-11-23T10:42:10","modified_gmt":"2024-11-23T10:42:10","slug":"margareta-cederfeldt-vleresoj-lidershipin-e-pd-per-perfshirjen-e-grave-ne-politike","status":"publish","type":"post","link":"https:\/\/rdnews.al\/index.php\/2024\/11\/23\/margareta-cederfeldt-vleresoj-lidershipin-e-pd-per-perfshirjen-e-grave-ne-politike\/","title":{"rendered":"Cederfeldt: Vler\u00ebsoj lidershipin e PD p\u00ebr p\u00ebrfshirjen e grave n\u00eb rolet drejtuese"},"content":{"rendered":"<p>Margareta Cederfeldt, deputete suedeze, an\u00ebtare e Komitetit p\u00ebr \u00c7\u00ebshtjet e Jashtme, kryetare e Delegacionit t\u00eb IPU, Ish-Presidente e OSBE mbajti fjal\u00ebn e saj n\u00eb takimin e LDGSH n\u00eb lidhje me p\u00ebrfshirjen e grave n\u00eb pozicione dhe role t\u00eb ndryshme t\u00eb partis\u00eb.<\/p>\n<p>Cederfeldt theksoi se \u00ebsht\u00eb momenti i duhur q\u00eb grat\u00eb t\u00eb p\u00ebrfshihen, tani \u00ebsht\u00eb momenti q\u00eb grat\u00eb luajn\u00eb nj\u00eb rol shum\u00eb t\u00eb r\u00ebnd\u00ebsish\u00ebm n\u00eb formimin e shtetit t\u00eb s\u00eb drejt\u00ebs.<\/p>\n<p>\u201cJu mund t\u00eb b\u00ebni \u00e7do gj\u00eb n\u00ebse doni. Hapi i par\u00eb \u00ebsht\u00eb lidershipi, t\u00eb p\u00ebrfshihen grat\u00eb n\u00eb t\u00eb gjitha nivelet. Ishte kaq shum\u00eb premtuese dhe inkurajuese t\u00eb d\u00ebgjonim lidershipin e Partis\u00eb Demokratike sepse roli juaj u tha q\u00eb \u00ebsht\u00eb i paz\u00ebvend\u00ebsues\u00ebshm. Ishte shum\u00eb emocionuese t\u00eb d\u00ebgjoj\u00eb lidershipin e PD, Noka, Bardhi edhe zotin Mediu q\u00eb gjet\u00ebn koh\u00eb t\u00eb vijn\u00eb dit\u00eb t\u00eb shtun\u00eb dhe t\u00eb flasin k\u00ebtu p\u00ebr p\u00ebrfshirjen dhe rolin e grave.<\/p>\n<p>Njohurit\u00eb dhe eksperiancat e grave duhet t\u00eb p\u00ebrfshihen, lidershipi e ka shprehur gjithashtu se ju jeni t\u00eb domosdoshme. N\u00ebse doni t\u00eb jetoni n\u00eb liri, n\u00ebse doni t\u00eb shihni eleminimin e korrupsionit\u2026 ky \u00ebsht\u00eb momenti q\u00eb t\u00eb b\u00ebni \u00e7do gj\u00eb\u201d, tha ajo.<\/p>\n","protected":false},"excerpt":{"rendered":"<p>Margareta Cederfeldt, deputete suedeze, an\u00ebtare e Komitetit p\u00ebr \u00c7\u00ebshtjet e Jashtme, kryetare e Delegacionit t\u00eb IPU, Ish-Presidente e OSBE mbajti fjal\u00ebn e saj n\u00eb takimin e LDGSH n\u00eb lidhje me p\u00ebrfshirjen e grave n\u00eb pozicione dhe role t\u00eb ndryshme t\u00eb partis\u00eb. Cederfeldt theksoi se \u00ebsht\u00eb momenti i duhur q\u00eb grat\u00eb t\u00eb p\u00ebrfshihen, tani \u00ebsht\u00eb momenti &hellip;<\/p>\n","protected":false},"author":4,"featured_media":0,"comment_status":"closed","ping_status":"closed","sticky":false,"template":"","format":"standard","meta":{"footnotes":""},"categories":[37],"tags":[],"class_list":["post-96323","post","type-post","status-publish","format-standard","","category-politike"],"_links":{"self":[{"href":"https:\/\/rdnews.al\/index.php\/wp-json\/wp\/v2\/posts\/96323","targetHints":{"allow":["GET"]}}],"collection":[{"href":"https:\/\/rdnews.al\/index.php\/wp-json\/wp\/v2\/posts"}],"about":[{"href":"https:\/\/rdnews.al\/index.php\/wp-json\/wp\/v2\/types\/post"}],"author":[{"embeddable":true,"href":"https:\/\/rdnews.al\/index.php\/wp-json\/wp\/v2\/users\/4"}],"replies":[{"embeddable":true,"href":"https:\/\/rdnews.al\/index.php\/wp-json\/wp\/v2\/comments?post=96323"}],"version-history":[{"count":3,"href":"https:\/\/rdnews.al\/index.php\/wp-json\/wp\/v2\/posts\/96323\/revisions"}],"predecessor-version":[{"id":96327,"href":"https:\/\/rdnews.al\/index.php\/wp-json\/wp\/v2\/posts\/96323\/revisions\/96327"}],"wp:attachment":[{"href":"https:\/\/rdnews.al\/index.php\/wp-json\/wp\/v2\/media?parent=96323"}],"wp:term":[{"taxonomy":"category","embeddable":true,"href":"https:\/\/rdnews.al\/index.php\/wp-json\/wp\/v2\/categories?post=96323"},{"taxonomy":"post_tag","embeddable":true,"href":"https:\/\/rdnews.al\/index.php\/wp-json\/wp\/v2\/tags?post=96323"}],"curies":[{"name":"wp","href":"https:\/\/api.w.org\/{rel}","templated":true}]}}