{"id":96408,"date":"2024-11-23T21:06:48","date_gmt":"2024-11-23T21:06:48","guid":{"rendered":"https:\/\/rdnews.al\/?p=96408"},"modified":"2024-11-23T21:06:48","modified_gmt":"2024-11-23T21:06:48","slug":"policia-po-fsheh-nje-tjeter-kriminel-te-perfshire-ne-vrasjen-e-14-vjecarit-deshmia-e-babait-te-femijes-se-plagosur","status":"publish","type":"post","link":"https:\/\/rdnews.al\/index.php\/2024\/11\/23\/policia-po-fsheh-nje-tjeter-kriminel-te-perfshire-ne-vrasjen-e-14-vjecarit-deshmia-e-babait-te-femijes-se-plagosur\/","title":{"rendered":"Policia po fsheh nj\u00eb tjet\u00ebr kriminel t\u00eb p\u00ebrfshir\u00eb n\u00eb vrasjen e 14-vje\u00e7arit, d\u00ebshmia e babait t\u00eb f\u00ebmij\u00ebs s\u00eb plagosur"},"content":{"rendered":"<p data-reader-unique-id=\"55\">Merr tjet\u00ebr rrjedh\u00eb ngjarja sa i takon vrasjes me thik\u00eb t\u00eb 14-vje\u00e7arit Martin Cani dhe plagosjes me thik\u00eb t\u00eb shokut t\u00eb tij, Luisit.<\/p>\n<p data-reader-unique-id=\"56\">Deri m\u00eb tani \u00ebsht\u00eb b\u00ebr\u00eb e ditur se ata jan\u00eb sulmuar me thik\u00eb nga Marjo Perlleshaj, i cili \u00ebsht\u00eb v\u00ebn\u00eb dhe n\u00ebn arrest. Por babai i Luisit, djali i cili \u00ebsht\u00eb plagosur me thik\u00eb dhe ndodhet n\u00eb spital, ka treguar nj\u00eb tjet\u00ebr version t\u00eb ngjarjes.Ai ka treguar se sherri ka nisur q\u00eb t\u00eb premten dhe Martini i ka rr\u00ebfyer djalit t\u00eb tij se e kishte goditur nj\u00eb person m\u00eb i madh n\u00eb mosh\u00eb. Sipas tij, Martini kishte dhe nj\u00eb shenj\u00eb goditje n\u00eb buz\u00eb.<\/p>\n<p data-reader-unique-id=\"60\">\u201c<em data-reader-unique-id=\"61\">Luisi mban mend se \u00e7far\u00eb i ka th\u00ebn\u00eb Martini, sepse \u00ebsht\u00eb n\u00eb nj\u00eb shkoll\u00eb tjet\u00ebr. Ai shkoi atje se ja k\u00ebrkoi Martini. Dit\u00ebn e premte jan\u00eb takuar te sht\u00ebpia, se aty rrin\u00eb n\u00eb lagje dhe i ka th\u00ebn\u00eb, Luis un\u00eb kam pas nj\u00eb konflikt te shkolla sot, me dik\u00eb nga shok\u00ebt e klas\u00ebs paralele kemi b\u00ebr\u00eb llafe, jemi goditur, ka ardhur nj\u00eb i madh dhe m\u00eb ka goditur. Martini kishte nj\u00eb shenj\u00eb t\u00eb premten te buza, se i \u00e7ova un\u00eb n\u00eb st\u00ebrvitje. T\u00eb goditur. Dhe i thot\u00eb mos i trego babit tat dhe as un\u00eb timit, po hajde t\u00eb h\u00ebn\u00ebn ta zgjidhim. Dit\u00ebn e h\u00ebn\u00eb n\u00eb or\u00ebn 13.20. Nuk e dim\u00eb ku e ka godit brenda apo jasht\u00eb shkoll\u00ebs<\/em>\u201d, ka rr\u00ebfyer ai.<\/p>\n<p data-reader-unique-id=\"65\">M\u00eb pas ai ka treguar se dit\u00ebn e h\u00ebn\u00eb kur dhe ndodhi sulmi me thik\u00eb, kan\u00eb qen\u00eb dy persona dhe jo nj\u00eb. Madje ai ka nxjerr\u00eb dhe emrin e personit tjet\u00ebr q\u00eb ka ndihmuar Marjon.<\/p>\n<p data-reader-unique-id=\"66\">\u201c<em data-reader-unique-id=\"67\">Po ta them me em\u00ebr q\u00eb personi i par\u00eb q\u00eb e ka goditur Luisin me thik\u00eb pas shpine \u00ebsht\u00eb\u00a0<strong>Kledjon Begaj,<\/strong>\u00a0bashk\u00ebmoshatar dhe shok i autorit tjet\u00ebr. Ky Kledjoni e ka pasur thik\u00ebn m\u00eb t\u00eb vog\u00ebl thik\u00ebn dhe k\u00ebto d\u00ebshmi i dhash\u00eb sot te Drejtoria e Policis\u00eb. Kledjoni e ka goditur i pari n\u00eb shpatull djalin tim, \u00ebsht\u00eb m\u00eb shkurt\u00ebr si plag\u00eb dhe m\u00eb e ngusht\u00eb, her\u00ebn e dyt\u00eb e ka goditur ky djali q\u00eb \u00ebsht\u00eb kapur Mario, dy her\u00eb dhe n\u00eb fund pastaj e kan\u00eb goditur t\u00eb dy se djali ka ikur i fundit pasi ka par\u00eb Martinin t\u00eb rr\u00ebzuar n\u00eb tok\u00eb<\/em>\u201d, tha babai i Luisit n\u00eb emisionin Review n\u00eb Eurone\u00ebs Albania.<\/p>\n<p data-reader-unique-id=\"68\">Pyetja q\u00eb ngrihet \u00ebsht\u00eb: Pse fshehu policia emrin e dyt\u00eb? Sipas burimeve flitet se ai \u00ebsht\u00eb djali i nj\u00eb efektivi policie, por do t\u00eb shohim n\u00eb vijim se \u00e7far\u00eb q\u00ebndrimi do t\u00eb mbajn\u00eb uniformat blu.<\/p>\n","protected":false},"excerpt":{"rendered":"<p>Merr tjet\u00ebr rrjedh\u00eb ngjarja sa i takon vrasjes me thik\u00eb t\u00eb 14-vje\u00e7arit Martin Cani dhe plagosjes me thik\u00eb t\u00eb shokut t\u00eb tij, Luisit. Deri m\u00eb tani \u00ebsht\u00eb b\u00ebr\u00eb e ditur se ata jan\u00eb sulmuar me thik\u00eb nga Marjo Perlleshaj, i cili \u00ebsht\u00eb v\u00ebn\u00eb dhe n\u00ebn arrest. Por babai i Luisit, djali i cili \u00ebsht\u00eb plagosur &hellip;<\/p>\n","protected":false},"author":3,"featured_media":0,"comment_status":"closed","ping_status":"closed","sticky":false,"template":"","format":"standard","meta":{"footnotes":""},"categories":[37],"tags":[],"class_list":["post-96408","post","type-post","status-publish","format-standard","","category-politike"],"_links":{"self":[{"href":"https:\/\/rdnews.al\/index.php\/wp-json\/wp\/v2\/posts\/96408","targetHints":{"allow":["GET"]}}],"collection":[{"href":"https:\/\/rdnews.al\/index.php\/wp-json\/wp\/v2\/posts"}],"about":[{"href":"https:\/\/rdnews.al\/index.php\/wp-json\/wp\/v2\/types\/post"}],"author":[{"embeddable":true,"href":"https:\/\/rdnews.al\/index.php\/wp-json\/wp\/v2\/users\/3"}],"replies":[{"embeddable":true,"href":"https:\/\/rdnews.al\/index.php\/wp-json\/wp\/v2\/comments?post=96408"}],"version-history":[{"count":1,"href":"https:\/\/rdnews.al\/index.php\/wp-json\/wp\/v2\/posts\/96408\/revisions"}],"predecessor-version":[{"id":96410,"href":"https:\/\/rdnews.al\/index.php\/wp-json\/wp\/v2\/posts\/96408\/revisions\/96410"}],"wp:attachment":[{"href":"https:\/\/rdnews.al\/index.php\/wp-json\/wp\/v2\/media?parent=96408"}],"wp:term":[{"taxonomy":"category","embeddable":true,"href":"https:\/\/rdnews.al\/index.php\/wp-json\/wp\/v2\/categories?post=96408"},{"taxonomy":"post_tag","embeddable":true,"href":"https:\/\/rdnews.al\/index.php\/wp-json\/wp\/v2\/tags?post=96408"}],"curies":[{"name":"wp","href":"https:\/\/api.w.org\/{rel}","templated":true}]}}