{"id":96449,"date":"2024-11-24T14:50:38","date_gmt":"2024-11-24T14:50:38","guid":{"rendered":"https:\/\/rdnews.al\/?p=96449"},"modified":"2024-11-24T15:03:18","modified_gmt":"2024-11-24T15:03:18","slug":"nje-oficer-policie-ekzekutoi-biznesmenin-eduart-reci-emrat-dhe-motivi","status":"publish","type":"post","link":"https:\/\/rdnews.al\/index.php\/2024\/11\/24\/nje-oficer-policie-ekzekutoi-biznesmenin-eduart-reci-emrat-dhe-motivi\/","title":{"rendered":"Nj\u00eb oficer policie ekzekutoi biznesmenin, Eduart Re\u00e7i, emrat dhe motivi"},"content":{"rendered":"<p>Policia e Shtetit ka zbardhur dit\u00ebn e sotme vrasjen e biznesmenit Eduart Re\u00e7i, i cili u vra me arm\u00eb zjarri n\u00eb rrug\u00ebn \u201cFaik Konica\u201d.<\/p>\n<p>Raportohet se autoritetet kan\u00eb arrestuar dy v\u00ebllez\u00ebr t\u00eb dyshuar si autor\u00eb t\u00eb ngjarjes, t\u00eb identifikuar si Florjan dhe Shk\u00eblqim Duka. Ky i fundit sh\u00ebrbente edhe si oficer policie.<\/p>\n<div id=\"taboola-sponsored-mid-article\" class=\"trc_related_container tbl-trecs-container trc_spotlight_widget trc_elastic trc_elastic_sc-ma-balkanweb\" data-placement-name=\"Sponsored Mid Article\">\n<div class=\"trc_rbox_container\">\n<div>\n<div id=\"trc_wrapper_7303036685\" class=\"trc_rbox sc-ma-balkanweb trc-content-sponsored\">\n<div id=\"outer_7303036685\" class=\"trc_rbox_outer\">\n<div id=\"rbox-t2m\" class=\"trc_rbox_div trc_rbox_border_elm\">\n<div id=\"internal_trc_7303036685\">\n<div class=\"videoCube trc_spotlight_item origin-default textItem thumbnail_top videoCube_1_child syndicatedItem trc-first-recommendation trc-spotlight-first-recommendation trc_excludable\" data-item-id=\"~~V1~~7366581499935193654~~jYr5-qL-pP0-86wTC9Epfphoj8YlCcnUbnx231B-jKSoE36oqetCMuBNOr-fOEfoTwolFn2bBoRzBwaCJNokdSq9tXs-jD1Ek_XJODEK81vcrR45s8gSQ-rk49r9k8G3UmKHFcNjaGmO4qWzDcNi4xjOLKS2t7su_F2lbuen5d1OZgMB6mAcWabTrcwmrknGAkkLlcyF5nwEOtlsBruqoSv9EArLimetv9a8Nib3nQzwVW8HcQAAvG359pThwCE98d-qxuPsEwUkzXqexjQsc8EZLuu2eW53fnKBAUlChGw\" data-item-title=\"Unsold Antarctica Cruise Cabins For Seniors (Take A Look)\" data-item-thumb=\"https:\/\/cdn.taboola.com\/libtrc\/static\/thumbnails\/32ba88c5077838603098bdb16d7ec9dc.png\" data-item-syndicated=\"true\">\n<div class=\"thumbBlock_holder\"><\/div>\n<div class=\"trc_exclude_undo_btn\">Hetimet zbuluan se viktima kishte pasur nj\u00eb konflikt mbi pron\u00ebsin\u00eb e truallit t\u00eb nd\u00ebrtimit, q\u00eb ndodhej pran\u00eb pron\u00ebs s\u00eb v\u00ebllez\u00ebrve, me t\u00eb cil\u00ebt kishte pasur diskutime lidhur me k\u00ebt\u00eb \u00e7\u00ebshtje.<\/div>\n<\/div>\n<\/div>\n<\/div>\n<\/div>\n<\/div>\n<\/div>\n<\/div>\n<\/div>\n<p>N\u00eb kuad\u00ebr t\u00eb hetimeve, autoritetet kan\u00eb sekuestruar prova t\u00eb r\u00ebnd\u00ebsishme, p\u00ebrfshir\u00eb nj\u00eb arm\u00eb zjarri t\u00eb d\u00ebmtuar dhe nj\u00eb s\u00ebr\u00eb pajisjesh q\u00eb p\u00ebrdoren p\u00ebr prodhimin e silenciator\u00ebve, si dhe jelek\u00eb antiplumb dhe pajisje elektronike.<\/p>\n<p>N\u00eb zbatim t\u00eb nj\u00eb vendimi gjyq\u00ebsor, m\u00eb 23 n\u00ebntor 2024, jan\u00eb realizuar kontrolle n\u00eb sht\u00ebpit\u00eb dhe lokalet e dy v\u00ebllez\u00ebrve, ku jan\u00eb gjetur dhe sekuestruar k\u00ebto prova materiale q\u00eb v\u00ebrtetojn\u00eb lidhjen e tyre me ngjarjen.<\/p>\n<p>Sipas autoriteteve Eduart Re\u00e7i po p\u00ebrpiqej t\u00eb nd\u00ebrtonte nj\u00eb pallat, nd\u00ebrtimi i t\u00eb cilit k\u00ebrkonte bashk\u00ebpunim dhe dakort\u00ebsim edhe me persona t\u00eb tjer\u00eb (kufitar me pron\u00ebn e viktim\u00ebs).<\/p>\n<p>Nd\u00ebr personat me t\u00eb cil\u00ebt Re\u00e7i kishte diskutuar lidhur me k\u00ebt\u00eb problematik\u00eb dhe ka pasur konflikt mbi pron\u00ebsin\u00eb e truallit, ishin edhe v\u00ebllez\u00ebrit Shk\u00eblqim dhe Florjan Duka<\/p>\n<p><strong>Njoftimi i policis\u00eb:<\/strong><\/p>\n<p>Zbardhet ngjarja e ndodhur m\u00eb dat\u00eb 13.11.2024, ku n\u00eb rrug\u00ebn \u201cFaik Konica\u201d, u plagos me arm\u00eb zjarri shtetasi E. R., i cili si pasoj\u00eb e plag\u00ebve marra nd\u00ebrroi jet\u00eb n\u00eb spital.<\/p>\n<p>Vihen n\u00eb pranga dy v\u00ebllez\u00ebr, t\u00eb dyshuar si autor\u00eb t\u00eb ngjarjes.<\/p>\n<p>Sekuestrohen prova materiale q\u00eb sh\u00ebrbejn\u00eb p\u00ebr dokumentimin ligjor t\u00eb ngjarjes.<\/p>\n<p>N\u00eb vijim t\u00eb veprimeve t\u00eb thelluara hetimore t\u00eb kryera nga grupi i posa\u00e7\u00ebm hetimor n\u00eb drejtimin Prokuroris\u00eb, p\u00ebr zbardhjen e rrethanave, identifikimin dhe kapjen e autor\u00ebve, ju informojm\u00eb se:<\/p>\n<p>Specialist\u00ebt e Seksionit p\u00ebr Hetimin e Krimeve Ndaj Jet\u00ebs bazuar n\u00eb provat e grumbulluara nga hetimi intensiv, arrestuan shtetasit Sh. D., 48 vje\u00e7, (oficer Policie) dhe F. D., 45 vje\u00e7, (v\u00ebllez\u00ebr),t\u00eb dy banues n\u00eb Tiran\u00eb, t\u00eb dyshuar p\u00ebr kryerjen e veprave penale \u201cVrasja me paramendim\u201d e kryer ne bashk\u00ebpunim dhe \u201cMbajtja pa leje dhe prodhimi i arm\u00ebve, arm\u00ebve shp\u00ebrthyese dhe i municionit\u201d, parashikuar nga nenet 78 e 25 dhe 278\/1\/4 t\u00eb Kodit Penal.<\/p>\n<p>N\u00eb vijim t\u00eb kryerjes s\u00eb veprimeve t\u00eb thelluara hetimore, shfryt\u00ebzimit t\u00eb inteligjenc\u00ebs policore, administrimit t\u00eb provave dhe ekzaminimeve t\u00eb ndryshme kriminalistike, administrimit t\u00eb dokumenteve, grupi i posa\u00e7\u00ebm hetimor n\u00eb drejtimin e Prokuroris\u00eb pran\u00eb Gjykat\u00ebs s\u00eb Shkall\u00ebs s\u00eb Par\u00eb t\u00eb Juridiksionit t\u00eb P\u00ebrgjithsh\u00ebm Tiran\u00eb, ka b\u00ebr\u00eb t\u00eb mundur dokumentimin ligjor t\u00eb implikimit t\u00eb personave si autor\u00eb t\u00eb dyshuar t\u00eb k\u00ebsaj ngjarje.<\/p>\n<p>N\u00eb zbatim t\u00eb vendimit t\u00eb Gjykat\u00ebs, m\u00eb dat\u00eb 23.11.2024 \u00ebsht\u00eb ushtruar kontroll n\u00eb ambientet e lokalit dhe banes\u00ebs s\u00eb 2 v\u00ebllez\u00ebrve dhe n\u00eb magazin\u00ebn e lokalit jan\u00eb gjetur dhe sekuestruar, n\u00eb cil\u00ebsin\u00eb e prov\u00ebs materiale, nj\u00eb arm\u00eb zjarri pjes\u00ebrisht e d\u00ebmtuar, gjasht\u00eb objekte cilindrike te ngjashme me silenciator\u00eb me p\u00ebrmasa t\u00eb ndryshme, pjes\u00eb dhe mekanizma t\u00eb ndrysh\u00ebm q\u00eb p\u00ebrdoren p\u00ebr silenciator\u00ebt, dy jelek\u00eb antiplumb dhe pajisje t\u00eb ndryshme elektronike t\u00eb cilat dokumentojn\u00eb veprimtarin\u00eb dhe dinamik\u00ebn e autor\u00ebve t\u00eb dyshuar t\u00eb k\u00ebsaj ngjarje.<\/p>\n<p>Nga veprimet hetimore t\u00eb kryera ka rezultuar se shtetasi E. R., po angazhohej p\u00ebr t\u00eb nd\u00ebrtuar nj\u00eb pallat, nd\u00ebrtimi i t\u00eb cilit k\u00ebrkonte bashk\u00ebpunim dhe dakort\u00ebsim edhe me persona t\u00eb tjer\u00eb (kufitar me pron\u00ebn e viktim\u00ebs).<\/p>\n<p>Nd\u00ebr personat me t\u00eb cil\u00ebt shtetasi E. R., kishte diskutuar lidhur me k\u00ebt\u00eb problematik\u00eb dhe ka pasur konflikt mbi pron\u00ebsin\u00eb e truallit, jan\u00eb v\u00ebllez\u00ebrit F. D., dhe Sh. D.<\/p>\n<p>N\u00ebn drejtimin e Prokuroris\u00eb vijojn\u00eb hetimet p\u00ebr dokumentimin e plot\u00eb ligjor t\u00eb k\u00ebsaj ngjarjeje.<\/p>\n","protected":false},"excerpt":{"rendered":"<p>Policia e Shtetit ka zbardhur dit\u00ebn e sotme vrasjen e biznesmenit Eduart Re\u00e7i, i cili u vra me arm\u00eb zjarri n\u00eb rrug\u00ebn \u201cFaik Konica\u201d. Raportohet se autoritetet kan\u00eb arrestuar dy v\u00ebllez\u00ebr t\u00eb dyshuar si autor\u00eb t\u00eb ngjarjes, t\u00eb identifikuar si Florjan dhe Shk\u00eblqim Duka. Ky i fundit sh\u00ebrbente edhe si oficer policie. Hetimet zbuluan se &hellip;<\/p>\n","protected":false},"author":3,"featured_media":96451,"comment_status":"closed","ping_status":"closed","sticky":false,"template":"","format":"standard","meta":{"footnotes":""},"categories":[37],"tags":[],"class_list":["post-96449","post","type-post","status-publish","format-standard","has-post-thumbnail","","category-politike"],"_links":{"self":[{"href":"https:\/\/rdnews.al\/index.php\/wp-json\/wp\/v2\/posts\/96449","targetHints":{"allow":["GET"]}}],"collection":[{"href":"https:\/\/rdnews.al\/index.php\/wp-json\/wp\/v2\/posts"}],"about":[{"href":"https:\/\/rdnews.al\/index.php\/wp-json\/wp\/v2\/types\/post"}],"author":[{"embeddable":true,"href":"https:\/\/rdnews.al\/index.php\/wp-json\/wp\/v2\/users\/3"}],"replies":[{"embeddable":true,"href":"https:\/\/rdnews.al\/index.php\/wp-json\/wp\/v2\/comments?post=96449"}],"version-history":[{"count":2,"href":"https:\/\/rdnews.al\/index.php\/wp-json\/wp\/v2\/posts\/96449\/revisions"}],"predecessor-version":[{"id":96453,"href":"https:\/\/rdnews.al\/index.php\/wp-json\/wp\/v2\/posts\/96449\/revisions\/96453"}],"wp:featuredmedia":[{"embeddable":true,"href":"https:\/\/rdnews.al\/index.php\/wp-json\/wp\/v2\/media\/96451"}],"wp:attachment":[{"href":"https:\/\/rdnews.al\/index.php\/wp-json\/wp\/v2\/media?parent=96449"}],"wp:term":[{"taxonomy":"category","embeddable":true,"href":"https:\/\/rdnews.al\/index.php\/wp-json\/wp\/v2\/categories?post=96449"},{"taxonomy":"post_tag","embeddable":true,"href":"https:\/\/rdnews.al\/index.php\/wp-json\/wp\/v2\/tags?post=96449"}],"curies":[{"name":"wp","href":"https:\/\/api.w.org\/{rel}","templated":true}]}}