{"id":96465,"date":"2024-11-24T19:50:31","date_gmt":"2024-11-24T19:50:31","guid":{"rendered":"https:\/\/rdnews.al\/?p=96465"},"modified":"2024-11-24T19:50:31","modified_gmt":"2024-11-24T19:50:31","slug":"berisha-neser-nderojme-martin-canin-te-marten-shqiperia-marshon-ne-tirane-beteje-beteje-beteje","status":"publish","type":"post","link":"https:\/\/rdnews.al\/index.php\/2024\/11\/24\/berisha-neser-nderojme-martin-canin-te-marten-shqiperia-marshon-ne-tirane-beteje-beteje-beteje\/","title":{"rendered":"Berisha: Nes\u00ebr nderojm\u00eb Martin Canin! T\u00eb mart\u00ebn Shqip\u00ebria marshon n\u00eb Tiran\u00eb! Betej\u00eb, betej\u00eb, betej\u00eb!"},"content":{"rendered":"<p>Kryetari i Partis\u00eb Demokratike, Sali Berisha ka b\u00ebr\u00eb thirrje q\u00eb dit\u00ebn e nes\u00ebrme qytetar\u00ebt t\u00eb dalin n\u00eb nderim t\u00eb 14-vje\u00e7arit t\u00eb ndjer\u00eb, Martin Cani, i cili u vra me thik\u00eb n\u00eb der\u00eb t\u00eb Shkoll\u00ebs \u2018Fan Noli\u2019.<\/p>\n<p>\u2018Nes\u00ebr nderojm\u00eb Martin Canin. Dit\u00ebn e mart\u00eb n\u00eb ora 17:00, Shqip\u00ebria marshon n\u00eb Tiran\u00eb, Tirana e qytetar\u00ebve. Betej\u00eb, betej\u00eb, betej\u00eb\u2019, theksoi Berisha n\u00eb fund t\u00eb fjal\u00ebs s\u00eb tij gjat\u00eb protest\u00ebs te \u2018Rruga e Shpres\u00ebs\u2019.<\/p>\n<p><strong>Berisha:<\/strong>\u00a0Edi Rama kthehet nga Londra m\u00eb lakuriq, m\u00eb i turp\u00ebruar, por ska turp, se ai q\u00eb dilte plazheve t\u00eb Europ\u00ebs.<\/p>\n<p>Edi Rama kthehet nga Londra, pasi ka hequr \u00e7do mask\u00eb, pasi ka d\u00ebshmuar q\u00eb \u00ebsht\u00eb i biri i t\u00eb atit, q\u00eb firmoste varjen n\u00eb litar t\u00eb kund\u00ebrshtar\u00ebve politik\u00eb, ekzekutimin e tyre, pavar\u00ebsisht nuk kishin asnj\u00eb faj.<\/p>\n<p>T\u00eb dashur miq!<\/p>\n<p>Protesta e sotme n\u00eb Lond\u00ebr \u00ebsht\u00eb\u00a0 nj\u00eb thirrje p\u00ebr t\u00eb gjith\u00eb shqiptar\u00ebt, t\u00eb ngrihemi n\u00eb lart\u00ebsin\u00eb e guximit ton\u00eb.<\/p>\n<p>N\u00eb lart\u00ebsin\u00eb e burr\u00ebris\u00eb t\u00eb atyre q\u00eb n\u00eb mes t\u00eb Londr\u00ebs jan\u00eb nxin\u00eb\u00a0 fytyr\u00ebn Edi Ram\u00ebs dhe p\u00ebrfaq\u00ebsuan ne me dinjitetin m\u00eb t\u00eb lart\u00eb.<\/p>\n<p>Dit\u00ebn e mart\u00eb n\u00eb ora 17:00, Shqip\u00ebria marshon n\u00eb Tiran\u00eb, Tirana e qytetar\u00ebve.<\/p>\n<p>Betej\u00eb, betej\u00eb, betej\u00eb.<\/p>\n<p>Nes\u00ebr nderime n\u00eb vendin ku xhelat\u00ebt n\u00eb gjirin e shkoll\u00ebs, n\u00eb krah\u00ebt e shkoll\u00ebs, i mor\u00ebn jet\u00ebn, e vran\u00eb publikisht engj\u00ebllin, yllin Martin Cani.<\/p>\n<p>P\u00ebr kujtimin e tij, dhe kund\u00ebr k\u00ebsaj bande kriminel\u00ebsh q\u00eb nuk ua ndjen p\u00ebr asgj\u00eb, p\u00ebrve\u00e7 se interesave t\u00eb tyre kriminale.<\/p>\n<p>\u00cbsht\u00eb radha jon\u00eb, \u00ebsht\u00eb radha jon\u00eb, \u00ebsht\u00eb radha jon\u00eb.<\/p>\n<p>Fitore, fitore, fitore!<\/p>\n","protected":false},"excerpt":{"rendered":"<p>Kryetari i Partis\u00eb Demokratike, Sali Berisha ka b\u00ebr\u00eb thirrje q\u00eb dit\u00ebn e nes\u00ebrme qytetar\u00ebt t\u00eb dalin n\u00eb nderim t\u00eb 14-vje\u00e7arit t\u00eb ndjer\u00eb, Martin Cani, i cili u vra me thik\u00eb n\u00eb der\u00eb t\u00eb Shkoll\u00ebs \u2018Fan Noli\u2019. \u2018Nes\u00ebr nderojm\u00eb Martin Canin. Dit\u00ebn e mart\u00eb n\u00eb ora 17:00, Shqip\u00ebria marshon n\u00eb Tiran\u00eb, Tirana e qytetar\u00ebve. Betej\u00eb, betej\u00eb, &hellip;<\/p>\n","protected":false},"author":4,"featured_media":82610,"comment_status":"closed","ping_status":"closed","sticky":false,"template":"","format":"standard","meta":{"footnotes":""},"categories":[37],"tags":[],"class_list":["post-96465","post","type-post","status-publish","format-standard","has-post-thumbnail","","category-politike"],"_links":{"self":[{"href":"https:\/\/rdnews.al\/index.php\/wp-json\/wp\/v2\/posts\/96465","targetHints":{"allow":["GET"]}}],"collection":[{"href":"https:\/\/rdnews.al\/index.php\/wp-json\/wp\/v2\/posts"}],"about":[{"href":"https:\/\/rdnews.al\/index.php\/wp-json\/wp\/v2\/types\/post"}],"author":[{"embeddable":true,"href":"https:\/\/rdnews.al\/index.php\/wp-json\/wp\/v2\/users\/4"}],"replies":[{"embeddable":true,"href":"https:\/\/rdnews.al\/index.php\/wp-json\/wp\/v2\/comments?post=96465"}],"version-history":[{"count":1,"href":"https:\/\/rdnews.al\/index.php\/wp-json\/wp\/v2\/posts\/96465\/revisions"}],"predecessor-version":[{"id":96466,"href":"https:\/\/rdnews.al\/index.php\/wp-json\/wp\/v2\/posts\/96465\/revisions\/96466"}],"wp:featuredmedia":[{"embeddable":true,"href":"https:\/\/rdnews.al\/index.php\/wp-json\/wp\/v2\/media\/82610"}],"wp:attachment":[{"href":"https:\/\/rdnews.al\/index.php\/wp-json\/wp\/v2\/media?parent=96465"}],"wp:term":[{"taxonomy":"category","embeddable":true,"href":"https:\/\/rdnews.al\/index.php\/wp-json\/wp\/v2\/categories?post=96465"},{"taxonomy":"post_tag","embeddable":true,"href":"https:\/\/rdnews.al\/index.php\/wp-json\/wp\/v2\/tags?post=96465"}],"curies":[{"name":"wp","href":"https:\/\/api.w.org\/{rel}","templated":true}]}}