{"id":96467,"date":"2024-11-24T20:24:41","date_gmt":"2024-11-24T20:24:41","guid":{"rendered":"https:\/\/rdnews.al\/?p=96467"},"modified":"2024-11-24T20:28:40","modified_gmt":"2024-11-24T20:28:40","slug":"mediat-italiane-kampi-i-gjadrit-mund-te-kthehet-ne-nje-burg-per-shqiptaret","status":"publish","type":"post","link":"https:\/\/rdnews.al\/index.php\/2024\/11\/24\/mediat-italiane-kampi-i-gjadrit-mund-te-kthehet-ne-nje-burg-per-shqiptaret\/","title":{"rendered":"Mediat italiane: Kampi i Gjadrit mund t\u00eb kthehet n\u00eb nj\u00eb burg p\u00ebr shqiptar\u00ebt"},"content":{"rendered":"<p>Mediat italiane i ka kushtuar mjaft v\u00ebmendje dit\u00ebt e fundit boshatisjes s\u00eb kampit t\u00eb Gjadrit dhe atij t\u00eb portit t\u00eb Sh\u00ebngjinit nga administrata italiane. Goditjet q\u00eb i dhan\u00eb gjykatat italiane marr\u00ebveshjes Rama \u2013 Meloni kan\u00eb b\u00ebr\u00eb q\u00eb pas dy d\u00ebrgesave t\u00eb para t\u00eb emigrant\u00ebve, qeveria e Rom\u00ebs ka vendosur t\u00eb b\u00ebj\u00eb nj\u00eb hap pas. P\u00ebr momentin nuk do t\u00eb ket\u00eb d\u00ebrgesa t\u00eb reja emigrant\u00ebsh derisa t\u00eb shprehet Gjykata Europiane e Drejt\u00ebsis\u00eb.<\/p>\n<p>Gazeta italiane \u201cIl Tempo\u201d raporton se qeveria e Giordia Melonit \u00ebsht\u00eb duke menduar q\u00eb tani nj\u00eb \u201cplan B\u201d p\u00ebr t\u00eb justifikuar shpenzimet p\u00ebr ngritjen e qendrave. Sipas saj n\u00eb qeverin\u00eb italiane \u00ebsht\u00eb duke u diskutuar mund\u00ebsia q\u00eb kampi i Gjadrit t\u00eb kthehet n\u00eb nj\u00eb burg ku do t\u00eb d\u00ebrgohen shqiptar\u00ebt q\u00eb vuajn\u00eb d\u00ebnimet e tyre n\u00eb burgjet italiane.<\/p>\n<p>N\u00eb k\u00ebt\u00eb m\u00ebnyr\u00eb sipas gazet\u00ebs qeveria italiane shpreson t\u00eb leht\u00ebsoj\u00eb mbingarkes\u00ebn n\u00eb burgjet italiane q\u00eb tashm\u00eb jan\u00eb n\u00eb 130% t\u00eb tyre si dhe t\u00eb reduktoj\u00eb kostot q\u00eb ka p\u00ebr mbajtjen e k\u00ebtyre t\u00eb burgosurve. Sipas t\u00eb nj\u00ebjtave burime jan\u00eb rreth 2800 t\u00eb d\u00ebnuar shqiptar\u00eb q\u00eb q\u00ebndrojn\u00eb n\u00eb burgjet italiane. N\u00eb shkrim flitet gjer\u00ebsisht p\u00ebr bashk\u00ebpunimin n\u00eb rritje t\u00eb autoriteteve shqiptare dhe atyre italiane n\u00eb fush\u00ebn e drejt\u00ebsis\u00eb.<\/p>\n<p>\u201cNisur nga ky bashk\u00ebpunim, bisedime t\u00eb vazhdueshme konfidenciale po b\u00ebhen lidhur me hipotez\u00ebn e rizhvillimit t\u00eb qendrave p\u00ebr emigrant\u00ebt n\u00eb burgje, n\u00eb m\u00ebnyr\u00eb q\u00eb t\u00eb leht\u00ebsohet sistemi yn\u00eb penitenciar, i cili \u00ebsht\u00eb gjithnj\u00eb e m\u00eb i mbushur me njer\u00ebz dhe m\u00eb pak i menaxhuesh\u00ebm.<\/p>\n<p>Ideja bazohet n\u00eb nj\u00eb protokoll efektiv tashm\u00eb n\u00eb p\u00ebrdorim q\u00eb nga koha e kryeministrave Fatos Nano dhe Silvio Berlusconi, p\u00ebr t\u00eb mos p\u00ebrmendur q\u00eb Italia dhe Shqip\u00ebria jan\u00eb p\u00ebrfshir\u00eb prej vitesh n\u00eb marr\u00ebveshje ministrore dhe n\u00eb departamentin e burgjeve, aq sa Italia n\u00eb t\u00eb shkuar\u00ebn ka financuar nd\u00ebrtimin e dy burgjeve n\u00eb Shqip\u00ebri\u201d \u2013 thuhet nd\u00ebr t\u00eb tjera n\u00eb shkrim.<\/p>\n<p><span style=\"font-style: inherit; font-weight: inherit;\">\u201cP\u00ebrball\u00eb mbipopullimit t\u00eb burgjeve italiane, q\u00eb e kalon 130% dhe me gjithnj\u00eb e m\u00eb shum\u00eb vet\u00ebvrasje t\u00eb t\u00eb burgosurve kan\u00eb dal\u00eb propozimet p\u00ebr t\u00eb p\u00ebrdorur zon\u00ebn e Lezh\u00ebs, n\u00eb veri t\u00eb qytetit t\u00eb dy shqiponjave, p\u00ebr t\u00eb burgosurit shqiptar\u00eb t\u00eb d\u00ebnuar n\u00eb Itali\u201d \u2013 citon shkrimi.<br \/>\nNd\u00ebrsa p\u00ebr nd\u00ebrtesat e ngritura n\u00eb Portin e Sh\u00ebngjinit thuhet se ato mund t\u00eb vijojn\u00eb t\u00eb p\u00ebrdoren p\u00ebr t\u00eb pritur emigrant\u00eb q\u00eb kapen p\u00ebrgjat\u00eb rrug\u00ebs ballkanike, n\u00eb bashk\u00ebpunim me Bashkimin Evropian.<\/span><\/p>\n<p>\u201cK\u00ebto nd\u00ebrhyrje do t\u00eb p\u00ebrfaq\u00ebsonin nj\u00eb \u201cwin-win\u201d p\u00ebr t\u00eb dy vendet n\u00eb an\u00ebt e kund\u00ebrta t\u00eb Adriatikut. Autoritetet shqiptare do t\u00eb donin gjithashtu t\u00eb shfryt\u00ebzonin k\u00ebt\u00eb mund\u00ebsi p\u00ebr t\u2019u pozicionuar n\u00eb qend\u00ebr t\u00eb v\u00ebmendjes evropiane, ndoshta n\u00eb funksion t\u00eb procesit t\u00eb an\u00ebtar\u00ebsimit n\u00eb BE\u201d \u2013 citon shkrimi.<\/p>\n<p>Marr\u00ebveshja e n\u00ebnshkruar vitin e kaluar midis Rom\u00ebs dhe Tiran\u00ebs parashikonte q\u00eb Shqip\u00ebria t\u00eb priste deri n\u00eb 3 mij\u00eb emigrant\u00eb n\u00eb vit me nj\u00eb kosto prej t\u00eb pakt\u00ebn 670 milion\u00eb euro p\u00ebr 5 vjet. \u201cTani Italia po p\u00ebrpiqet t\u00eb korrigjojm\u00eb situat\u00ebn, duke parandaluar q\u00eb nj\u00eb projekt ambicioz dhe i guximsh\u00ebm t\u00eb kthehet n\u00eb nj\u00eb Titanik politik\u201d \u2013 shkruan \u201cIl Tempo\u201d.<\/p>\n","protected":false},"excerpt":{"rendered":"<p>Mediat italiane i ka kushtuar mjaft v\u00ebmendje dit\u00ebt e fundit boshatisjes s\u00eb kampit t\u00eb Gjadrit dhe atij t\u00eb portit t\u00eb Sh\u00ebngjinit nga administrata italiane. Goditjet q\u00eb i dhan\u00eb gjykatat italiane marr\u00ebveshjes Rama \u2013 Meloni kan\u00eb b\u00ebr\u00eb q\u00eb pas dy d\u00ebrgesave t\u00eb para t\u00eb emigrant\u00ebve, qeveria e Rom\u00ebs ka vendosur t\u00eb b\u00ebj\u00eb nj\u00eb hap pas. P\u00ebr &hellip;<\/p>\n","protected":false},"author":4,"featured_media":96468,"comment_status":"closed","ping_status":"closed","sticky":false,"template":"","format":"standard","meta":{"footnotes":""},"categories":[37],"tags":[],"class_list":["post-96467","post","type-post","status-publish","format-standard","has-post-thumbnail","","category-politike"],"_links":{"self":[{"href":"https:\/\/rdnews.al\/index.php\/wp-json\/wp\/v2\/posts\/96467","targetHints":{"allow":["GET"]}}],"collection":[{"href":"https:\/\/rdnews.al\/index.php\/wp-json\/wp\/v2\/posts"}],"about":[{"href":"https:\/\/rdnews.al\/index.php\/wp-json\/wp\/v2\/types\/post"}],"author":[{"embeddable":true,"href":"https:\/\/rdnews.al\/index.php\/wp-json\/wp\/v2\/users\/4"}],"replies":[{"embeddable":true,"href":"https:\/\/rdnews.al\/index.php\/wp-json\/wp\/v2\/comments?post=96467"}],"version-history":[{"count":4,"href":"https:\/\/rdnews.al\/index.php\/wp-json\/wp\/v2\/posts\/96467\/revisions"}],"predecessor-version":[{"id":96472,"href":"https:\/\/rdnews.al\/index.php\/wp-json\/wp\/v2\/posts\/96467\/revisions\/96472"}],"wp:featuredmedia":[{"embeddable":true,"href":"https:\/\/rdnews.al\/index.php\/wp-json\/wp\/v2\/media\/96468"}],"wp:attachment":[{"href":"https:\/\/rdnews.al\/index.php\/wp-json\/wp\/v2\/media?parent=96467"}],"wp:term":[{"taxonomy":"category","embeddable":true,"href":"https:\/\/rdnews.al\/index.php\/wp-json\/wp\/v2\/categories?post=96467"},{"taxonomy":"post_tag","embeddable":true,"href":"https:\/\/rdnews.al\/index.php\/wp-json\/wp\/v2\/tags?post=96467"}],"curies":[{"name":"wp","href":"https:\/\/api.w.org\/{rel}","templated":true}]}}