{"id":96541,"date":"2024-11-25T12:09:15","date_gmt":"2024-11-25T12:09:15","guid":{"rendered":"https:\/\/rdnews.al\/?p=96541"},"modified":"2024-11-25T12:09:15","modified_gmt":"2024-11-25T12:09:15","slug":"pranohet-padia-e-kryetarit-te-pd-sali-berisha-gjykata-e-strasburgut-do-trajtohet-si-ceshtje-me-perparesi","status":"publish","type":"post","link":"https:\/\/rdnews.al\/index.php\/2024\/11\/25\/pranohet-padia-e-kryetarit-te-pd-sali-berisha-gjykata-e-strasburgut-do-trajtohet-si-ceshtje-me-perparesi\/","title":{"rendered":"Pranohet padia e kryetarit t\u00eb PD, Sali Berisha, Gjykata e Strasburgut: Do trajtohet si \u00e7\u00ebshtje me p\u00ebrpar\u00ebsi"},"content":{"rendered":"<p>Gjykata e Strasburgut ka pranuar padin\u00eb e kryetarit t\u00eb PD-s\u00eb, Sali Berisha kund\u00ebr vendimit t\u00eb SPAK p\u00ebr mas\u00ebn e siguris\u00eb, \u2018arrest sht\u00ebpie\u2019.<\/p>\n<p>Pas pranimit t\u00eb padis\u00eb, Gjykata e Strasburgut ka vendosur ta kaloj\u00eb \u00e7\u00ebshtjen me p\u00ebrpar\u00ebsi, p\u00ebr vet\u00eb r\u00ebnd\u00ebsin\u00eb q\u00eb paraqet kjo \u00e7\u00ebshtje p\u00ebr demokracin\u00eb dhe Shqip\u00ebrin\u00eb.<\/p>\n<p><strong>OBJEKTI I \u00c7\u00cbSHTJES<\/strong><\/p>\n<p><em>\u00c7\u00ebshtja ka t\u00eb b\u00ebj\u00eb me k\u00ebrkes\u00ebn e k\u00ebrkuesit p\u00ebr rishikim gjyq\u00ebsor t\u00eb arrestit t\u00eb tij sht\u00ebpiak me dyshimin p\u00ebr kryerjen e nj\u00eb vepre penale dhe nd\u00ebrhyrjen si pasoj\u00eb n\u00eb pun\u00ebn e nj\u00eb deputeti t\u00eb Kuvendit.<\/em><\/p>\n<p><em>Aplikanti \u00ebsht\u00eb nj\u00eb politikan i shquar n\u00eb vend, ish-president dhe kryeminist\u00ebr, deputet aktual i Parlamentit dhe lider i partis\u00eb kryesore opozitare.<\/em><\/p>\n<p><em>M\u00eb 20 tetor 2023, Gjykata e Shkall\u00ebs s\u00eb Par\u00eb kund\u00ebr Korrupsionit dhe Krimit t\u00eb Organizuar (\u201cgjykata e shkall\u00ebs s\u00eb par\u00eb\u201d), pas k\u00ebrkes\u00ebs s\u00eb Prokuroris\u00eb Speciale (\u201cprokurori\u201d), vendosi ndaj k\u00ebrkuesit si mas\u00eb sigurie k\u00ebrkes\u00ebn t\u00eb raportonte rregullisht n\u00eb polici dhe t\u00eb ndalonte daljen nga vendi. Masat e siguris\u00eb jan\u00eb vendosur n\u00eb lidhje me dyshimin e kryerjes s\u00eb vepr\u00ebs penale t\u00eb marrjes s\u00eb ryshfetit. M\u00eb 12 dhjetor 2023, meqen\u00ebse k\u00ebrkuesi nuk ishte paraqitur n\u00eb polici, prokurori k\u00ebrkoi autorizimin e Parlamentit p\u00ebr nj\u00eb mas\u00eb sigurie m\u00eb t\u00eb ashp\u00ebr.<\/em><\/p>\n<p><em>M\u00eb 21 dhjetor 2023 Parlamenti dha autorizimin. M\u00eb 30 dhjetor 2023, gjykata e shkall\u00ebs s\u00eb par\u00eb urdh\u00ebroi k\u00ebrkuesin arrest sht\u00ebpiak, me arsyetimin se k\u00ebrkuesi nuk kishte respektuar mas\u00ebn e m\u00ebparshme t\u00eb siguris\u00eb t\u00eb vendosur ndaj tij, s\u00eb bashku me ekzistenc\u00ebn e nj\u00eb dyshimi t\u00eb arsyesh\u00ebm, rreziqet e arratisjes dhe ngat\u00ebrres\u00ebs. d\u00ebshmi.<\/em><\/p>\n<p><em>Ai vendim u la n\u00eb fuqi nga Gjykata Speciale e Apelit p\u00ebr Korrupsion dhe Krim t\u00eb Organizuar (\u201cGjykata e Apelit\u201d) dhe Gjykata e Lart\u00eb. M\u00eb 9 prill 2024, Gjykata e Lart\u00eb rr\u00ebzoi ankimin e k\u00ebrkuesit p\u00ebr \u00e7\u00ebshtjet ligjore. K\u00ebrkuesi u ankua m\u00eb tej, dhe k\u00ebto procedura jan\u00eb n\u00eb pritje n\u00eb Gjykat\u00ebn Kushtetuese.<\/em><\/p>\n<p><em>K\u00ebrkuesi paraqiti disa k\u00ebrkesa p\u00ebr rishikim ose revokimin e arrestit t\u00eb tij sht\u00ebpiak, t\u00eb cilat t\u00eb gjitha u hodh\u00ebn posht\u00eb. M\u00eb 11 shtator 2024, k\u00ebrkuesi u akuzua p\u00ebr korrupsion pasiv (marrje ryshfeti) t\u00eb kryer nga nj\u00eb zyrtar i lart\u00eb shtet\u00ebror n\u00eb bashk\u00ebpunim me t\u00eb tjer\u00ebt. M\u00eb 13 shtator 2024, Gjykata e Apelit rr\u00ebzoi k\u00ebrkes\u00ebn e fundit t\u00eb k\u00ebrkuesit p\u00ebr rishikimin e masave t\u00eb siguris\u00eb.<\/em><\/p>\n<p><em>Q\u00eb nga 30 dhjetor 2023, aplikanti ka qen\u00eb n\u00eb arrest sht\u00ebpiak.<\/em><\/p>\n<p><em>Duke u mb\u00ebshtetur n\u00eb nenin 5 \u00a7 4 t\u00eb Konvent\u00ebs, k\u00ebrkuesi ngre \u00e7\u00ebshtjet e m\u00ebposhtme n\u00eb lidhje me procedur\u00ebn e rishikimit t\u00eb arrestit t\u00eb tij sht\u00ebpiak:<\/em><\/p>\n<p><em>&#8211; Gjykatat nuk dhan\u00eb baza t\u00eb mjaftueshme p\u00ebr t\u00eb justifikuar privimin e tij t\u00eb vazhduesh\u00ebm nga liria;<\/em><\/p>\n<p><em>&#8211; Gjykata e shkall\u00ebs s\u00eb par\u00eb nuk ishte e paanshme sepse n\u00eb vitin 1996 gjyqtari (i vet\u00ebm) i asaj gjykate ishte shkarkuar nga K\u00ebshilli i Lart\u00eb Gjyq\u00ebsor, t\u00eb cilin k\u00ebrkuesi si President i vendit e kishte drejtuar n\u00eb at\u00eb koh\u00eb;<\/em><\/p>\n<p><em>&#8211; Nuk ka pasur asistenc\u00eb juridike efektive, pasi avokat\u00ebve nuk u \u00ebsht\u00eb l\u00ebn\u00eb koh\u00eb dhe leht\u00ebsira t\u00eb mjaftueshme dhe k\u00ebrkuesi nuk ka mundur t\u00eb takohet me ta;<\/em><\/p>\n<p><em>&#8211; Vendimet nuk jan\u00eb marr\u00eb brenda nj\u00eb afati t\u00eb arsyesh\u00ebm.<\/em><\/p>\n<p><em>Sipas nenit 3 t\u00eb Protokollit nr. 1 t\u00eb Konvent\u00ebs, ai ankohet gjithashtu se arresti i tij sht\u00ebpiak ka qen\u00eb arbitrar dhe i miratuar me q\u00ebllim q\u00eb ta pengoj\u00eb t\u00eb ushtroj\u00eb detyrat e tij si deputet i zgjedhur ligj\u00ebrisht.<\/em><\/p>\n<p><em>PYETJE P\u00cbR PAL\u00cbT<\/em><\/p>\n<ol>\n<li><em> A i shteroi ankuesi mjetet juridike t\u00eb disponueshme n\u00eb legjislacionin e brendsh\u00ebm n\u00eb lidhje me ankesat e tij sipas nenit 5 \u00a7 4 t\u00eb Konvent\u00ebs (shih G.B. dhe t\u00eb tjer\u00ebt kund\u00ebr Turqis\u00eb, nr. 4633\/15, \u00a7\u00a7 163-69, 17 tetor 2019) ? N\u00eb ve\u00e7anti, a \u00ebsht\u00eb nj\u00eb ankes\u00eb individuale n\u00eb Gjykat\u00ebn Kushtetuese nj\u00eb mjet juridik efektiv p\u00ebr t&#8217;u shteruar n\u00eb k\u00ebt\u00eb aspekt (shih \u017d\u00fabor kund\u00ebr Sllovakis\u00eb, nr. 7711\/06, \u00a7\u00a7 71-86, 6 dhjetor 2011, dhe, mutatis mutandis, Hysa v. Shqip\u00ebri, nr. 52048\/16, \u00a7 54, 21 shkurt 2023)? A trajtohen ankesa t\u00eb tilla me shpejt\u00ebsin\u00eb e k\u00ebrkuar si \u00e7\u00ebshtje ligjore dhe\/ose praktike? Pal\u00ebve u k\u00ebrkohet t\u00eb paraqesin kopje t\u00eb vendimeve p\u00ebrkat\u00ebse t\u00eb brendshme t\u00eb nxjerra nga Gjykata Kushtetuese, n\u00ebse ka, duke treguar koh\u00ebzgjatjen e k\u00ebtyre procedurave.<\/em><\/li>\n<li><em> Pa paragjykuar pyetjen 1, a ishte procedura me t\u00eb cil\u00ebn \u00ebsht\u00eb shqyrtuar ligjshm\u00ebria e arrestit sht\u00ebpiak t\u00eb k\u00ebrkuesit n\u00eb p\u00ebrputhje me nenin 5 \u00a7 4 t\u00eb Konvent\u00ebs (shih Idalov kund\u00ebr Rusis\u00eb [GC], nr. 5826\/03, \u00a7 161, 22 maj 2012, Cern\u00e1k kund\u00ebr Sllovakis\u00eb, nr. 78, 17 dhjetor 2013, G.B dhe t\u00eb tjer\u00ebt kund\u00ebr Turqis\u00eb, \u00a7\u00a7 174, 17 tetor 2019; )? N\u00eb ve\u00e7anti:<\/em><\/li>\n<\/ol>\n<p><em>(a) A ishte gjykata e shkall\u00ebs s\u00eb par\u00eb q\u00eb trajtoi \u00e7\u00ebshtjen e aplikantit nj\u00eb gjykat\u00eb e paanshme?<\/em><\/p>\n<p><em>(b) A dhan\u00eb gjykatat vendase arsye adekuate p\u00ebr t\u00eb justifikuar arrestin e tij fillestar dhe at\u00eb t\u00eb vazhduesh\u00ebm n\u00eb sht\u00ebpi?<\/em><\/p>\n<p><em>(c) A g\u00ebzonte k\u00ebrkuesi ndihm\u00eb juridike efektive?<\/em><\/p>\n<p><em>(d) A ishte koh\u00ebzgjatja e procedurave me t\u00eb cilat k\u00ebrkuesi k\u00ebrkoi t\u00eb kund\u00ebrshtonte ligjshm\u00ebrin\u00eb e arrestit t\u00eb tij sht\u00ebpiak me k\u00ebrkes\u00ebn e &#8220;shpejt\u00ebsis\u00eb&#8221; t\u00eb nenit 5 \u00a7 4 t\u00eb Konvent\u00ebs (shih Mooren kund\u00ebr Gjermanis\u00eb [GC], nr. 11364 \/03, \u00a7\u00a7 106-07, 9 korrik 2009)?<\/em><\/p>\n<ol start=\"3\">\n<li><em> a ka pasur shkelje t\u00eb t\u00eb drejtave t\u00eb k\u00ebrkuesit sipas nenit 3 t\u00eb Protokollit nr. 1 t\u00eb Konvent\u00ebs p\u00ebr shkak t\u00eb kufizimeve n\u00eb aktivitetet e tij parlamentare q\u00eb rezultojn\u00eb nga arresti sht\u00ebpiak (shih Selahattin Demirta\u015f kund\u00ebr Turqis\u00eb (nr. 2) [GC ], nr. 14305\/17, \u00a7\u00a7 388-89, 22 dhjetor 2020)?<\/em><\/li>\n<\/ol>\n","protected":false},"excerpt":{"rendered":"<p>Gjykata e Strasburgut ka pranuar padin\u00eb e kryetarit t\u00eb PD-s\u00eb, Sali Berisha kund\u00ebr vendimit t\u00eb SPAK p\u00ebr mas\u00ebn e siguris\u00eb, \u2018arrest sht\u00ebpie\u2019. Pas pranimit t\u00eb padis\u00eb, Gjykata e Strasburgut ka vendosur ta kaloj\u00eb \u00e7\u00ebshtjen me p\u00ebrpar\u00ebsi, p\u00ebr vet\u00eb r\u00ebnd\u00ebsin\u00eb q\u00eb paraqet kjo \u00e7\u00ebshtje p\u00ebr demokracin\u00eb dhe Shqip\u00ebrin\u00eb. OBJEKTI I \u00c7\u00cbSHTJES \u00c7\u00ebshtja ka t\u00eb b\u00ebj\u00eb me &hellip;<\/p>\n","protected":false},"author":4,"featured_media":65348,"comment_status":"closed","ping_status":"closed","sticky":false,"template":"","format":"standard","meta":{"footnotes":""},"categories":[37],"tags":[],"class_list":["post-96541","post","type-post","status-publish","format-standard","has-post-thumbnail","","category-politike"],"_links":{"self":[{"href":"https:\/\/rdnews.al\/index.php\/wp-json\/wp\/v2\/posts\/96541","targetHints":{"allow":["GET"]}}],"collection":[{"href":"https:\/\/rdnews.al\/index.php\/wp-json\/wp\/v2\/posts"}],"about":[{"href":"https:\/\/rdnews.al\/index.php\/wp-json\/wp\/v2\/types\/post"}],"author":[{"embeddable":true,"href":"https:\/\/rdnews.al\/index.php\/wp-json\/wp\/v2\/users\/4"}],"replies":[{"embeddable":true,"href":"https:\/\/rdnews.al\/index.php\/wp-json\/wp\/v2\/comments?post=96541"}],"version-history":[{"count":1,"href":"https:\/\/rdnews.al\/index.php\/wp-json\/wp\/v2\/posts\/96541\/revisions"}],"predecessor-version":[{"id":96542,"href":"https:\/\/rdnews.al\/index.php\/wp-json\/wp\/v2\/posts\/96541\/revisions\/96542"}],"wp:featuredmedia":[{"embeddable":true,"href":"https:\/\/rdnews.al\/index.php\/wp-json\/wp\/v2\/media\/65348"}],"wp:attachment":[{"href":"https:\/\/rdnews.al\/index.php\/wp-json\/wp\/v2\/media?parent=96541"}],"wp:term":[{"taxonomy":"category","embeddable":true,"href":"https:\/\/rdnews.al\/index.php\/wp-json\/wp\/v2\/categories?post=96541"},{"taxonomy":"post_tag","embeddable":true,"href":"https:\/\/rdnews.al\/index.php\/wp-json\/wp\/v2\/tags?post=96541"}],"curies":[{"name":"wp","href":"https:\/\/api.w.org\/{rel}","templated":true}]}}