{"id":96543,"date":"2024-11-25T12:15:27","date_gmt":"2024-11-25T12:15:27","guid":{"rendered":"https:\/\/rdnews.al\/?p=96543"},"modified":"2024-11-25T12:15:48","modified_gmt":"2024-11-25T12:15:48","slug":"berisha-vendimi-nga-gjykata-kushtetuese-ishte-i-paracaktuar-gjykata-eshte-e-kontrolluar","status":"publish","type":"post","link":"https:\/\/rdnews.al\/index.php\/2024\/11\/25\/berisha-vendimi-nga-gjykata-kushtetuese-ishte-i-paracaktuar-gjykata-eshte-e-kontrolluar\/","title":{"rendered":"Berisha: Vendimi\u00a0nga Gjykata Kushtetuese\u00a0ishte i paracaktuar, gjykata \u00ebsht\u00eb e kontrolluar"},"content":{"rendered":"<p>Kryetari i Partis\u00eb Demokratike, Sali Berisha,\u00a0theksoi se kishte pasur informacione q\u00eb tregonin se\u00a0vendimi\u00a0nga Gjykata Kushtetuese\u00a0ishte i paracaktuar dhe se gjykata ishte e kontrolluar. Berisha e akuzoi gjykat\u00ebn p\u00ebr injorimin e nj\u00eb t\u00eb drejte jetike t\u00eb deputet\u00ebve dhe p\u00ebr shkeljen e Kushtetut\u00ebs, duke e quajtur vendimin nj\u00eb d\u00ebm t\u00eb madh p\u00ebr rendin kushtetues. Ai theksoi se ky akt i gjykat\u00ebs ishte nj\u00eb goditje p\u00ebr demokracin\u00eb dhe p\u00ebr t\u00eb drejtat e qytetar\u00ebve.<br \/>\n\u201cJu mund t\u00eb mendoni se un\u00eb prisja nj\u00eb vendim tjet\u00ebr prej tyre?<br \/>\nJo, absolutisht.<br \/>\nKam nj\u00eb prov\u00eb, nj\u00eb fakt k\u00ebtu.<br \/>\nUn\u00eb mora vesh dy jav\u00eb m\u00eb par\u00eb se Ulsiu me Damian Gjiknurin dhe nj\u00eb biznesmen, n\u00eb nj\u00eb kafene tek Kodra e Diellit, Ulsiu e g\u00ebzoi Damianin duke i th\u00ebn\u00eb se Rama na garanton se Berisha do mbetet n\u00eb arrest, nuk hiqet arresti nga gjykata.<br \/>\nN\u00eb qoft\u00eb se un\u00eb kisha dyshimin m\u00eb t\u00eb vog\u00ebl se gjykata do merrte nj\u00eb vendim tjet\u00ebr, un\u00eb do i denoncoja k\u00ebta.<br \/>\nPor un\u00eb isha i sigurt se gjykata nuk mund t\u00eb merrte vendim tjet\u00ebr. Ajo \u00ebsht\u00eb e kontrolluar dhe ata jan\u00eb mjeran\u00eb sepse me aktin e tyre antikushtetues shkelmuan n\u00eb m\u00ebnyr\u00eb fatale Gjykat\u00ebn Kushtetuese kur mohuan, nuk njoh\u00ebn t\u00eb drejt\u00ebn e nj\u00eb t\u00eb pest\u00ebs s\u00eb deputet\u00ebve t\u00eb parlamentit, e drejt\u00eb e sanksionuar n\u00eb m\u00ebnyr\u00eb t\u00eb pakusht\u00ebzuar nga Kushtetuta, p\u00ebr t\u2019u ankuar pran\u00eb k\u00ebsaj gjykate, ajo gjykat\u00eb nuk e meriton m\u00eb t\u00eb ekzistoj\u00eb.<br \/>\nAjo gjykat\u00eb shum\u00ebzoi veten me zero, asgj\u00ebsoi veten dhe i b\u00ebri rendit kushtetues d\u00ebnimin m\u00eb t\u00eb madh n\u00eb historin\u00eb 32-vje\u00e7are t\u00eb parlamentit.<br \/>\nSepse ajo e drejt\u00eb e pakusht\u00ebzuar iu \u00ebsht\u00eb dh\u00ebn\u00eb 28 deputet\u00ebve, q\u00eb n\u00eb rast se shumica kryen akte antikushtetuese, antikomb\u00ebtare, anti me radh\u00eb, dikush t\u00eb ket\u00eb t\u00eb drejt\u00eb, para se t\u00eb nd\u00ebrmarr\u00eb skenar\u00eb t\u00eb tjer\u00eb, t\u2019i drejtohet Gjykat\u00ebs Kushtetuese p\u00ebr aktet e kryera.<br \/>\nN\u00eb verb\u00ebri t\u00eb plot\u00eb, k\u00ebta gjykat\u00ebs skllev\u00ebr, pa dinjitet, pa nder, pa moral ligjor, shkelmuan Kushtetut\u00ebn dhe ia hoq\u00ebn k\u00ebt\u00eb t\u00eb drejt\u00eb vet\u00ebm se n\u00eb rastin konkret, ajo lidhej me Sali Berish\u00ebn.<br \/>\nBesoj se e b\u00ebra t\u00eb qart\u00eb.<br \/>\nAta shkelmuan nj\u00eb t\u00eb drejt\u00eb jetike p\u00ebr vendin, jetike p\u00ebr rendin kushtetues.<br \/>\nNuk legjitimuan at\u00eb q\u00eb Kushtetuta e legjitimon pa kushte dhe n\u00eb m\u00ebnyr\u00eb taksative, vet\u00ebm se n\u00eb at\u00eb rast, ajo lidhej me Sali Berish\u00ebn.<br \/>\nNuk mund t\u00eb prisja asnj\u00eb gj\u00eb tjet\u00ebr nga t\u00eb ashtuquajtur gjykat\u00ebs q\u00eb shkelmojn\u00eb n\u00eb k\u00ebt\u00eb m\u00ebnyr\u00eb mbi veten e tyre, mbi gjykat\u00ebn\u201d, tha Berisha.<\/p>\n","protected":false},"excerpt":{"rendered":"<p>Kryetari i Partis\u00eb Demokratike, Sali Berisha,\u00a0theksoi se kishte pasur informacione q\u00eb tregonin se\u00a0vendimi\u00a0nga Gjykata Kushtetuese\u00a0ishte i paracaktuar dhe se gjykata ishte e kontrolluar. Berisha e akuzoi gjykat\u00ebn p\u00ebr injorimin e nj\u00eb t\u00eb drejte jetike t\u00eb deputet\u00ebve dhe p\u00ebr shkeljen e Kushtetut\u00ebs, duke e quajtur vendimin nj\u00eb d\u00ebm t\u00eb madh p\u00ebr rendin kushtetues. Ai theksoi se &hellip;<\/p>\n","protected":false},"author":4,"featured_media":96545,"comment_status":"closed","ping_status":"closed","sticky":false,"template":"","format":"standard","meta":{"footnotes":""},"categories":[37],"tags":[],"class_list":["post-96543","post","type-post","status-publish","format-standard","has-post-thumbnail","","category-politike"],"_links":{"self":[{"href":"https:\/\/rdnews.al\/index.php\/wp-json\/wp\/v2\/posts\/96543","targetHints":{"allow":["GET"]}}],"collection":[{"href":"https:\/\/rdnews.al\/index.php\/wp-json\/wp\/v2\/posts"}],"about":[{"href":"https:\/\/rdnews.al\/index.php\/wp-json\/wp\/v2\/types\/post"}],"author":[{"embeddable":true,"href":"https:\/\/rdnews.al\/index.php\/wp-json\/wp\/v2\/users\/4"}],"replies":[{"embeddable":true,"href":"https:\/\/rdnews.al\/index.php\/wp-json\/wp\/v2\/comments?post=96543"}],"version-history":[{"count":1,"href":"https:\/\/rdnews.al\/index.php\/wp-json\/wp\/v2\/posts\/96543\/revisions"}],"predecessor-version":[{"id":96544,"href":"https:\/\/rdnews.al\/index.php\/wp-json\/wp\/v2\/posts\/96543\/revisions\/96544"}],"wp:featuredmedia":[{"embeddable":true,"href":"https:\/\/rdnews.al\/index.php\/wp-json\/wp\/v2\/media\/96545"}],"wp:attachment":[{"href":"https:\/\/rdnews.al\/index.php\/wp-json\/wp\/v2\/media?parent=96543"}],"wp:term":[{"taxonomy":"category","embeddable":true,"href":"https:\/\/rdnews.al\/index.php\/wp-json\/wp\/v2\/categories?post=96543"},{"taxonomy":"post_tag","embeddable":true,"href":"https:\/\/rdnews.al\/index.php\/wp-json\/wp\/v2\/tags?post=96543"}],"curies":[{"name":"wp","href":"https:\/\/api.w.org\/{rel}","templated":true}]}}