{"id":96596,"date":"2024-11-25T17:46:22","date_gmt":"2024-11-25T17:46:22","guid":{"rendered":"https:\/\/rdnews.al\/?p=96596"},"modified":"2024-11-25T17:46:22","modified_gmt":"2024-11-25T17:46:22","slug":"protesta-per-martinin-aktori-kjo-eshte-fatkeqesia-me-e-madhe-mjaft-me","status":"publish","type":"post","link":"https:\/\/rdnews.al\/index.php\/2024\/11\/25\/protesta-per-martinin-aktori-kjo-eshte-fatkeqesia-me-e-madhe-mjaft-me\/","title":{"rendered":"Protesta p\u00ebr Martinin, aktori: Kjo \u00ebsht\u00eb fatkeq\u00ebsia m\u00eb e madhe! Mjaft m\u00eb!"},"content":{"rendered":"<p>N\u00eb protest\u00ebn q\u00eb po zhvillohet sot p\u00ebrball\u00eb Ministris\u00eb s\u00eb Arsimit, aktori i njohur Florjan Binaj ka b\u00ebr\u00eb nj\u00eb thirrje t\u00eb fuqishme drejtuar drejtuesve t\u00eb emisioneve televizive, p\u00ebrfshir\u00eb Blendi Fevziun, Eni Vasilin dhe Grida Dum\u00ebn, duke k\u00ebrkuar q\u00eb t\u00eb ftohen m\u00eb shum\u00eb p\u00ebrfaq\u00ebsues t\u00eb shoq\u00ebris\u00eb, si prind\u00ebr, m\u00ebsues dhe nx\u00ebn\u00ebs, n\u00eb programet e tyre.<\/p>\n<p>\u201cMjaft m\u00eb me t\u00eb nj\u00ebjtat figura, analist\u00eb q\u00eb ftohen nat\u00eb p\u00ebr nat\u00eb. N\u00ebse ju dhimbsen me t\u00eb v\u00ebrtet\u00eb, ftoni prind\u00ebrit, m\u00ebsuesit dhe nx\u00ebn\u00ebsit, sepse ata jan\u00eb ata q\u00eb po i l\u00ebm\u00eb pas dore\u201d.<\/p>\n<p>Ai gjithashtu theksoi se \u00ebsht\u00eb e natyrshme q\u00eb f\u00ebmij\u00ebt t\u00eb jen\u00eb t\u00eb dhunuar kur u ofrohet vet\u00ebm TikTok-u si mund\u00ebsi p\u00ebr t\u2019u shprehur.<\/p>\n<p>\u201cU b\u00ebj thirrje t\u00eb gjith\u00eb k\u00ebtyre drejtuesve t\u00eb emisioneve, Blendi Fevziut, Eni Vasilit, Grida Dum\u00ebs, t\u00eb gjith\u00eb ata q\u00eb b\u00ebjn\u00eb emisione nat\u00eb p\u00ebr nat\u00eb, ftoni prind\u00ebr, ftoni nx\u00ebn\u00ebs, ftoni m\u00ebsues. Mjaft m\u00eb me t\u00eb nj\u00ebjtat figura, analist\u00eb q\u00eb ftohen nat\u00eb pas nate. N\u00ebse ju dhimbsen me t\u00eb v\u00ebrtet\u00eb, ftoni prind\u00ebrit, m\u00ebsuesit, nx\u00ebn\u00ebsit, sepse ata jan\u00eb mosha m\u00eb e l\u00ebn\u00eb pas dore. \u00cbsht\u00eb normale q\u00eb f\u00ebmij\u00ebt t\u00eb jen\u00eb t\u00eb dhunuar, sepse ne u kemi dh\u00ebn\u00eb vet\u00ebm TikTok-un, kjo \u00ebsht\u00eb fatkeq\u00ebsia m\u00eb e madhe.<\/p>\n<p>Duhet t\u00eb b\u00ebhet nj\u00eb ligj, ndoshta t\u00eb marr\u00eb edhe emrin e Martinit, dhe t\u00eb frenohet kjo \u00e7menduri kolektive, q\u00eb t\u00eb kemi sa m\u00eb shum\u00eb shembuj p\u00ebr tu krenuar dhe jo heronj t\u00eb heshtur p\u00ebr tu vajtuar\u201d, tha Binaj.<\/p>\n","protected":false},"excerpt":{"rendered":"<p>N\u00eb protest\u00ebn q\u00eb po zhvillohet sot p\u00ebrball\u00eb Ministris\u00eb s\u00eb Arsimit, aktori i njohur Florjan Binaj ka b\u00ebr\u00eb nj\u00eb thirrje t\u00eb fuqishme drejtuar drejtuesve t\u00eb emisioneve televizive, p\u00ebrfshir\u00eb Blendi Fevziun, Eni Vasilin dhe Grida Dum\u00ebn, duke k\u00ebrkuar q\u00eb t\u00eb ftohen m\u00eb shum\u00eb p\u00ebrfaq\u00ebsues t\u00eb shoq\u00ebris\u00eb, si prind\u00ebr, m\u00ebsues dhe nx\u00ebn\u00ebs, n\u00eb programet e tyre. \u201cMjaft m\u00eb &hellip;<\/p>\n","protected":false},"author":4,"featured_media":96068,"comment_status":"closed","ping_status":"closed","sticky":false,"template":"","format":"standard","meta":{"footnotes":""},"categories":[37],"tags":[],"class_list":["post-96596","post","type-post","status-publish","format-standard","has-post-thumbnail","","category-politike"],"_links":{"self":[{"href":"https:\/\/rdnews.al\/index.php\/wp-json\/wp\/v2\/posts\/96596","targetHints":{"allow":["GET"]}}],"collection":[{"href":"https:\/\/rdnews.al\/index.php\/wp-json\/wp\/v2\/posts"}],"about":[{"href":"https:\/\/rdnews.al\/index.php\/wp-json\/wp\/v2\/types\/post"}],"author":[{"embeddable":true,"href":"https:\/\/rdnews.al\/index.php\/wp-json\/wp\/v2\/users\/4"}],"replies":[{"embeddable":true,"href":"https:\/\/rdnews.al\/index.php\/wp-json\/wp\/v2\/comments?post=96596"}],"version-history":[{"count":1,"href":"https:\/\/rdnews.al\/index.php\/wp-json\/wp\/v2\/posts\/96596\/revisions"}],"predecessor-version":[{"id":96597,"href":"https:\/\/rdnews.al\/index.php\/wp-json\/wp\/v2\/posts\/96596\/revisions\/96597"}],"wp:featuredmedia":[{"embeddable":true,"href":"https:\/\/rdnews.al\/index.php\/wp-json\/wp\/v2\/media\/96068"}],"wp:attachment":[{"href":"https:\/\/rdnews.al\/index.php\/wp-json\/wp\/v2\/media?parent=96596"}],"wp:term":[{"taxonomy":"category","embeddable":true,"href":"https:\/\/rdnews.al\/index.php\/wp-json\/wp\/v2\/categories?post=96596"},{"taxonomy":"post_tag","embeddable":true,"href":"https:\/\/rdnews.al\/index.php\/wp-json\/wp\/v2\/tags?post=96596"}],"curies":[{"name":"wp","href":"https:\/\/api.w.org\/{rel}","templated":true}]}}