{"id":96598,"date":"2024-11-25T17:52:30","date_gmt":"2024-11-25T17:52:30","guid":{"rendered":"https:\/\/rdnews.al\/?p=96598"},"modified":"2024-11-25T17:58:47","modified_gmt":"2024-11-25T17:58:47","slug":"berisha-kerkese-kushtetuese-per-te-pershpejtuar-shqyrtimin-per-heqjen-e-masaes","status":"publish","type":"post","link":"https:\/\/rdnews.al\/index.php\/2024\/11\/25\/berisha-kerkese-kushtetuese-per-te-pershpejtuar-shqyrtimin-per-heqjen-e-masaes\/","title":{"rendered":"Berisha k\u00ebrkes\u00eb Gjykat\u00ebs Kushtetuese p\u00ebr t\u00eb p\u00ebrshpejtuar shqyrtimin p\u00ebr heqjen e mas\u00ebs"},"content":{"rendered":"<div id=\"rekl-49\">Pasi <a href=\"https:\/\/www.syri.net\/politike\/742187\/gjykata-e-strasburgut-pranon-padine-e-kryetarit-te-pd-sali-berisha-e-trajton-si-ceshtje-me-perparesi\/\" target=\"_blank\" rel=\"noopener\">Gjykata e Strasburgut e ka pranuar padin\u00eb e kryetarit t\u00eb PD-s\u00eb<\/a>, Sali Berisha kund\u00ebr vendimit t\u00eb SPAK p\u00ebr mas\u00ebn e siguris\u00eb, \u2018arrest sht\u00ebpie\u2019, lideri i opozit\u00ebs, ka dor\u00ebzuar n\u00eb Gjykat\u00ebn Kushtetuese k\u00ebrkes\u00ebn p\u00ebr p\u00ebrshpejtimin e ankimimit t\u00eb \u2018arrestit sht\u00ebpiak\u2019.<\/div>\n<div class=\"readmore-text-here\">\n<p>Pas pranimit t\u00eb padis\u00eb nga Gjykata e Strasburgut, e cila ka vendosur ta kaloj\u00eb \u00e7\u00ebshtjen me p\u00ebrpar\u00ebsi, p\u00ebr vet\u00eb r\u00ebnd\u00ebsin\u00eb q\u00eb paraqet kjo \u00e7\u00ebshtje p\u00ebr demokracin\u00eb dhe Shqip\u00ebrin\u00eb, kryedemokrati ka k\u00ebrkuar nga Gjykata Kushteutese p\u00ebrshpejtimin e gjykimit t\u00eb k\u00ebrkes\u00ebs p\u00ebr heqjen e mas\u00ebs s\u00eb arrestit.<\/p>\n<p><strong>K\u00cbRKES\u00cb<\/strong><\/p>\n<p><strong>DREJTUAR <\/strong><\/p>\n<p><strong>GJYKAT\u00cbS KUSHTETUESE<\/strong><\/p>\n<p><em>K\u00cbRKUES: Prof. Dr. Sali BERISHA, i biri i Ram-\u00ebs dhe i Shiqere-s, i dat\u00eblindjes 15.10.1944, lindur n\u00eb Tropoj\u00eb dhe banues n\u00eb Tiran\u00eb, n\u00eb adres\u00ebn: Rruga &#8220;Mustafa Matohiti&#8221;, nd\u00ebrtesa nr.36, hyrja 1\/036, me nr. personal E40701031R, i mbrojtur sipas prokur\u00ebs s\u00eb posa\u00e7me nr.rep 1088, nr.kol.495\/1, date 23.07.2024 nga av.Klodiana Gjyzari, nr. li\u00e7ence 12079, nr. NIPT M 37002201N, adres\u00eb elektronike klodianagjyzari@gmail.com, nr. tel. 0694077644.<\/em><\/p>\n<p><em>OBJEKTI:\u00a0\u00a0 P\u00ebrshpejtimin e shqyrtimit t\u00eb gjykimit t\u00eb K\u00ebrkes\u00ebs Kushtetuese, regjistruar prane Gjykat\u00ebs Kushtetuese m\u00eb dat\u00eb 18.11.2024<\/em><\/p>\n<p><em>E Nderuar Znj. Kryetare!<\/em><\/p>\n<p><em>K\u00ebrkuesi Prof. Dr. Sali BERISHA, aktualisht Kryetar i Partis\u00eb Demokratike t\u00eb Shqip\u00ebris\u00eb, ka paraqitur K\u00ebrkes\u00eb Kushtetuese, kund\u00ebr Vendimeve nr.520 dat\u00eb 30.12.2023 dhe Vendimit nr. 521, dat\u00eb 27.12.2023 t\u00eb Gjykat\u00ebs s\u00eb Posa\u00e7me t\u00eb Shkall\u00ebs s\u00eb Par\u00eb p\u00ebr Korrupsionin dhe Krimin e Organizuar Tiran\u00eb, Vendimit nr.15, dat\u00eb 25.01.2024 t\u00eb Gjykat\u00ebs s\u00eb Apelit p\u00ebr Korrupsionin dhe Krimin e Organizuar Tiran\u00eb dhe Vendimit nr. Nr. 00-2024-667 i Vendimit (94) dat\u00eb 09.04.2024 t\u00eb Kolegjit Penal t\u00eb Gjykat\u00ebs\u00a0 s\u00eb Lart\u00eb<\/em><\/p>\n<p><em>k\u00ebrkes\u00eb e cila \u00ebsht\u00eb regjistruar m\u00eb dat\u00eb 18.11.2024.<\/em><\/p>\n<p><em>Shkaqet e p\u00ebr t\u00eb cilat kund\u00ebrshtohen vendimet gjyq\u00ebsore t\u00eb m\u00ebsip\u00ebrme kan\u00eb t\u00eb b\u00ebjn\u00eb me shkeljen dhe mosrespektimin e parimeve t\u00eb Demokracis\u00eb, t\u00eb drejtat dhe lirit\u00eb e njeriut, drejt\u00ebsis\u00eb shoq\u00ebrore, pluralizmit, q\u00eb jan\u00eb bazat e shtetit (neni 3 i Kushtetut\u00ebs). Vendimet c\u00ebnojn\u00eb parimin e ligjshm\u00ebris\u00eb, si dhe t\u00eb ndarjes s\u00eb pushteteve.\u00a0<\/em><\/p>\n<p><em>Kushtetuta jon\u00eb parashikon q\u00eb qeverisja bazohet mbi nj\u00eb sistem zgjedhjesh t\u00eb lira dhe t\u00eb barabarta dhe sovraniteti n\u00eb Republik\u00ebn e Shqip\u00ebris\u00eb i p\u00ebrket popullit. C\u00ebnimi i sovranitetit popullor, mosrespektimi i vullnetit t\u00eb tij t\u00eb shprehur n\u00ebp\u00ebrmjet zgjedhjeve \u00ebsht\u00eb shkelja m\u00eb e r\u00ebnd\u00eb q\u00eb parashikon Kushtetuta, pasi shkelen nenet 1 dhe 2 t\u00eb saj.\u00a0 P\u00ebr shkak t\u00eb vendimeve gjyq\u00ebsore objekt ankimi, K\u00ebrkuesi nuk kryen dot sh\u00ebrbimin p\u00ebr t\u00eb cilin \u00ebsht\u00eb zgjedhur, pasi pengohet t\u00eb p\u00ebrfaq\u00ebsoj\u00eb zgjedh\u00ebsit.<\/em><\/p>\n<p><em>Gjykata Kushtetuese n\u00eb vendimin nr. 48\/2024 \u00ebsht\u00eb shprehur se: \u201c42. Koncepti i mandatit parlamentar p\u00ebrmban detyrimin e p\u00ebrfaq\u00ebsimit real t\u00eb zgjedh\u00ebsve. Populli merr pjes\u00eb n\u00eb vendimmarrjen parlamentare n\u00ebp\u00ebrmjet t\u00ebr\u00ebsis\u00eb s\u00eb an\u00ebtar\u00ebve t\u00eb tij dhe p\u00ebr k\u00ebt\u00eb q\u00ebllim duhet t\u00eb garantohet pjes\u00ebmarrja e t\u00eb gjith\u00eb deputet\u00ebve n\u00eb vendimmarrje sipas kuadrit kushtetues. Sipas Gjykat\u00ebs, vet\u00ebm duke qen\u00eb plot\u00ebsisht efektiv, pra i p\u00ebrfaq\u00ebsuar t\u00ebr\u00ebsisht me t\u00eb gjith\u00eb an\u00ebtar\u00ebt e tij, parlamenti mund t\u00eb realizoj\u00eb funksionin e tij demokratik. N\u00ebse nj\u00eb deputet, p\u00ebr arsye t\u00eb ndryshme, ndalohet ose pengohet t\u00eb ushtroj\u00eb funksionin e tij si pjes\u00eb e parlamentit, at\u00ebher\u00eb cenohet parimi i p\u00ebrfaq\u00ebsimit, si dhe raporti shumic\u00eb\/pakic\u00eb i vendosur nga vullneti i zgjedh\u00ebsve dhe q\u00eb duhet t\u00eb gjej\u00eb patjet\u00ebr pasqyrim n\u00eb parlament gjat\u00eb gjith\u00eb legjislatur\u00ebs (shih vendimet nr. 1 dat\u00eb 16.02.2022; nr. 44, dat\u00eb 07.10.2011 t\u00eb Gjykat\u00ebs Kushtetuese).\u201d<\/em><\/p>\n<p><em>P\u00ebr shkak t\u00eb efekteve t\u00eb vendimeve gjyq\u00ebsore objekt kund\u00ebrshtimi, t\u00eb drejtat kushtetuese q\u00eb kan\u00eb c\u00ebnuar, me q\u00ebllim rivendosjen e ligjshm\u00ebris\u00eb, shqyrtimi i K\u00ebrkes\u00ebs Kushtetuese t\u00eb ankuesit, merr r\u00ebnd\u00ebsi t\u00eb ve\u00e7ant\u00eb jo vet\u00ebm p\u00ebr at\u00eb si individ, por edhe p\u00ebr zgjedh\u00ebsit q\u00eb ai p\u00ebrfaq\u00ebson, si dhe p\u00ebr forc\u00ebn politike, udh\u00ebheq\u00ebs i s\u00eb cil\u00ebs \u00ebsht\u00eb, e cila \u00ebsht\u00eb e vetmja forc\u00eb opozitare, q\u00eb ushtron efektivisht kontrollin e veprimtaris\u00eb s\u00eb qeveris\u00eb.<\/em><\/p>\n<p><em>\u00cbsht\u00eb ne interes t\u00eb Demokracis\u00eb dhe Pluralizmit, q\u00eb t\u00eb ekzistoj\u00eb nj\u00eb forc\u00eb opozitare dhe shteti duhet t\u00eb mbikqyret q\u00eb t\u00eb mos c\u00ebnoj\u00eb t\u00eb drejt\u00ebn e shprehjes, organizimit dhe p\u00ebrfaq\u00ebsimit t\u00eb forcave opozitare, t\u00eb mos p\u00ebrdor\u00eb t\u00eb drejtat q\u00eb i ka dh\u00ebn\u00eb Kushtetuta dhe Konventa, me q\u00ebllim q\u00eb t\u00eb p\u00ebrq\u00ebndroj\u00eb pushtetin. Bazuar n\u00eb sa m\u00eb lart, K\u00ebrkesa Kushtetuese e paraqitur nga z.Sali Berisha ka r\u00ebnd\u00ebsi jo vet\u00ebm p\u00ebr at\u00eb si individ por edhe p\u00ebr publikun. Nje pjes\u00eb e shkaqeve t\u00eb tij ankimore jan\u00eb parashtruar n\u00eb K\u00ebrkes\u00ebn Kushtetuese t\u00eb 1\/5 t\u00eb deputet\u00ebve t\u00eb Kuvendit t\u00eb Shqip\u00ebris\u00eb, p\u00ebr t\u00eb cil\u00ebn Gjykata Kushtetuese \u00ebsht\u00eb shprehur me vendimin nr. 273 dat\u00eb 20.12.2023 p\u00ebr mosmarrjen ne shqyrtim t\u00eb tyre, q\u00eb provon interesin e opozit\u00ebs n\u00eb marrjen n\u00eb shqyrtim t\u00eb K\u00ebrkes\u00ebs Kushtetuese t\u00eb z.Sali Berisha.<\/em><\/p>\n<p><em>P\u00ebrve\u00e7 sa m\u00eb lart, si\u00e7 konstatohet nga datat e vendimeve objekt kund\u00ebrshtimi, organet gjyq\u00ebsore kan\u00eb vepruar me vones\u00eb n\u00eb vendosjen n\u00eb dispozicion t\u00eb vendimeve gjyq\u00ebsore, duke shkaktuar vonesa n\u00eb ushtrimin e t\u00eb drejt\u00ebs s\u00eb ankimit ndaj tyre, p\u00ebr pasoj\u00eb \u00ebsht\u00eb zgjatur gjendja e paligjshm\u00ebris\u00eb. Efektivisht k\u00ebrkuesi deputeti Z.Sali Berisha nuk ushtron mandatin p\u00ebr t\u00eb cilin \u00ebsht\u00eb votuar q\u00eb prej dat\u00ebs 30.12.2023, pra zgjedh\u00ebsit q\u00eb e kan\u00eb votuar jan\u00eb t\u00eb pap\u00ebrfaq\u00ebsuar p\u00ebrfaf\u00ebrsisht p\u00ebr 1\/4 e periudh\u00ebs legjislative p\u00ebr t\u00eb cil\u00ebn \u00ebsht\u00eb zgjedhur. K\u00ebrkuesi ka paraqitur k\u00ebrkes\u00eb p\u00ebr t`u lejuar t\u00eb marr\u00eb pjes\u00eb n\u00eb sesionet e Kuvendit t\u00eb Republik\u00ebs s\u00eb Shqip\u00ebris\u00eb, k\u00ebrkesa t\u00eb cilat i jan\u00eb refuzuar nga organi procedues dhe k\u00ebrkuesi ka ezauruar dhe t\u00eb treja shkall\u00ebt e ankimit gjyq\u00ebsor ndaj vendimit t\u00eb refuzimit.<\/em><\/p>\n<p><em>Po ashtu periudha para nesh \u00ebsht\u00eb p\u00ebriudh\u00eb parazgjedhore. N\u00eb interes t\u00eb pluralizmit zgjedh\u00ebsve duhet t`u ofrohen disa alternativa dhe opozita duhet t\u00eb ket\u00eb kushtet q\u00eb t\u00eb paraqes\u00eb alternativ\u00ebn e saj para zgjedh\u00ebsve pa pengesa.<\/em><\/p>\n<p><em>Vazhdimi i mas\u00ebs s\u00eb sigurimit personal \u201carrest n\u00eb sht\u00ebpi\u201d caktuar me vendimet objekt kund\u00ebrshtimi c\u00ebnon jo vet\u00ebm lirin\u00eb personale t\u00eb k\u00ebrkuesit, por kufizon t\u00eb drejt\u00ebn e tij t\u00eb organizimit, t\u00eb shprehjes, t\u00eb p\u00ebrfaq\u00ebsimit real t\u00eb nj\u00eb alternative tjet\u00ebr para zgjedh\u00ebsve.<\/em><\/p>\n<p><em>Si i vetmi Institucion q\u00eb kryeni interpretimin p\u00ebrfundimtar t\u00eb Kushtetut\u00ebs, p\u00ebr shkak t\u00eb drejtave q\u00eb jan\u00eb n\u00eb diskutim, si dhe interesin publik n\u00eb shqyrtimin e K\u00ebrkes\u00ebs Kushtetuese t\u00eb z.Sali Berisha, k\u00ebrkojm\u00eb:<\/em><\/p>\n<p><em>Caktimin nj\u00eb\u00a0 date sa m\u00eb t\u00eb shpejt\u00eb t\u00eb gjykimit t\u00eb K\u00ebrkes\u00ebs Kushtetuese t\u00eb regjistruar m\u00eb dat\u00eb 18.11.2024 t\u00eb k\u00ebrkuesit z.Sali Berisha.<\/em><\/p>\n<p><em>Me respekt<\/em><\/p>\n<p><strong>\u00a0K\u00cbRKUES<\/strong><\/p>\n<p><strong>\u00a0 \u00a0 \u00a0 \u00a0 \u00a0 \u00a0 \u00a0 \u00a0 \u00a0 \u00a0 \u00a0 \u00a0 \u00a0 \u00a0 \u00a0 \u00a0 \u00a0 \u00a0 \u00a0 \u00a0 \u00a0 \u00a0 \u00a0 \u00a0 \u00a0 \u00a0 \u00a0 \u00a0 \u00a0 \u00a0 \u00a0 \u00a0 \u00a0 \u00a0 \u00a0 \u00a0 \u00a0 \u00a0 \u00a0 \u00a0 \u00a0 \u00a0 \u00a0 \u00a0 \u00a0 \u00a0 \u00a0 \u00a0 \u00a0 \u00a0 \u00a0 \u00a0 \u00a0Prof. Dr. Sali BERISHA<\/strong><\/p>\n<p>&nbsp;<\/p>\n<p><strong>\u00a0 \u00a0 \u00a0 \u00a0 \u00a0 \u00a0 \u00a0 \u00a0 \u00a0 \u00a0 \u00a0 \u00a0 \u00a0 \u00a0 \u00a0 \u00a0 \u00a0 \u00a0 \u00a0 \u00a0 \u00a0 \u00a0 \u00a0 \u00a0 \u00a0 \u00a0 \u00a0 \u00a0 \u00a0 \u00a0 \u00a0 \u00a0 \u00a0 \u00a0 \u00a0 \u00a0 \u00a0 \u00a0 \u00a0 \u00a0 \u00a0 \u00a0 \u00a0 \u00a0 \u00a0 \u00a0 \u00a0 \u00a0 \u00a0 \u00a0N\u00ebp\u00ebrmjet av.Klodiana GJYZARI<\/strong><\/p>\n<\/div>\n","protected":false},"excerpt":{"rendered":"<p>Pasi Gjykata e Strasburgut e ka pranuar padin\u00eb e kryetarit t\u00eb PD-s\u00eb, Sali Berisha kund\u00ebr vendimit t\u00eb SPAK p\u00ebr mas\u00ebn e siguris\u00eb, \u2018arrest sht\u00ebpie\u2019, lideri i opozit\u00ebs, ka dor\u00ebzuar n\u00eb Gjykat\u00ebn Kushtetuese k\u00ebrkes\u00ebn p\u00ebr p\u00ebrshpejtimin e ankimimit t\u00eb \u2018arrestit sht\u00ebpiak\u2019. Pas pranimit t\u00eb padis\u00eb nga Gjykata e Strasburgut, e cila ka vendosur ta kaloj\u00eb \u00e7\u00ebshtjen &hellip;<\/p>\n","protected":false},"author":4,"featured_media":96545,"comment_status":"closed","ping_status":"closed","sticky":false,"template":"","format":"standard","meta":{"footnotes":""},"categories":[37],"tags":[],"class_list":["post-96598","post","type-post","status-publish","format-standard","has-post-thumbnail","","category-politike"],"_links":{"self":[{"href":"https:\/\/rdnews.al\/index.php\/wp-json\/wp\/v2\/posts\/96598","targetHints":{"allow":["GET"]}}],"collection":[{"href":"https:\/\/rdnews.al\/index.php\/wp-json\/wp\/v2\/posts"}],"about":[{"href":"https:\/\/rdnews.al\/index.php\/wp-json\/wp\/v2\/types\/post"}],"author":[{"embeddable":true,"href":"https:\/\/rdnews.al\/index.php\/wp-json\/wp\/v2\/users\/4"}],"replies":[{"embeddable":true,"href":"https:\/\/rdnews.al\/index.php\/wp-json\/wp\/v2\/comments?post=96598"}],"version-history":[{"count":6,"href":"https:\/\/rdnews.al\/index.php\/wp-json\/wp\/v2\/posts\/96598\/revisions"}],"predecessor-version":[{"id":96604,"href":"https:\/\/rdnews.al\/index.php\/wp-json\/wp\/v2\/posts\/96598\/revisions\/96604"}],"wp:featuredmedia":[{"embeddable":true,"href":"https:\/\/rdnews.al\/index.php\/wp-json\/wp\/v2\/media\/96545"}],"wp:attachment":[{"href":"https:\/\/rdnews.al\/index.php\/wp-json\/wp\/v2\/media?parent=96598"}],"wp:term":[{"taxonomy":"category","embeddable":true,"href":"https:\/\/rdnews.al\/index.php\/wp-json\/wp\/v2\/categories?post=96598"},{"taxonomy":"post_tag","embeddable":true,"href":"https:\/\/rdnews.al\/index.php\/wp-json\/wp\/v2\/tags?post=96598"}],"curies":[{"name":"wp","href":"https:\/\/api.w.org\/{rel}","templated":true}]}}