{"id":96610,"date":"2024-11-25T18:35:27","date_gmt":"2024-11-25T18:35:27","guid":{"rendered":"https:\/\/rdnews.al\/?p=96610"},"modified":"2024-11-25T18:35:27","modified_gmt":"2024-11-25T18:35:27","slug":"protesta-per-martin-canin-qytetaret-thirrje-per-bojkot-te-mesimit-te-merkuren","status":"publish","type":"post","link":"https:\/\/rdnews.al\/index.php\/2024\/11\/25\/protesta-per-martin-canin-qytetaret-thirrje-per-bojkot-te-mesimit-te-merkuren\/","title":{"rendered":"Protesta p\u00ebr Martin Canin\/ Qytetar\u00ebt thirrje p\u00ebr bojkot t\u00eb m\u00ebsimit t\u00eb m\u00ebrkur\u00ebn"},"content":{"rendered":"<p>\u00cbsht\u00eb mbyllur protesta e sotme p\u00ebrpara Ministris\u00eb s\u00eb Arsimit, p\u00ebr vrasjen e 14-vje\u00e7arit Martin Cani. N\u00eb protest\u00eb kan\u00eb qen\u00eb t\u00eb pranish\u00ebm edhe babai i viktim\u00ebs, tezja dhe gjyshi i viktim\u00ebs. Nd\u00ebrsa babai nuk fliste dot, p\u00ebr shkak t\u00eb gjendjes s\u00eb r\u00ebnduar emocionale, n\u00eb protest\u00eb ka folur gjyshi. Ai tha se do k\u00ebrkojn\u00eb drejt\u00ebsi deri n\u00eb fund p\u00ebr Martinin.<\/p>\n<p>Protestuesit than\u00eb nd\u00ebr t\u00eb tjera se n\u00ebse nuk plot\u00ebsohen 8 k\u00ebrkesat e tyre deri t\u00eb m\u00ebrkur\u00ebn, do t\u00eb bojkotohet m\u00ebsimi n\u00eb mbar\u00eb shkollat e vendit. Qytetar\u00ebt protestues k\u00ebrkojn\u00eb nd\u00ebr t\u00eb tjera m\u00eb tep\u00ebr punonj\u00ebs social\u00eb n\u00eb shkolla, m\u00eb shum\u00eb oficer\u00eb policie, m\u00eb tep\u00ebr siguri etj. N\u00eb k\u00ebt\u00eb protest\u00eb ishte edhe aktori i njohur Florjan Binaj, q\u00eb tha se tubimi sot b\u00ebhet q\u00eb f\u00ebmij\u00ebt n\u00eb vend t\u00eb ken\u00eb nj\u00eb t\u00eb ardhme t\u00eb paqt\u00eb.<\/p>\n<p>Nj\u00eb protestues nga Elbasani iu ka b\u00ebr\u00eb thirrje qytetar\u00ebve q\u00eb t\u00eb bojkotojn\u00eb procesin m\u00ebsimor, n\u00ebse nuk ka p\u00ebrgjigje p\u00ebr k\u00ebrkesat e tyre nga Ministria e Arsimit. Protestuesi kan\u00eb k\u00ebrkuar t\u00eb shtohen punonj\u00ebsit social\u00eb n\u00eb shkolla, t\u00eb shtohen oficer\u00ebt e siguris\u00eb etj. Aktori Florjan Binaj \u00ebsht\u00eb shprehur se protesta \u00ebsht\u00eb p\u00ebr t\u00eb ardhmen e f\u00ebmij\u00ebve. Edhe n\u00eb k\u00ebt\u00eb protest\u00eb \u00ebsht\u00eb hedhur boj\u00eb e kuqe p\u00ebrpara Ministris\u00eb s\u00eb Arsimit. Protestuesit than\u00eb se ngjyra e kuqe simbolizon gjakun e pafajsh\u00ebm t\u00eb Martinit.<\/p>\n","protected":false},"excerpt":{"rendered":"<p>\u00cbsht\u00eb mbyllur protesta e sotme p\u00ebrpara Ministris\u00eb s\u00eb Arsimit, p\u00ebr vrasjen e 14-vje\u00e7arit Martin Cani. N\u00eb protest\u00eb kan\u00eb qen\u00eb t\u00eb pranish\u00ebm edhe babai i viktim\u00ebs, tezja dhe gjyshi i viktim\u00ebs. Nd\u00ebrsa babai nuk fliste dot, p\u00ebr shkak t\u00eb gjendjes s\u00eb r\u00ebnduar emocionale, n\u00eb protest\u00eb ka folur gjyshi. Ai tha se do k\u00ebrkojn\u00eb drejt\u00ebsi deri n\u00eb &hellip;<\/p>\n","protected":false},"author":4,"featured_media":96611,"comment_status":"closed","ping_status":"closed","sticky":false,"template":"","format":"standard","meta":{"footnotes":""},"categories":[37],"tags":[],"class_list":["post-96610","post","type-post","status-publish","format-standard","has-post-thumbnail","","category-politike"],"_links":{"self":[{"href":"https:\/\/rdnews.al\/index.php\/wp-json\/wp\/v2\/posts\/96610","targetHints":{"allow":["GET"]}}],"collection":[{"href":"https:\/\/rdnews.al\/index.php\/wp-json\/wp\/v2\/posts"}],"about":[{"href":"https:\/\/rdnews.al\/index.php\/wp-json\/wp\/v2\/types\/post"}],"author":[{"embeddable":true,"href":"https:\/\/rdnews.al\/index.php\/wp-json\/wp\/v2\/users\/4"}],"replies":[{"embeddable":true,"href":"https:\/\/rdnews.al\/index.php\/wp-json\/wp\/v2\/comments?post=96610"}],"version-history":[{"count":1,"href":"https:\/\/rdnews.al\/index.php\/wp-json\/wp\/v2\/posts\/96610\/revisions"}],"predecessor-version":[{"id":96612,"href":"https:\/\/rdnews.al\/index.php\/wp-json\/wp\/v2\/posts\/96610\/revisions\/96612"}],"wp:featuredmedia":[{"embeddable":true,"href":"https:\/\/rdnews.al\/index.php\/wp-json\/wp\/v2\/media\/96611"}],"wp:attachment":[{"href":"https:\/\/rdnews.al\/index.php\/wp-json\/wp\/v2\/media?parent=96610"}],"wp:term":[{"taxonomy":"category","embeddable":true,"href":"https:\/\/rdnews.al\/index.php\/wp-json\/wp\/v2\/categories?post=96610"},{"taxonomy":"post_tag","embeddable":true,"href":"https:\/\/rdnews.al\/index.php\/wp-json\/wp\/v2\/tags?post=96610"}],"curies":[{"name":"wp","href":"https:\/\/api.w.org\/{rel}","templated":true}]}}