{"id":96617,"date":"2024-11-25T18:45:07","date_gmt":"2024-11-25T18:45:07","guid":{"rendered":"https:\/\/rdnews.al\/?p=96617"},"modified":"2024-11-25T18:45:07","modified_gmt":"2024-11-25T18:45:07","slug":"berisha-vrasjen-e-martinit-duan-ta-mbulojne-me-tik-tokun-te-gjithe-ti-bashkohen-protestes-se-thirrur-per-te","status":"publish","type":"post","link":"https:\/\/rdnews.al\/index.php\/2024\/11\/25\/berisha-vrasjen-e-martinit-duan-ta-mbulojne-me-tik-tokun-te-gjithe-ti-bashkohen-protestes-se-thirrur-per-te\/","title":{"rendered":"Berisha: Vrasjen e Martinit duan ta mbulojn\u00eb me Tik Tokun, t\u00eb gjith\u00eb t\u2019i bashkohen protest\u00ebs s\u00eb thirrur p\u00ebr t\u00eb"},"content":{"rendered":"<p>Kryetari i PD, Sali Berisha, u ndal edhe nj\u00ebher\u00eb te vrasja tragjike e 14-vje\u00e7arit, Martin Cani n\u00eb der\u00ebn e shkoll\u00ebs \u2018Fan Noli\u2019, duke b\u00ebr\u00eb thirrje p\u00ebr t\u2019ju bashkuar protest\u00ebs.<\/p>\n<p>Berisha, gjat\u00eb fjal\u00ebs n\u00eb tubimin n\u00eb mb\u00ebshtetje t\u00eb tij q\u00eb zhvillohet te \u201cRruga e Shpres\u00ebs\u201d tha se, vrasjen e Martinit duan ta mbulojn\u00eb me Tik Tokun, t\u00eb gjith\u00eb shqiptar\u00ebt ti bashkohen protest\u00ebs s\u00eb thirrur p\u00ebr t\u00eb.<\/p>\n<p>\u201cMir\u00ebmbr\u00ebma dhe p\u00ebrsh\u00ebndetjet m\u00eb miq\u00ebsore m\u00eb t\u00eb p\u00ebrzem\u00ebrta, ju q\u00ebndrestareve dhe q\u00ebndrestar\u00ebve, pararend\u00ebs t\u00eb fitores s\u00eb opozit\u00ebs shqiptare.<\/p>\n<p>Ju guximtar\u00ebve t\u00eb pamposhtur q\u00eb mbroni kauz\u00ebn e drejt\u00eb t\u00eb \u00e7do qytetari.<\/p>\n<p>Mir\u00ebnjohjen e pakufishme ndaj orator\u00ebve t\u00eb k\u00ebsaj platforme t\u00eb fjal\u00ebs s\u00eb lir\u00eb, q\u00eb shp\u00ebrndajn\u00eb, p\u00ebrhapin n\u00eb t\u00eb kat\u00ebr an\u00ebt e vendit, t\u00eb v\u00ebrtetat q\u00eb p\u00ebrpiqet me vellon e zez\u00eb t\u00eb censur\u00ebs, ti fsheh\u00eb regjimi i Edi Ram\u00ebs, me fjal\u00ebn e tyre frym\u00ebzojn\u00eb shqiptar\u00ebt.<\/p>\n<p>T\u00eb dashur miq!<\/p>\n<p>Un\u00eb dua ta nis edhe nj\u00ebher\u00eb me nj\u00eb p\u00ebrsh\u00ebndetje miq\u00ebsore p\u00ebr ata qindra e qindra qytetar\u00eb nx\u00ebn\u00ebs, student\u00eb, prind\u00ebr q\u00eb protesuan sot para Ministris\u00eb s\u00eb Arsimit p\u00ebr vrasjen makabre n\u00eb duart e shkoll\u00ebs, n\u00eb gjirin e shkoll\u00ebs, t\u00eb engj\u00ebllit, yllit 14-vje\u00e7ar t\u00eb asaj shkolle, t\u00eb familjes, t\u00eb Tiran\u00ebs dhe mbar\u00eb Shqip\u00ebris\u00eb, Martin Cani.<\/p>\n<p>Krimin e sh\u00ebmtuar ndaj t\u00eb cilit, propaganda e shpifur qeveritare p\u00ebrpiqet ta mbuloj\u00eb me Tik Tokun, me Snapchatin, p\u00ebrpiqet t\u00eb laj duart, pa\u00e7ka se p\u00ebrgjegj\u00ebsia \u00ebsht\u00eb direkt e shkoll\u00ebs, e ministris\u00eb e mbi t\u00eb gjitha e atyre t\u00eb cil\u00ebt e kan\u00eb shnd\u00ebrruar Shqip\u00ebrin\u00eb n\u00eb protektorat t\u00eb krimit.<\/p>\n<p>Atyre q\u00eb qeverisin k\u00ebt\u00eb vend s\u00eb bashku me krimin, si nj\u00eb sip\u00ebrmarrje kriminale, n\u00eb t\u00eb cil\u00ebn krimi godet n\u00eb \u00e7do vend, n\u00eb \u00e7do zyr\u00eb, n\u00eb \u00e7do shkoll\u00eb, n\u00eb rrrug\u00eb, n\u00eb \u00e7do shesh dhe kudo.<\/p>\n<p>Ata kan\u00eb thirrur nj\u00eb protest\u00eb tjet\u00ebr t\u00eb m\u00ebrkur\u00ebn. Ftoj mbar\u00eb shqiptar\u00ebt tu bashkohen atyre.<\/p>\n<p>Ai q\u00eb nuk proteston p\u00ebr Martin Canin, nuk proteston as p\u00ebr f\u00ebmij\u00ebn e tij, prandaj \u00ebsht\u00eb nj\u00eb rast p\u00ebr t\u00eb treguar veten qytetar, \u00ebsht\u00eb nj\u00eb rast p\u00ebr t\u00eb treguar veten n\u00ebn\u00eb, baba, prind, v\u00eblla, mot\u00ebr, p\u00ebr t\u00eb ju p\u00ebrgjigjur thirrjes s\u00eb shpirtit t\u00eb 14-vje\u00e7arit q\u00eb shkoi n\u00eb shkoll\u00eb dhe i mor\u00ebn jet\u00ebn me \u00e7ant\u00ebn e librave n\u00eb shpin\u00eb\u201d, tha Berisha.<\/p>\n","protected":false},"excerpt":{"rendered":"<p>Kryetari i PD, Sali Berisha, u ndal edhe nj\u00ebher\u00eb te vrasja tragjike e 14-vje\u00e7arit, Martin Cani n\u00eb der\u00ebn e shkoll\u00ebs \u2018Fan Noli\u2019, duke b\u00ebr\u00eb thirrje p\u00ebr t\u2019ju bashkuar protest\u00ebs. Berisha, gjat\u00eb fjal\u00ebs n\u00eb tubimin n\u00eb mb\u00ebshtetje t\u00eb tij q\u00eb zhvillohet te \u201cRruga e Shpres\u00ebs\u201d tha se, vrasjen e Martinit duan ta mbulojn\u00eb me Tik Tokun, &hellip;<\/p>\n","protected":false},"author":4,"featured_media":81830,"comment_status":"closed","ping_status":"closed","sticky":false,"template":"","format":"standard","meta":{"footnotes":""},"categories":[37],"tags":[],"class_list":["post-96617","post","type-post","status-publish","format-standard","has-post-thumbnail","","category-politike"],"_links":{"self":[{"href":"https:\/\/rdnews.al\/index.php\/wp-json\/wp\/v2\/posts\/96617","targetHints":{"allow":["GET"]}}],"collection":[{"href":"https:\/\/rdnews.al\/index.php\/wp-json\/wp\/v2\/posts"}],"about":[{"href":"https:\/\/rdnews.al\/index.php\/wp-json\/wp\/v2\/types\/post"}],"author":[{"embeddable":true,"href":"https:\/\/rdnews.al\/index.php\/wp-json\/wp\/v2\/users\/4"}],"replies":[{"embeddable":true,"href":"https:\/\/rdnews.al\/index.php\/wp-json\/wp\/v2\/comments?post=96617"}],"version-history":[{"count":1,"href":"https:\/\/rdnews.al\/index.php\/wp-json\/wp\/v2\/posts\/96617\/revisions"}],"predecessor-version":[{"id":96618,"href":"https:\/\/rdnews.al\/index.php\/wp-json\/wp\/v2\/posts\/96617\/revisions\/96618"}],"wp:featuredmedia":[{"embeddable":true,"href":"https:\/\/rdnews.al\/index.php\/wp-json\/wp\/v2\/media\/81830"}],"wp:attachment":[{"href":"https:\/\/rdnews.al\/index.php\/wp-json\/wp\/v2\/media?parent=96617"}],"wp:term":[{"taxonomy":"category","embeddable":true,"href":"https:\/\/rdnews.al\/index.php\/wp-json\/wp\/v2\/categories?post=96617"},{"taxonomy":"post_tag","embeddable":true,"href":"https:\/\/rdnews.al\/index.php\/wp-json\/wp\/v2\/tags?post=96617"}],"curies":[{"name":"wp","href":"https:\/\/api.w.org\/{rel}","templated":true}]}}