{"id":96619,"date":"2024-11-25T18:57:16","date_gmt":"2024-11-25T18:57:16","guid":{"rendered":"https:\/\/rdnews.al\/?p=96619"},"modified":"2024-11-25T18:57:16","modified_gmt":"2024-11-25T18:57:16","slug":"berisha-neser-dita-e-revoltes-mbare-rinia-shqiptare-ne-tirane-me-moton-o-sot-o-kurre-eshte-radha-jone","status":"publish","type":"post","link":"https:\/\/rdnews.al\/index.php\/2024\/11\/25\/berisha-neser-dita-e-revoltes-mbare-rinia-shqiptare-ne-tirane-me-moton-o-sot-o-kurre-eshte-radha-jone\/","title":{"rendered":"Berisha: Nes\u00ebr dita e revolt\u00ebs, mbar\u00eb rinia shqiptare n\u00eb Tiran\u00eb me moton; o sot, o kurr\u00eb, \u00ebsht\u00eb radha jon\u00eb!"},"content":{"rendered":"<p>Kryetari i PD, Sali Berisha ka b\u00ebr\u00eb thirrje p\u00ebr protest\u00ebn e nes\u00ebrme t\u00eb opozit\u00ebs, duke theksuar se do jet\u00eb dita e revolt\u00ebs.<\/p>\n<p>Berisha tha se, nes\u00ebr \u00ebsht\u00eb dita e revolt\u00ebs, mbar\u00eb rinia shqiptare \u00ebsht\u00eb n\u00eb Tiran\u00eb me moton; o sot, o kurr\u00eb, \u00ebsht\u00eb radha jon\u00eb.<\/p>\n<p>\u201cT\u00eb dashur miq!<\/p>\n<p>Nes\u00ebr \u00ebsht\u00eb dita e revolt\u00ebs popullore, dita e zem\u00ebrimit popullor mbar\u00eb shqiptar, \u00ebsht\u00eb dita n\u00eb t\u00eb cil\u00ebn shqiptar\u00ebt marrin n\u00eb duart e tyre kryeqytetin e vendit, kryeqytetin e tyre, e nxjerrin nga kthetrat e bandave, kriminel\u00ebve, bandit\u00ebve qeveritar.<\/p>\n<p>\u00cbsht\u00eb nj\u00eb dit\u00eb pra, e nj\u00eb r\u00ebnd\u00ebsie t\u00eb jasht\u00ebzakonshme.<\/p>\n<p>Protesta nes\u00ebr \u00ebsht\u00eb nj\u00eb akt madhor, \u00ebsht\u00eb mosbindje civile me t\u00eb cil\u00ebn ne i themi narkoshtetit se qeveria teknike \u00ebsht\u00eb zgjidhja e vetme me zgjedhje t\u00eb lira, p\u00ebrndryshe do shoh\u00ebsh zi e m\u00eb keq.<\/p>\n<p>Edi Rama thirri mendjes.<\/p>\n<p>Je shnd\u00ebrruar n\u00eb t\u00eb keqen m\u00eb t\u00eb madhe t\u00eb k\u00ebtij kombi, mosbindja civile \u00ebsht\u00eb m\u00eb e pakta q\u00eb mund t\u00eb nd\u00ebrmerret ndaj teje.<\/p>\n<p>T\u00eb rinjve shqiptar\u00eb u ke nxir\u00eb t\u00eb ardhmen, i ke p\u00ebrz\u00ebn\u00eb nga vendi i tyre, i ke shp\u00ebrndar\u00eb n\u00eb rrug\u00ebt e bot\u00ebs, se n\u00eb asnj\u00eb nuk kan\u00eb shans rast t\u00eb nd\u00ebrtojn\u00eb \u00ebnd\u00ebrrat n\u00eb vendin ku lind\u00ebn.<\/p>\n<p>Nuk kan\u00eb shans t\u00eb nd\u00ebrtojn\u00eb familje n\u00eb vendin ku lind\u00ebn.<\/p>\n<p>N\u00eb asnj\u00eb rast nuk kan\u00eb shans t\u00eb begatojn\u00eb, t\u00eb b\u00ebjn\u00eb nj\u00eb jet\u00eb t\u00eb denj\u00eb n\u00eb Shqip\u00ebri, ndaj dhe nes\u00ebr mbar\u00eb rinia shqiptare \u00ebsht\u00eb n\u00eb Tiran\u00eb me moton; o sot, o kurr\u00eb, \u00ebsht\u00eb radha jon\u00eb\u201d, tha Berisha.<\/p>\n","protected":false},"excerpt":{"rendered":"<p>Kryetari i PD, Sali Berisha ka b\u00ebr\u00eb thirrje p\u00ebr protest\u00ebn e nes\u00ebrme t\u00eb opozit\u00ebs, duke theksuar se do jet\u00eb dita e revolt\u00ebs. Berisha tha se, nes\u00ebr \u00ebsht\u00eb dita e revolt\u00ebs, mbar\u00eb rinia shqiptare \u00ebsht\u00eb n\u00eb Tiran\u00eb me moton; o sot, o kurr\u00eb, \u00ebsht\u00eb radha jon\u00eb. \u201cT\u00eb dashur miq! Nes\u00ebr \u00ebsht\u00eb dita e revolt\u00ebs popullore, dita &hellip;<\/p>\n","protected":false},"author":4,"featured_media":91951,"comment_status":"closed","ping_status":"closed","sticky":false,"template":"","format":"standard","meta":{"footnotes":""},"categories":[37],"tags":[],"class_list":["post-96619","post","type-post","status-publish","format-standard","has-post-thumbnail","","category-politike"],"_links":{"self":[{"href":"https:\/\/rdnews.al\/index.php\/wp-json\/wp\/v2\/posts\/96619","targetHints":{"allow":["GET"]}}],"collection":[{"href":"https:\/\/rdnews.al\/index.php\/wp-json\/wp\/v2\/posts"}],"about":[{"href":"https:\/\/rdnews.al\/index.php\/wp-json\/wp\/v2\/types\/post"}],"author":[{"embeddable":true,"href":"https:\/\/rdnews.al\/index.php\/wp-json\/wp\/v2\/users\/4"}],"replies":[{"embeddable":true,"href":"https:\/\/rdnews.al\/index.php\/wp-json\/wp\/v2\/comments?post=96619"}],"version-history":[{"count":1,"href":"https:\/\/rdnews.al\/index.php\/wp-json\/wp\/v2\/posts\/96619\/revisions"}],"predecessor-version":[{"id":96620,"href":"https:\/\/rdnews.al\/index.php\/wp-json\/wp\/v2\/posts\/96619\/revisions\/96620"}],"wp:featuredmedia":[{"embeddable":true,"href":"https:\/\/rdnews.al\/index.php\/wp-json\/wp\/v2\/media\/91951"}],"wp:attachment":[{"href":"https:\/\/rdnews.al\/index.php\/wp-json\/wp\/v2\/media?parent=96619"}],"wp:term":[{"taxonomy":"category","embeddable":true,"href":"https:\/\/rdnews.al\/index.php\/wp-json\/wp\/v2\/categories?post=96619"},{"taxonomy":"post_tag","embeddable":true,"href":"https:\/\/rdnews.al\/index.php\/wp-json\/wp\/v2\/tags?post=96619"}],"curies":[{"name":"wp","href":"https:\/\/api.w.org\/{rel}","templated":true}]}}