{"id":96626,"date":"2024-11-25T19:07:33","date_gmt":"2024-11-25T19:07:33","guid":{"rendered":"https:\/\/rdnews.al\/?p=96626"},"modified":"2024-11-25T19:07:33","modified_gmt":"2024-11-25T19:07:33","slug":"berisha-neser-shqiperia-marshim-ne-tirane-eshte-radha-jone","status":"publish","type":"post","link":"https:\/\/rdnews.al\/index.php\/2024\/11\/25\/berisha-neser-shqiperia-marshim-ne-tirane-eshte-radha-jone\/","title":{"rendered":"Berisha: Nes\u00ebr Shqip\u00ebria marshim n\u00eb Tiran\u00eb! \u00cbsht\u00eb radha jon\u00eb!"},"content":{"rendered":"<p>Kryetari i Partis\u00eb Demokratike, Sali Berisha b\u00ebri edhe nj\u00ebher\u00eb thirrje p\u00ebr marshimin e nes\u00ebrm t\u00eb opozit\u00ebs dit\u00ebn e mart\u00eb 26 n\u00ebntor n\u00eb Tiran\u00eb.<\/p>\n<p>Berisha tha se, nes\u00ebr Shqip\u00ebria marshim n\u00eb Tiran\u00eb. Nuk durohet nj\u00eb narkodiktator si ky, i cili mbjell dhun\u00eb kudo q\u00eb shkon.<\/p>\n<p><strong>Berisha:<\/strong>\u00a0Miq!<\/p>\n<p>Edi Rama \u00ebsht\u00eb gjysma identike e McGonigalit.<\/p>\n<p>Ai dergjet n\u00eb burg, kurse Rama zhg\u00ebrryhet n\u00eb sarajet e luksit n\u00eb Surrel.<\/p>\n<p>Kurse Rama kontrollon n\u00eb Shqip\u00ebri t\u00eb gjitha pushtetet.<\/p>\n<p>Miq, \u00e7do dit\u00eb q\u00eb rri n\u00eb pushtet na turp\u00ebron, \u00e7do dit\u00eb q\u00eb rri n\u00eb pushtet na posht\u00ebron, nuk durohet nj\u00eb padrino si ky.<\/p>\n<p>Nuk durohet nj\u00eb narkodiktator si ky, i cili mbjell dhun\u00eb, dhun\u00eb kudo q\u00eb shkon, sepse e ka kapur frika dhe tmerri nga krimet q\u00eb ka kryer.<\/p>\n<p>Ju e pat\u00eb vet\u00eb se si me bandit\u00ebt e tij n\u00eb takimin me emigrant\u00ebt theu kocka emigrant\u00ebsh, si nj\u00eb katil i v\u00ebrtet\u00eb, nj\u00eblloj sikur t\u00eb ishte i ati, me urrejtjen skizoide ndaj kund\u00ebrshtar\u00ebve.<\/p>\n<p>Ndaj dhe nes\u00ebr Shqip\u00ebria n\u00eb Tiran\u00eb. Marshim n\u00eb Tiran\u00eb.<\/p>\n<p>\u00cbsht\u00eb radha jon\u00eb, \u00ebsht\u00eb radha jon\u00eb, \u00ebsht\u00eb radha jon\u00eb.<\/p>\n<p>Fitore, fitore, fitore!<\/p>\n<p>Rrofshi ju, rroft\u00eb Shqip\u00ebria!<\/p>\n","protected":false},"excerpt":{"rendered":"<p>Kryetari i Partis\u00eb Demokratike, Sali Berisha b\u00ebri edhe nj\u00ebher\u00eb thirrje p\u00ebr marshimin e nes\u00ebrm t\u00eb opozit\u00ebs dit\u00ebn e mart\u00eb 26 n\u00ebntor n\u00eb Tiran\u00eb. Berisha tha se, nes\u00ebr Shqip\u00ebria marshim n\u00eb Tiran\u00eb. Nuk durohet nj\u00eb narkodiktator si ky, i cili mbjell dhun\u00eb kudo q\u00eb shkon. Berisha:\u00a0Miq! Edi Rama \u00ebsht\u00eb gjysma identike e McGonigalit. Ai dergjet n\u00eb &hellip;<\/p>\n","protected":false},"author":4,"featured_media":82610,"comment_status":"closed","ping_status":"closed","sticky":false,"template":"","format":"standard","meta":{"footnotes":""},"categories":[37],"tags":[],"class_list":["post-96626","post","type-post","status-publish","format-standard","has-post-thumbnail","","category-politike"],"_links":{"self":[{"href":"https:\/\/rdnews.al\/index.php\/wp-json\/wp\/v2\/posts\/96626","targetHints":{"allow":["GET"]}}],"collection":[{"href":"https:\/\/rdnews.al\/index.php\/wp-json\/wp\/v2\/posts"}],"about":[{"href":"https:\/\/rdnews.al\/index.php\/wp-json\/wp\/v2\/types\/post"}],"author":[{"embeddable":true,"href":"https:\/\/rdnews.al\/index.php\/wp-json\/wp\/v2\/users\/4"}],"replies":[{"embeddable":true,"href":"https:\/\/rdnews.al\/index.php\/wp-json\/wp\/v2\/comments?post=96626"}],"version-history":[{"count":1,"href":"https:\/\/rdnews.al\/index.php\/wp-json\/wp\/v2\/posts\/96626\/revisions"}],"predecessor-version":[{"id":96627,"href":"https:\/\/rdnews.al\/index.php\/wp-json\/wp\/v2\/posts\/96626\/revisions\/96627"}],"wp:featuredmedia":[{"embeddable":true,"href":"https:\/\/rdnews.al\/index.php\/wp-json\/wp\/v2\/media\/82610"}],"wp:attachment":[{"href":"https:\/\/rdnews.al\/index.php\/wp-json\/wp\/v2\/media?parent=96626"}],"wp:term":[{"taxonomy":"category","embeddable":true,"href":"https:\/\/rdnews.al\/index.php\/wp-json\/wp\/v2\/categories?post=96626"},{"taxonomy":"post_tag","embeddable":true,"href":"https:\/\/rdnews.al\/index.php\/wp-json\/wp\/v2\/tags?post=96626"}],"curies":[{"name":"wp","href":"https:\/\/api.w.org\/{rel}","templated":true}]}}