{"id":96645,"date":"2024-11-25T22:04:37","date_gmt":"2024-11-25T22:04:37","guid":{"rendered":"https:\/\/rdnews.al\/?p=96645"},"modified":"2024-11-25T22:16:13","modified_gmt":"2024-11-25T22:16:13","slug":"skandali-djali-i-hetuesit-te-spak-ne-vrasjen-e-14-vjecarit-martin-cani-ja-pse-po-nuk-arrestohet-vrasesi-i-dyte","status":"publish","type":"post","link":"https:\/\/rdnews.al\/index.php\/2024\/11\/25\/skandali-djali-i-hetuesit-te-spak-ne-vrasjen-e-14-vjecarit-martin-cani-ja-pse-po-nuk-arrestohet-vrasesi-i-dyte\/","title":{"rendered":"Skandali\/Djali i hetuesit t\u00eb SPAK n\u00eb vrasjen e 14-vje\u00e7arit Martin Cani, ja pse nuk arrestohet vras\u00ebsi i dyt\u00eb"},"content":{"rendered":"<p>Fiqiri Me\u00e7e, babai i shokut t\u00eb 14-vje\u00e7arit Martin Cani, i cili u plagos gjat\u00eb konfliktit dhe q\u00eb momentalisht ndodhet n\u00eb spital ku po merr ndihm\u00ebn mjek\u00ebsore, ka zbuluar se autor\u00eb t\u00eb ngjarjes jan\u00eb dy, dhe jo vet\u00ebm M. P. ndaj t\u00eb cilit \u00ebsht\u00eb marr\u00eb masa e siguris\u00eb \u201cArrest me burg\u201d.<\/p>\n<p>Megjith\u00ebse ai ka denoncuar me em\u00ebr dhe mbiem\u00ebr autorin e dyt\u00eb t\u00eb p\u00ebrfshir\u00eb n\u00eb krim, ai po fshihet nga policia sepse babai i tij \u00ebsht\u00eb hetues n\u00eb SPAK<\/p>\n<p>Ai u shpreh se djali i ka rr\u00ebfyer gjith\u00e7ka, ashtu si\u00e7 ia ka treguar edhe autoriteteve policore, se autori i dyt\u00eb ka pasur nj\u00eb thik\u00eb me t\u00eb cil\u00ebn ka goditur, q\u00eb ka qen\u00eb m\u00eb e vog\u00ebl se ajo q\u00eb i mori jet\u00ebn 14-vje\u00e7arit Cani.<\/p>\n<p>Gazetarja Klodiana Lala, e ftuar n\u00eb emisionin Open n\u00eb News 24 ka dh\u00ebn\u00eb detaje t\u00eb reja n\u00eb lidhje me vrasjen e 14-vje\u00e7arit Martin Cani pran\u00eb shkoll\u00ebs \u201cFan Noli\u201d n\u00eb Tiran\u00eb.<\/p>\n<p>Lala tha se rezulton se dy grupe f\u00ebmij\u00ebsh jan\u00eb p\u00ebrleshur me nj\u00ebri-tjetrin. Ajo tha se edhe Martini, edhe autori i krimit kan\u00eb qen\u00eb t\u00eb shoq\u00ebruar nga persona t\u00eb tjer\u00eb, bashk\u00ebmoshatar\u00eb. Lala deklaroi se shoku i autorit t\u00eb dyshuar t\u00eb ngjarjes \u00ebsht\u00eb djali i nj\u00eb hetuesi t\u00eb SPAK. M\u00eb tej, Lala deklaroi se deri tani grupi hetimor ka dal\u00eb n\u00eb p\u00ebrfundimin se autor i ngjarjes ka qen\u00eb vet\u00ebm nj\u00eb person, nd\u00ebrsa akt-ekspertimi do t\u00eb tregoj\u00eb t\u00eb v\u00ebrtet\u00ebn.<\/p>\n<p><strong>Klodiana Lala:\u00a0<\/strong>\u00c7do prind duhet t\u2019i bashkohet protest\u00ebs. Pas vrasjes s\u00eb Martin Canit, po mbahen n\u00ebn v\u00ebzhgim ambientet e jashtme t\u00eb shkollave. Fatkeq\u00ebsisht, q\u00eb t\u00eb b\u00ebhej kjo, duhet t\u00eb nd\u00ebrronte jet\u00eb nj\u00eb 14-vje\u00e7ar. Mendoj se reagimi \u00ebsht\u00eb me vones\u00eb. Ka \u00e7do dit\u00eb konflikte n\u00eb shkolla, situata \u00ebsht\u00eb alarmante. Protesta p\u00ebr vrasjen e adoleshentit nuk duhet t\u00eb jet\u00eb me ngjyrime politike. N\u00ebse nj\u00eb m\u00ebsues del te protesta, t\u00eb nes\u00ebrmen nuk \u00ebsht\u00eb m\u00eb n\u00eb pun\u00eb. M\u00ebsuesit frik\u00ebsohen t\u00eb dalin n\u00eb protest\u00eb.<\/p>\n<div id=\"beacon_f572544082\">N\u00eb ngjarje kan\u00eb qen\u00eb 5 persona. Martin Cani, ka qen\u00eb me Luizin dhe me djalin e tezes. Vras\u00ebsi i dyshuar ka qen\u00eb me nj\u00eb mikun e tij, q\u00eb nuk \u00ebsht\u00eb ndaluar nga policia, pasi rezulton se nuk \u00ebsht\u00eb p\u00ebrfshir\u00eb n\u00eb ngjarje. Jan\u00eb p\u00ebrleshur dy grupet e f\u00ebmij\u00ebve. Shoku i autorit t\u00eb dyshuar rezulton se \u00ebsht\u00eb djali i nj\u00eb hetuesi t\u00eb BKH, pran\u00eb Prokuroris\u00eb s\u00eb Posa\u00e7me. Grupi i hetimit ka dal\u00eb n\u00eb p\u00ebrfundimin se nuk ka pasur autor t\u00eb dyt\u00eb n\u00eb ngjarje. Por \u00e7\u00ebshtja po hetohet. Me akt-ekspertimin do arrihet n\u00eb p\u00ebrfundimin sesa thika jan\u00eb p\u00ebrdorur n\u00eb ngjarje. Akt-ekspertimi zbardh ngjarjen.<\/div>\n<p>&nbsp;<\/p>\n","protected":false},"excerpt":{"rendered":"<p>Fiqiri Me\u00e7e, babai i shokut t\u00eb 14-vje\u00e7arit Martin Cani, i cili u plagos gjat\u00eb konfliktit dhe q\u00eb momentalisht ndodhet n\u00eb spital ku po merr ndihm\u00ebn mjek\u00ebsore, ka zbuluar se autor\u00eb t\u00eb ngjarjes jan\u00eb dy, dhe jo vet\u00ebm M. P. ndaj t\u00eb cilit \u00ebsht\u00eb marr\u00eb masa e siguris\u00eb \u201cArrest me burg\u201d. Megjith\u00ebse ai ka denoncuar me &hellip;<\/p>\n","protected":false},"author":3,"featured_media":96648,"comment_status":"closed","ping_status":"closed","sticky":false,"template":"","format":"standard","meta":{"footnotes":""},"categories":[37],"tags":[],"class_list":["post-96645","post","type-post","status-publish","format-standard","has-post-thumbnail","","category-politike"],"_links":{"self":[{"href":"https:\/\/rdnews.al\/index.php\/wp-json\/wp\/v2\/posts\/96645","targetHints":{"allow":["GET"]}}],"collection":[{"href":"https:\/\/rdnews.al\/index.php\/wp-json\/wp\/v2\/posts"}],"about":[{"href":"https:\/\/rdnews.al\/index.php\/wp-json\/wp\/v2\/types\/post"}],"author":[{"embeddable":true,"href":"https:\/\/rdnews.al\/index.php\/wp-json\/wp\/v2\/users\/3"}],"replies":[{"embeddable":true,"href":"https:\/\/rdnews.al\/index.php\/wp-json\/wp\/v2\/comments?post=96645"}],"version-history":[{"count":5,"href":"https:\/\/rdnews.al\/index.php\/wp-json\/wp\/v2\/posts\/96645\/revisions"}],"predecessor-version":[{"id":96652,"href":"https:\/\/rdnews.al\/index.php\/wp-json\/wp\/v2\/posts\/96645\/revisions\/96652"}],"wp:featuredmedia":[{"embeddable":true,"href":"https:\/\/rdnews.al\/index.php\/wp-json\/wp\/v2\/media\/96648"}],"wp:attachment":[{"href":"https:\/\/rdnews.al\/index.php\/wp-json\/wp\/v2\/media?parent=96645"}],"wp:term":[{"taxonomy":"category","embeddable":true,"href":"https:\/\/rdnews.al\/index.php\/wp-json\/wp\/v2\/categories?post=96645"},{"taxonomy":"post_tag","embeddable":true,"href":"https:\/\/rdnews.al\/index.php\/wp-json\/wp\/v2\/tags?post=96645"}],"curies":[{"name":"wp","href":"https:\/\/api.w.org\/{rel}","templated":true}]}}