{"id":96709,"date":"2024-11-26T13:33:57","date_gmt":"2024-11-26T13:33:57","guid":{"rendered":"https:\/\/rdnews.al\/?p=96709"},"modified":"2024-11-26T13:44:26","modified_gmt":"2024-11-26T13:44:26","slug":"pergjimet-plan-per-destabilizimin-e-kosoves-nga-tirana-do-vritej-albin-kurti-dhe-nje-zyrtar-tjeter","status":"publish","type":"post","link":"https:\/\/rdnews.al\/index.php\/2024\/11\/26\/pergjimet-plan-per-destabilizimin-e-kosoves-nga-tirana-do-vritej-albin-kurti-dhe-nje-zyrtar-tjeter\/","title":{"rendered":"P\u00ebrgjimet\/Plan p\u00ebr destabilizimin e Kosov\u00ebs nga Tirana, do vritej Albin Kurti dhe nj\u00eb zyrtar tjet\u00ebr"},"content":{"rendered":"<p><strong>Nj\u00eb plan p\u00ebr vrasjen e Kryeministrit t\u00eb Kosov\u00ebs Albin Kurti \u00ebsht\u00eb gatuar nga Tirana. p\u00ebrgjimet nga telefonat sekret\u00eb kan\u00eb zbuluar se kush do t\u00eb ishte autori i k\u00ebtij krimi q\u00eb do t\u00eb destabilizonte Kosov\u00ebs, por nuk \u00ebsht\u00eb gjetur ende porosit\u00ebsi i k\u00ebtij krimi. Aludohet se krimi do t\u00eb kryhej p\u00ebr llogari t\u00eb bandave kriminale, po rn\u00eb Shqip\u00ebri t\u00eb gith\u00eb e din\u00eb se k\u00ebto banda jan\u00eb t\u00eb lidhura me regjimin prej nga ku marrin tendera dhe leje nd\u00ebrtimi. At\u00ebhere kush q\u00ebndrton pas planit p\u00ebr vrasjen e Albin Kurtit? Kjo \u00ebst\u00eb pyetja q\u00eb duhet ti jap\u00eb p\u00ebrgjigje SPAK.<\/strong><\/p>\n<p class=\"jeg_post_title\"><strong>SPAK zbardh atentatin ndaj Ardian \u00c7apjas, qit\u00ebsi ishte snajperisti Prek Kodra<\/strong><\/p>\n<p>Bazuar n\u00eb bisedat e aplikacionit t\u00eb enkriptuar \u201cSky Ecc\u201d, SPAK ka zbardhur dhe atentatin ndaj Ardian \u00c7apja, i regjistruar m\u00eb 8 Qershor t\u00eb vitit 2020. N\u00eb at\u00eb koh\u00ebn \u00c7apja u q\u00ebllua me arm\u00eb zjarri snajper nga nj\u00eb distanc\u00eb e larg\u00ebt, teksa ai ndodhej n\u00eb oborrin e vil\u00ebs s\u00eb tij n\u00eb Elbasan, t\u00eb monitoruar n\u00eb cdo cep nga kamerat, teksa qit\u00ebsi dyshohet se ishte pozicionuar n\u00eb kodr\u00ebn e Krast\u00ebs.<\/p>\n<p>\u00c7apja arriti q\u00eb t\u2019i shp\u00ebtoj\u00eb atentatit, teksa mori nj\u00eb plumb n\u00eb shpatull\u00ebn e majt\u00eb, pran\u00eb zemr\u00ebs. N\u00eb momentin q\u00eb u rr\u00ebzua dhe ra n\u00eb tok\u00eb, ai mori edhe nj\u00eb fraktur\u00eb n\u00eb kok\u00eb. \u00c7apja\u00a0u d\u00ebrgua fillimisht n\u00eb spitalin e Elbasanit dhe m\u00eb pas u transportua n\u00eb Tiran\u00eb te \u201cTrauma\u201d, ku iu n\u00ebnshtrua nj\u00eb nd\u00ebrhyrje kirurgjikale dhe arriti t\u2019i shp\u00ebtonte plag\u00ebs s\u00eb marr\u00eb.<\/p>\n<p>Nga operacioni i fundit i SPAK, m\u00ebsohet se autori i dyshuar i k\u00ebtij atentati ka qen\u00eb snajperisti Prek\u00eb Kodra, ndaj t\u00eb cilit \u00ebsht\u00eb l\u00ebshuar nj\u00eb urdh\u00ebr-arresti, nd\u00ebrsa porosit\u00ebs ka qen\u00eb grupi i Suel \u00c7el\u00ebs.<\/p>\n<p>Prek\u00eb Kodra \u00ebsht\u00eb shpallur n\u00eb k\u00ebrkim nga SPAK edhe n\u00eb dy operacione t\u00eb m\u00ebparshme t\u00eb SPAK, teksa dyshohet se \u00ebsht\u00eb nj\u00eb vras\u00ebs me pages\u00eb i p\u00ebrfshir\u00eb n\u00eb disa ngjarje kriminale n\u00eb Shqip\u00ebri dhe n\u00eb Kosov\u00eb.<\/p>\n<p>Me origjin\u00eb nga fshati Shtoj i Ri i Shkodr\u00ebs, Prek Kodra konsiderohet si nj\u00eb person me rrezikshm\u00ebri t\u00eb lart\u00eb, i dyshuar edhe p\u00ebr nj\u00eb atentat t\u00eb mundsh\u00ebm ndaj kryeministrit t\u00eb Kosov\u00ebs, Albin Kurti n\u00eb vitin 2021. Kjo u zbulua nga e mail-et e ish-drejtorit t\u00eb Policis\u00eb s\u00eb Shtetit, Gledis Nano, t\u00eb cilat u nxor\u00ebn n\u00eb publik nga grupi i hakerave iranian\u00eb, pas hakerimit t\u00eb institucioneve shtet\u00ebrore.<\/p>\n<p>Sipas dokumentit t\u00eb Nj\u00ebsis\u00eb Kund\u00ebr Terrorizmit, roli i Prek Kodr\u00ebs n\u00eb serin\u00eb e atentateve q\u00eb kishin p\u00ebr q\u00ebllim destabilizimin politik t\u00eb Kosov\u00ebs, ishte ai i atentatorit\/vras\u00ebsit. Ai p\u00ebrshkruhej si person q\u00eb dinte se si t\u00eb p\u00ebrdorte edhe arm\u00ebn e zjarrit snajper dhe dyshohej se ishte p\u00ebrfshir\u00eb n\u00eb disa vrasje n\u00eb Kosov\u00eb dhe Mal t\u00eb Zi.<\/p>\n<p>Sipas planit, fillimisht do t\u00eb vritej nj\u00eb komandant i U\u00c7K-s\u00eb Ismet Haxha dhe m\u00eb pas deputeti Xhavit Haliti. Nj\u00eb muaj pas vrasjes s\u00eb deputetit t\u00eb PDK-s\u00eb, do t\u00eb vritej edhe Albin Kurti p\u00ebr t\u2019u dukur si akt hakmarrjeje.<\/p>\n","protected":false},"excerpt":{"rendered":"<p>Nj\u00eb plan p\u00ebr vrasjen e Kryeministrit t\u00eb Kosov\u00ebs Albin Kurti \u00ebsht\u00eb gatuar nga Tirana. p\u00ebrgjimet nga telefonat sekret\u00eb kan\u00eb zbuluar se kush do t\u00eb ishte autori i k\u00ebtij krimi q\u00eb do t\u00eb destabilizonte Kosov\u00ebs, por nuk \u00ebsht\u00eb gjetur ende porosit\u00ebsi i k\u00ebtij krimi. Aludohet se krimi do t\u00eb kryhej p\u00ebr llogari t\u00eb bandave kriminale, po &hellip;<\/p>\n","protected":false},"author":3,"featured_media":96710,"comment_status":"closed","ping_status":"closed","sticky":false,"template":"","format":"standard","meta":{"footnotes":""},"categories":[38],"tags":[],"class_list":["post-96709","post","type-post","status-publish","format-standard","has-post-thumbnail","","category-bota"],"_links":{"self":[{"href":"https:\/\/rdnews.al\/index.php\/wp-json\/wp\/v2\/posts\/96709","targetHints":{"allow":["GET"]}}],"collection":[{"href":"https:\/\/rdnews.al\/index.php\/wp-json\/wp\/v2\/posts"}],"about":[{"href":"https:\/\/rdnews.al\/index.php\/wp-json\/wp\/v2\/types\/post"}],"author":[{"embeddable":true,"href":"https:\/\/rdnews.al\/index.php\/wp-json\/wp\/v2\/users\/3"}],"replies":[{"embeddable":true,"href":"https:\/\/rdnews.al\/index.php\/wp-json\/wp\/v2\/comments?post=96709"}],"version-history":[{"count":2,"href":"https:\/\/rdnews.al\/index.php\/wp-json\/wp\/v2\/posts\/96709\/revisions"}],"predecessor-version":[{"id":96712,"href":"https:\/\/rdnews.al\/index.php\/wp-json\/wp\/v2\/posts\/96709\/revisions\/96712"}],"wp:featuredmedia":[{"embeddable":true,"href":"https:\/\/rdnews.al\/index.php\/wp-json\/wp\/v2\/media\/96710"}],"wp:attachment":[{"href":"https:\/\/rdnews.al\/index.php\/wp-json\/wp\/v2\/media?parent=96709"}],"wp:term":[{"taxonomy":"category","embeddable":true,"href":"https:\/\/rdnews.al\/index.php\/wp-json\/wp\/v2\/categories?post=96709"},{"taxonomy":"post_tag","embeddable":true,"href":"https:\/\/rdnews.al\/index.php\/wp-json\/wp\/v2\/tags?post=96709"}],"curies":[{"name":"wp","href":"https:\/\/api.w.org\/{rel}","templated":true}]}}