{"id":96878,"date":"2024-11-27T10:52:17","date_gmt":"2024-11-27T10:52:17","guid":{"rendered":"https:\/\/rdnews.al\/?p=96878"},"modified":"2024-11-27T10:52:17","modified_gmt":"2024-11-27T10:52:17","slug":"lirimi-i-berishes-meta-urime-per-te-gjithe-qytetaret-mirenjohje-per-gjykaten-e-strasburgut","status":"publish","type":"post","link":"https:\/\/rdnews.al\/index.php\/2024\/11\/27\/lirimi-i-berishes-meta-urime-per-te-gjithe-qytetaret-mirenjohje-per-gjykaten-e-strasburgut\/","title":{"rendered":"Lirimi i Berish\u00ebs, Meta: Urime p\u00ebr t\u00eb gjith\u00eb qytetar\u00ebt! Mir\u00ebnjohje p\u00ebr Gjykat\u00ebn e Strasburgut!"},"content":{"rendered":"<p>Kryetari i Partis\u00eb s\u00eb Liris\u00eb, Ilir Meta i rr\u00ebmbyer nga forcat e policis\u00eb dhe i arrestuar politikisht, ka reaguar pas vendimit t\u00eb Gjykat\u00ebs s\u00eb Posa\u00d6me, q\u00eb ka rr\u00ebzuar mas\u00ebn e siguris\u00eb ndaj kryetarit t\u00eb PD-s\u00eb, Sali Berisha.<\/p>\n<p><strong>Mesazhi i Ilir Met\u00ebs<\/strong><\/p>\n<p>P\u00ebrsh\u00ebndetjet m\u00eb t\u00eb p\u00ebrzem\u00ebrta p\u00ebr liderin e Partis\u00eb Demokratike, Prof. Dr. Sali Berisha dhe urime p\u00ebr t\u00eb gjith\u00eb qytetar\u00ebt q\u00eb duan dhe meritojn\u00eb nj\u00eb shtet t\u00eb s\u00eb drejt\u00ebs!<\/p>\n<p>N\u00eb ve\u00e7anti, dua t\u00eb p\u00ebrsh\u00ebndes Prof. Dr. Berish\u00ebn me deklarat\u00ebn time, si President i Republik\u00ebs, t\u00eb b\u00ebr\u00eb m\u00eb 22 maj 2021, kur ai u shpall \u2018non grata\u2019, sepse gjithmon\u00eb kam qen\u00eb i bindur se ajo flet\u00ebrrufe u hartua kund\u00ebr tij nga Edi Rama, Sorosi, Charles McGonigal, Rossini dhe Mcgonigal\u00ebt e tjer\u00eb p\u00ebr t\u00eb shkat\u00ebrruar pluralizimin politik p\u00ebr q\u00ebllime korruptive dhe helmuar marr\u00ebdh\u00ebniet mes Shqip\u00ebris\u00eb dhe SHBA.<\/p>\n<p>Mir\u00ebnjohje t\u00eb jasht\u00ebzakonshme edhe p\u00ebr Gjykat\u00ebn e Strasburgut, q\u00eb si asnj\u00ebher\u00eb tjet\u00ebr, e ka klasifikuar rastin \u2018Berisha\u2019 si \u2018leading case\u2019, pra t\u00eb r\u00ebnd\u00ebsish\u00ebm dhe e kan\u00eb komunikuar shum\u00eb shpejt k\u00ebt\u00eb njoftim, pa pritur shterim t\u00eb gjykatave t\u00eb brendshme.<\/p>\n<p>Desorosifikimi drejt\u00ebsis\u00eb dhe shoq\u00ebris\u00eb ton\u00eb \u00ebsht\u00eb nj\u00eb emergjenc\u00eb komb\u00ebtare p\u00ebr t\u00eb rivendosur shtetin e s\u00eb drejt\u00ebs dhe mbrojtur interesat komb\u00ebtare.<\/p>\n","protected":false},"excerpt":{"rendered":"<p>Kryetari i Partis\u00eb s\u00eb Liris\u00eb, Ilir Meta i rr\u00ebmbyer nga forcat e policis\u00eb dhe i arrestuar politikisht, ka reaguar pas vendimit t\u00eb Gjykat\u00ebs s\u00eb Posa\u00d6me, q\u00eb ka rr\u00ebzuar mas\u00ebn e siguris\u00eb ndaj kryetarit t\u00eb PD-s\u00eb, Sali Berisha. Mesazhi i Ilir Met\u00ebs P\u00ebrsh\u00ebndetjet m\u00eb t\u00eb p\u00ebrzem\u00ebrta p\u00ebr liderin e Partis\u00eb Demokratike, Prof. Dr. Sali Berisha dhe &hellip;<\/p>\n","protected":false},"author":4,"featured_media":96879,"comment_status":"closed","ping_status":"closed","sticky":false,"template":"","format":"standard","meta":{"footnotes":""},"categories":[37],"tags":[],"class_list":["post-96878","post","type-post","status-publish","format-standard","has-post-thumbnail","","category-politike"],"_links":{"self":[{"href":"https:\/\/rdnews.al\/index.php\/wp-json\/wp\/v2\/posts\/96878","targetHints":{"allow":["GET"]}}],"collection":[{"href":"https:\/\/rdnews.al\/index.php\/wp-json\/wp\/v2\/posts"}],"about":[{"href":"https:\/\/rdnews.al\/index.php\/wp-json\/wp\/v2\/types\/post"}],"author":[{"embeddable":true,"href":"https:\/\/rdnews.al\/index.php\/wp-json\/wp\/v2\/users\/4"}],"replies":[{"embeddable":true,"href":"https:\/\/rdnews.al\/index.php\/wp-json\/wp\/v2\/comments?post=96878"}],"version-history":[{"count":1,"href":"https:\/\/rdnews.al\/index.php\/wp-json\/wp\/v2\/posts\/96878\/revisions"}],"predecessor-version":[{"id":96880,"href":"https:\/\/rdnews.al\/index.php\/wp-json\/wp\/v2\/posts\/96878\/revisions\/96880"}],"wp:featuredmedia":[{"embeddable":true,"href":"https:\/\/rdnews.al\/index.php\/wp-json\/wp\/v2\/media\/96879"}],"wp:attachment":[{"href":"https:\/\/rdnews.al\/index.php\/wp-json\/wp\/v2\/media?parent=96878"}],"wp:term":[{"taxonomy":"category","embeddable":true,"href":"https:\/\/rdnews.al\/index.php\/wp-json\/wp\/v2\/categories?post=96878"},{"taxonomy":"post_tag","embeddable":true,"href":"https:\/\/rdnews.al\/index.php\/wp-json\/wp\/v2\/tags?post=96878"}],"curies":[{"name":"wp","href":"https:\/\/api.w.org\/{rel}","templated":true}]}}