{"id":96950,"date":"2024-11-27T15:27:10","date_gmt":"2024-11-27T15:27:10","guid":{"rendered":"https:\/\/rdnews.al\/?p=96950"},"modified":"2024-11-27T15:27:10","modified_gmt":"2024-11-27T15:27:10","slug":"alizoti-lirimi-i-liderit-te-pd-demaskimi-me-i-qarte-i-nje-akuze-politike","status":"publish","type":"post","link":"https:\/\/rdnews.al\/index.php\/2024\/11\/27\/alizoti-lirimi-i-liderit-te-pd-demaskimi-me-i-qarte-i-nje-akuze-politike\/","title":{"rendered":"Alizoti: Lirimi i liderit t\u00eb PD, demaskimi m\u00eb i qart\u00eb i nj\u00eb akuze politike!"},"content":{"rendered":"<p>Drejtuesi politik i PD p\u00ebr qarkun e Elbasanit, deputeti Tomorr Alizoti ka reaguar pas vendimit p\u00ebr lirimin e liderit demokrat nga arresti sht\u00ebpiak.<\/p>\n<p>N\u00eb nje reagim n\u00eb rrjetin social Facebook, Alizoti thot\u00eb se vendimi p\u00ebr lirimin e liderit t\u00eb PD \u00ebsht\u00eb demaskimi m\u00eb i qart\u00eb i nj\u00eb akuz\u00eb politike.<\/p>\n<p><strong>Postimi<\/strong><\/p>\n<p>Sido q\u00eb ta paketosh nj\u00eb g\u00ebnjesht\u00ebr, ajo s\u00ebrish do t\u00eb jet\u00eb e sh\u00ebmtuar dhe do t\u00eb ket\u00eb fundin e vet.<\/p>\n<p>Vendimi p\u00ebr lirimin e liderit t\u00eb PD-s\u00eb \u00ebsht\u00eb demaskimi m\u00eb i qart\u00eb i nj\u00eb akuze politike. E paketuar nga jurist\u00eb t\u00eb PS dhe e lexuar nga p\u00ebrkrah\u00ebs t\u00eb qeveris\u00eb n\u00eb prokurori, akuzat ndaj liderit t\u00eb opozit\u00ebs nuk kishin t\u00eb b\u00ebnin me gjetjen e padrejt\u00ebsive n\u00eb vendimet e tij, por thjesht me luft\u00ebn politike ndaj tij.<\/p>\n<p>Q\u00eb nga k\u00ebrkesa e par\u00eb m\u00eb shum\u00eb se nj\u00eb viti deri tek t\u00eb gjith\u00eb vendimet e gjykatave, t\u00eb gjitha ishin t\u00eb sforcuara, duke shpikur e interpretuar nene e paragraf\u00eb t\u00eb ligjeve e kushtetut\u00ebs, me q\u00ebllimin e vet\u00ebm t\u00eb d\u00ebmtimit t\u00eb Sali Berish\u00ebs, jo si ish-kryeminist\u00ebr, por si lider i sot\u00ebm i opozit\u00ebs. Gjat\u00eb k\u00ebtij viti t\u00eb izolimit sht\u00ebpiak t\u00eb kryetarit t\u00eb PD-s\u00eb, drejt\u00ebsia e re u furnizua me dosje nga Franca, Belgjika, Gjermania e deri nga Amerika latine, ku eksponent\u00ebt me t\u00eb lart\u00eb t\u00eb qeveris\u00eb dhe PS b\u00ebnin pazare me trafikant\u00eb kokaine. Ku vras\u00ebsit vendosin listat e deputet\u00ebve t\u00eb Edi Ram\u00ebs. Ku Taulant Balla, denoncuesi i Berish\u00ebs, del si i paguar nga kartelet e kokain\u00ebs n\u00eb Elbasan. Ku Shkodra qeveriset nga kriminel\u00eb, q\u00eb ndajn\u00eb toka me firm\u00ebn e kryeministrit. Gjate koh\u00ebs q\u00eb drejt\u00ebsia e re izolonte Berish\u00ebn dhe p\u00ebrpiqej t\u00eb shpikte fakte, n\u00eb \u00e7do dokument i shfaqej firma e Edi Ram\u00ebs.<\/p>\n<p>Dhe pas 1 viti, nuk pati m\u00eb asnj\u00eb individ t\u00eb logjiksh\u00ebm n\u00eb vend, nuk pati m\u00eb asnj\u00eb diplomat q\u00eb rri n\u00eb Tiran\u00eb, asnj\u00eb p\u00ebrfaq\u00ebsues t\u00eb huaj q\u00eb mos t\u00eb kuptonte se vendimi i izolimit t\u00eb Berish\u00ebs nuk kishte t\u00eb b\u00ebnte me drejt\u00ebsin\u00eb, por me d\u00ebshirat politike t\u00eb Edi Ram\u00ebs. Sot u v\u00ebrtetua se prokuror\u00ebt anti-opozit\u00eb, k\u00ebrkonin bllokimi e liderit t\u00eb PD-s\u00eb dhe jo hetimin e ish-kryeministrit Berisha. Sot drejt\u00ebsia e re, e cila nuk po b\u00ebn asnj\u00eb hetim t\u00eb vetin ndaj qeverisjes s\u00eb Edi Ram\u00ebs, por po mbytet nga p\u00ebrgjimet e vendeve t\u00eb BE-s\u00eb, p\u00ebr Edi Ram\u00ebn dhe vart\u00ebsit e tij trafikant\u00eb, vendosi t\u00eb pakt\u00ebn t\u00eb mbronte fytyr\u00ebn e vet.<\/p>\n<p>E paaft\u00eb t\u00eb zbuloj\u00eb ndikimin e krimit n\u00eb politik\u00eb, e pamundur t\u00eb hetoj\u00eb qeverisjen e rilindjes e ndaluar t\u00eb arrestoj\u00eb Edi Ram\u00ebn, si kryeministrin e qeverisjes m\u00eb t\u00eb inkriminuar n\u00eb bot\u00eb, drejt\u00ebsia e re po mundohet t\u00eb shp\u00ebtoj\u00eb veten. Sot kur rryma politike nga SHBA drejt BE-s\u00eb po ndryshon qasje. Ku kancelar\u00ebt q\u00eb japin miliona euro p\u00ebr \u201cReform\u00ebn\u201d, po habiten me pamund\u00ebsin\u00eb e SPAK-ut dhe Gjykatave p\u00ebr hetimin e Edi Ram\u00ebs, drejt\u00ebsia e re vendosi t\u00eb vet\u00ebmbrohet. Me shpres\u00ebn se nuk do t\u00eb kaloj\u00eb n\u00eb filtrat e atyre q\u00eb parat\u00eb e taksapaguesve t\u00eb BE-s\u00eb dhe SHBA-s\u00eb, po i harxhojn\u00eb p\u00ebr t\u00eb mbrojtur krimin n\u00eb qeverisje.<\/p>\n<p>Por, fryma e re nuk mund t\u00eb ndalohet. Lirimi i liderit t\u00eb opozit\u00ebs \u00ebsht\u00eb shembulli m\u00eb i qart\u00eb se ajo po vjen edhe n\u00eb Shqip\u00ebri. Sot, Berisha \u00ebsht\u00eb n\u00eb dit\u00ebn e par\u00eb t\u00eb pun\u00ebs si lideri i shumic\u00ebs s\u00eb shqiptar\u00ebve q\u00eb nuk bien dakord me krimin n\u00eb qeveri, me korrupsionin si model, dhe me simbioz\u00ebn politik\u00eb-kokain\u00eb q\u00eb po drejton nga viti 2013. Nuk do t\u00eb ket\u00eb asnj\u00ebher\u00eb paqe p\u00ebr ata q\u00eb shit\u00ebn qeverisjen tek trafikant\u00ebt e drog\u00ebs, p\u00ebr ata q\u00eb shit\u00ebn vendet e deputet\u00ebve tek kriminel\u00ebt, p\u00ebr ata q\u00eb shit\u00ebn ministrat tek vras\u00ebsit me pages\u00eb, p\u00ebr ata q\u00eb shit\u00ebn drejt\u00ebsin\u00eb e re, t\u00eb financuar nga qytetar\u00ebt e BE-s\u00eb dhe SHBA-s\u00eb tek Edi Rama.<\/p>\n","protected":false},"excerpt":{"rendered":"<p>Drejtuesi politik i PD p\u00ebr qarkun e Elbasanit, deputeti Tomorr Alizoti ka reaguar pas vendimit p\u00ebr lirimin e liderit demokrat nga arresti sht\u00ebpiak. N\u00eb nje reagim n\u00eb rrjetin social Facebook, Alizoti thot\u00eb se vendimi p\u00ebr lirimin e liderit t\u00eb PD \u00ebsht\u00eb demaskimi m\u00eb i qart\u00eb i nj\u00eb akuz\u00eb politike. Postimi Sido q\u00eb ta paketosh nj\u00eb &hellip;<\/p>\n","protected":false},"author":4,"featured_media":96951,"comment_status":"closed","ping_status":"closed","sticky":false,"template":"","format":"standard","meta":{"footnotes":""},"categories":[37],"tags":[],"class_list":["post-96950","post","type-post","status-publish","format-standard","has-post-thumbnail","","category-politike"],"_links":{"self":[{"href":"https:\/\/rdnews.al\/index.php\/wp-json\/wp\/v2\/posts\/96950","targetHints":{"allow":["GET"]}}],"collection":[{"href":"https:\/\/rdnews.al\/index.php\/wp-json\/wp\/v2\/posts"}],"about":[{"href":"https:\/\/rdnews.al\/index.php\/wp-json\/wp\/v2\/types\/post"}],"author":[{"embeddable":true,"href":"https:\/\/rdnews.al\/index.php\/wp-json\/wp\/v2\/users\/4"}],"replies":[{"embeddable":true,"href":"https:\/\/rdnews.al\/index.php\/wp-json\/wp\/v2\/comments?post=96950"}],"version-history":[{"count":1,"href":"https:\/\/rdnews.al\/index.php\/wp-json\/wp\/v2\/posts\/96950\/revisions"}],"predecessor-version":[{"id":96952,"href":"https:\/\/rdnews.al\/index.php\/wp-json\/wp\/v2\/posts\/96950\/revisions\/96952"}],"wp:featuredmedia":[{"embeddable":true,"href":"https:\/\/rdnews.al\/index.php\/wp-json\/wp\/v2\/media\/96951"}],"wp:attachment":[{"href":"https:\/\/rdnews.al\/index.php\/wp-json\/wp\/v2\/media?parent=96950"}],"wp:term":[{"taxonomy":"category","embeddable":true,"href":"https:\/\/rdnews.al\/index.php\/wp-json\/wp\/v2\/categories?post=96950"},{"taxonomy":"post_tag","embeddable":true,"href":"https:\/\/rdnews.al\/index.php\/wp-json\/wp\/v2\/tags?post=96950"}],"curies":[{"name":"wp","href":"https:\/\/api.w.org\/{rel}","templated":true}]}}