{"id":96991,"date":"2024-11-27T18:23:36","date_gmt":"2024-11-27T18:23:36","guid":{"rendered":"https:\/\/rdnews.al\/?p=96991"},"modified":"2024-11-27T18:23:36","modified_gmt":"2024-11-27T18:23:36","slug":"rruga-e-shpreses-i-fundosi-sado-bandat-e-klanet-mafioze-ti-sponsorizojne","status":"publish","type":"post","link":"https:\/\/rdnews.al\/index.php\/2024\/11\/27\/rruga-e-shpreses-i-fundosi-sado-bandat-e-klanet-mafioze-ti-sponsorizojne\/","title":{"rendered":"\u201cRruga e Shpres\u00ebs\u201d i fundosi sado bandat e klanet mafioze t\u2019i sponsorizojn\u00eb!"},"content":{"rendered":"<p><strong>Nga Alba KEPI<\/strong><\/p>\n<p>Menduan se arrit\u00ebn t\u00eb na zhduknin.<br \/>\nNuk ia dol\u00ebn&#8230;<br \/>\nMenduan se ia dol\u00ebn t\u00eb na gjysmonin&#8230;<br \/>\nNuk ia arrit\u00ebn!<br \/>\nMenduan se mund\u00ebn t\u00eb na luftojn\u00eb nj\u00ebri me tjetrin&#8230;<br \/>\nNuk ia dol\u00ebn!<br \/>\nNuk jan\u00eb n\u00eb lart\u00ebsin\u00eb e frym\u00ebs s\u00eb demokrat\u00ebve q\u00eb i bashkon patriotizmi, liria e vlerat m\u00eb dometh\u00ebn\u00ebse t\u00eb dinjitetit njer\u00ebzor.<br \/>\nMenduan t\u00eb dhunojn\u00eb, sulmojn\u00eb, shantazhojn\u00eb, k\u00ebrc\u00ebnojn\u0119 cdo demokrat q\u00eb tek Rruga e shpres\u00ebs k\u00ebrkonte drejt\u00ebsin\u00eb, shpres\u00ebn, t\u00eb ardhmen, ekzistenc\u00ebn, atdheun, kombin, sofr\u00ebn.<br \/>\nNuk ia arrit\u00ebn!<br \/>\nAntikomunizmi e antidiktatura nuk i zhdukin dot sado t\u00eb manipulojn\u00eb historin\u00eb.<br \/>\nRrug\u00ebtimi prej sot \u00ebsht\u00eb m\u00eb motivues se Rruga e Shpres\u00ebs i fundosi me sinjalin se nuk jan\u00eb kaq t\u00eb fort\u00eb sa propagandojn\u00eb sado bandat e klanet mafioze ti sponsorizojn\u00eb!<\/p>\n","protected":false},"excerpt":{"rendered":"<p>Nga Alba KEPI Menduan se arrit\u00ebn t\u00eb na zhduknin. Nuk ia dol\u00ebn&#8230; Menduan se ia dol\u00ebn t\u00eb na gjysmonin&#8230; Nuk ia arrit\u00ebn! Menduan se mund\u00ebn t\u00eb na luftojn\u00eb nj\u00ebri me tjetrin&#8230; Nuk ia dol\u00ebn! Nuk jan\u00eb n\u00eb lart\u00ebsin\u00eb e frym\u00ebs s\u00eb demokrat\u00ebve q\u00eb i bashkon patriotizmi, liria e vlerat m\u00eb dometh\u00ebn\u00ebse t\u00eb dinjitetit njer\u00ebzor. Menduan &hellip;<\/p>\n","protected":false},"author":4,"featured_media":75101,"comment_status":"closed","ping_status":"closed","sticky":false,"template":"","format":"standard","meta":{"footnotes":""},"categories":[44],"tags":[],"class_list":["post-96991","post","type-post","status-publish","format-standard","has-post-thumbnail","","category-editorial"],"_links":{"self":[{"href":"https:\/\/rdnews.al\/index.php\/wp-json\/wp\/v2\/posts\/96991","targetHints":{"allow":["GET"]}}],"collection":[{"href":"https:\/\/rdnews.al\/index.php\/wp-json\/wp\/v2\/posts"}],"about":[{"href":"https:\/\/rdnews.al\/index.php\/wp-json\/wp\/v2\/types\/post"}],"author":[{"embeddable":true,"href":"https:\/\/rdnews.al\/index.php\/wp-json\/wp\/v2\/users\/4"}],"replies":[{"embeddable":true,"href":"https:\/\/rdnews.al\/index.php\/wp-json\/wp\/v2\/comments?post=96991"}],"version-history":[{"count":1,"href":"https:\/\/rdnews.al\/index.php\/wp-json\/wp\/v2\/posts\/96991\/revisions"}],"predecessor-version":[{"id":96992,"href":"https:\/\/rdnews.al\/index.php\/wp-json\/wp\/v2\/posts\/96991\/revisions\/96992"}],"wp:featuredmedia":[{"embeddable":true,"href":"https:\/\/rdnews.al\/index.php\/wp-json\/wp\/v2\/media\/75101"}],"wp:attachment":[{"href":"https:\/\/rdnews.al\/index.php\/wp-json\/wp\/v2\/media?parent=96991"}],"wp:term":[{"taxonomy":"category","embeddable":true,"href":"https:\/\/rdnews.al\/index.php\/wp-json\/wp\/v2\/categories?post=96991"},{"taxonomy":"post_tag","embeddable":true,"href":"https:\/\/rdnews.al\/index.php\/wp-json\/wp\/v2\/tags?post=96991"}],"curies":[{"name":"wp","href":"https:\/\/api.w.org\/{rel}","templated":true}]}}