{"id":96996,"date":"2024-11-27T18:52:06","date_gmt":"2024-11-27T18:52:06","guid":{"rendered":"https:\/\/rdnews.al\/?p=96996"},"modified":"2024-11-27T18:52:19","modified_gmt":"2024-11-27T18:52:19","slug":"lirimi-i-berishes-deputetet-e-forca-italia-e-drejta-ishte-demtuar-rende","status":"publish","type":"post","link":"https:\/\/rdnews.al\/index.php\/2024\/11\/27\/lirimi-i-berishes-deputetet-e-forca-italia-e-drejta-ishte-demtuar-rende\/","title":{"rendered":"Lirimi i Berish\u00ebs\/ Deputet\u00ebt e Forca Italia: E drejta ishte d\u00ebmtuar r\u00ebnd\u00eb!"},"content":{"rendered":"<div class=\"readmore-text-here\">\n<p>Kryetari i PD, Dega Rom\u00eb, Bardhok Doda ka publikuar reagim e dy deputet\u00ebve t\u00eb Forca Italia n\u00eb Itali, n\u00eb lidhje me lirimin e kryetarit t\u00eb PD, Sali Berisha nga arresti sht\u00ebpiak prej 11 muajsh, nj\u00eb vendim politik i dirigjuar nga Edi Rama.<\/p>\n<p>N\u00eb reagimin e tyre, deputet\u00ebt e Forca Italia, Erica Mazzetti dhe Alessandro Battilocchio theksojn\u00eb se arresti sht\u00ebpiak i kryetarit t\u00eb PD, Sali Berisha ka zgjatur shum\u00eb muaj, pa nj\u00eb d\u00ebnim t\u00eb formuar, por vet\u00ebm me nj\u00eb akuz\u00eb p\u00ebr korrupsion.<\/p>\n<p>\u2018Berisha ka b\u00ebr\u00eb shum\u00eb p\u00ebr Shqip\u00ebrin\u00eb, edhe fal\u00eb bashk\u00ebpunimit me presidentin ton\u00eb, Silvio Berlusconi: ai ka thyer izolimin q\u00eb diktatura e kishte imponuar dhe ka nisur vendin drejt nj\u00eb ekonomie t\u00eb lir\u00eb dhe nj\u00eb demokracie m\u00eb efikase. Edhe pse mbetet ende shum\u00eb p\u00ebr t\u00eb b\u00ebr\u00eb, Italia nuk do t\u00eb hezitoj\u00eb kurr\u00eb t\u00eb ofroj\u00eb mb\u00ebshtetje p\u00ebr miqt\u00eb tan\u00eb shqiptar\u00eb\u2019, thuhet n\u00eb reagimin e tyre.<\/p>\n<p>Gjithashtu deputet\u00ebt italian\u00eb jan\u00eb shprehur se \u2018mbrojtja e individit \u00ebsht\u00eb nj\u00eb parim thelb\u00ebsor p\u00ebr t&#8217;u p\u00ebrfshir\u00eb n\u00eb Europ\u00eb, dhe ky revokim, i konfirmuar nga nj\u00eb gjykat\u00eb shqiptare, si\u00e7 m\u00ebsojm\u00eb, rikthen nj\u00eb gjendje t\u00eb t\u00eb drejt\u00ebs, e cila ishte d\u00ebmtuar r\u00ebnd\u00eb\u2019.<\/p>\n<p><strong>Postimi i plot\u00eb<\/strong><\/p>\n<p>Shqip\u00ebria, Mazzetti dhe Battilocchio (FI): &#8220;Revokimi i arrestit t\u00eb Berish\u00ebs \u00ebsht\u00eb nj\u00eb lajm i mir\u00eb, do t\u00eb bashk\u00ebpunojm\u00eb p\u00ebr thellimin e sistemit liberali dhe demokratik&#8221;<\/p>\n<p>Rom\u00eb, 27 n\u00ebntor. \u2013 &#8220;M\u00ebsojm\u00eb me k\u00ebnaq\u00ebsi lajmin p\u00ebr revokimin e arrestit sht\u00ebpiak ndaj ish-Presidentit t\u00eb Shqip\u00ebris\u00eb, Sali Berisha. Arresti sht\u00ebpiak ka zgjatur shum\u00eb, shum\u00eb muaj, pa nj\u00eb d\u00ebnim t\u00eb formuar, por vet\u00ebm me nj\u00eb akuz\u00eb p\u00ebr korrupsion. Sigurisht, Berisha ka b\u00ebr\u00eb shum\u00eb p\u00ebr Shqip\u00ebrin\u00eb, edhe fal\u00eb bashk\u00ebpunimit me presidentin ton\u00eb, Silvio Berlusconi: ai ka thyer izolimin q\u00eb diktatura e kishte imponuar dhe ka nisur vendin drejt nj\u00eb ekonomie t\u00eb lir\u00eb dhe nj\u00eb demokracie m\u00eb efikase.<\/p>\n<p>Edhe pse mbetet ende shum\u00eb p\u00ebr t\u00eb b\u00ebr\u00eb, Italia nuk do t\u00eb hezitoj\u00eb kurr\u00eb t\u00eb ofroj\u00eb mb\u00ebshtetje p\u00ebr miqt\u00eb tan\u00eb shqiptar\u00eb. Mbrojtja e individit \u00ebsht\u00eb nj\u00eb parim thelb\u00ebsor p\u00ebr t&#8217;u p\u00ebrfshir\u00eb n\u00eb Europ\u00eb, dhe ky revokim, i konfirmuar nga nj\u00eb gjykat\u00eb shqiptare, si\u00e7 m\u00ebsojm\u00eb, rikthen nj\u00eb gjendje t\u00eb t\u00eb drejt\u00ebs, e cila ishte d\u00ebmtuar r\u00ebnd\u00eb. Pjes\u00ebmarrja e opozitave, angazhimi i tyre n\u00eb procesin demokratik, dhe mbrojtja e t\u00eb drejtave t\u00eb tyre jan\u00eb shtyllat kryesore p\u00ebr t&#8217;u b\u00ebr\u00eb pjes\u00eb e Bashkimit Europian, nj\u00eb objektiv q\u00eb \u00ebsht\u00eb gjithnj\u00eb e m\u00eb pran\u00eb Shqip\u00ebris\u00eb, mikut dhe aleatit ton\u00eb natyral&#8221;.<\/p>\n<p>K\u00ebshtu deklaruan, n\u00eb nj\u00eb njoftim t\u00eb p\u00ebrbashk\u00ebt, deputet\u00ebt e Forza Italia, On. Erica Mazzetti dhe On. Alessandro Battilocchio.<\/p>\n<p><a href=\"https:\/\/www.syri.net\/fotogaleria\/742857\/lirimi-i-berishes-deputetet-e-forca-italia-arresti-shtepiak-ka-zgjatur-shume-e-drejta-ishte-demtuar-rende\/\" target=\"_blank\" rel=\"noopener\"><img decoding=\"async\" src=\"https:\/\/www.syri.net\/uploads\/syri.net\/images\/2024\/November\/27\/auto_468401417_548339757908960_8856155781609767514_n1732729354.jpg\" \/><\/a><\/p>\n<\/div>\n","protected":false},"excerpt":{"rendered":"<p>Kryetari i PD, Dega Rom\u00eb, Bardhok Doda ka publikuar reagim e dy deputet\u00ebve t\u00eb Forca Italia n\u00eb Itali, n\u00eb lidhje me lirimin e kryetarit t\u00eb PD, Sali Berisha nga arresti sht\u00ebpiak prej 11 muajsh, nj\u00eb vendim politik i dirigjuar nga Edi Rama. N\u00eb reagimin e tyre, deputet\u00ebt e Forca Italia, Erica Mazzetti dhe Alessandro Battilocchio &hellip;<\/p>\n","protected":false},"author":4,"featured_media":96997,"comment_status":"closed","ping_status":"closed","sticky":false,"template":"","format":"standard","meta":{"footnotes":""},"categories":[37],"tags":[],"class_list":["post-96996","post","type-post","status-publish","format-standard","has-post-thumbnail","","category-politike"],"_links":{"self":[{"href":"https:\/\/rdnews.al\/index.php\/wp-json\/wp\/v2\/posts\/96996","targetHints":{"allow":["GET"]}}],"collection":[{"href":"https:\/\/rdnews.al\/index.php\/wp-json\/wp\/v2\/posts"}],"about":[{"href":"https:\/\/rdnews.al\/index.php\/wp-json\/wp\/v2\/types\/post"}],"author":[{"embeddable":true,"href":"https:\/\/rdnews.al\/index.php\/wp-json\/wp\/v2\/users\/4"}],"replies":[{"embeddable":true,"href":"https:\/\/rdnews.al\/index.php\/wp-json\/wp\/v2\/comments?post=96996"}],"version-history":[{"count":1,"href":"https:\/\/rdnews.al\/index.php\/wp-json\/wp\/v2\/posts\/96996\/revisions"}],"predecessor-version":[{"id":96998,"href":"https:\/\/rdnews.al\/index.php\/wp-json\/wp\/v2\/posts\/96996\/revisions\/96998"}],"wp:featuredmedia":[{"embeddable":true,"href":"https:\/\/rdnews.al\/index.php\/wp-json\/wp\/v2\/media\/96997"}],"wp:attachment":[{"href":"https:\/\/rdnews.al\/index.php\/wp-json\/wp\/v2\/media?parent=96996"}],"wp:term":[{"taxonomy":"category","embeddable":true,"href":"https:\/\/rdnews.al\/index.php\/wp-json\/wp\/v2\/categories?post=96996"},{"taxonomy":"post_tag","embeddable":true,"href":"https:\/\/rdnews.al\/index.php\/wp-json\/wp\/v2\/tags?post=96996"}],"curies":[{"name":"wp","href":"https:\/\/api.w.org\/{rel}","templated":true}]}}