{"id":96999,"date":"2024-11-27T18:54:52","date_gmt":"2024-11-27T18:54:52","guid":{"rendered":"https:\/\/rdnews.al\/?p=96999"},"modified":"2024-11-27T18:54:52","modified_gmt":"2024-11-27T18:54:52","slug":"marshim-sensibilizues-ne-elbasan-per-vrasjen-e-14-vjecarit","status":"publish","type":"post","link":"https:\/\/rdnews.al\/index.php\/2024\/11\/27\/marshim-sensibilizues-ne-elbasan-per-vrasjen-e-14-vjecarit\/","title":{"rendered":"Marshim sensibilizues n\u00eb Elbasan p\u00ebr vrasjen e 14-vje\u00e7arit"},"content":{"rendered":"<p>Vrasja e 14-vje\u00e7arit Martin Cani n\u00eb shkoll\u00ebn 9-vje\u00e7are \u201cFan Noli\u201d ka tronditur gjith\u00eb Shqip\u00ebrin\u00eb. Nd\u00ebrkoh\u00eb n\u00eb kryeqytet u kryen marshime p\u00ebr drejt\u00ebsin\u00eb e adoleshentit t\u00eb ndjer\u00eb, gjithashtu edhe qyteti i Elbasanit \u00ebsht\u00eb b\u00ebr\u00eb pjes\u00eb e tyre.<\/p>\n<p>Nj\u00eb grup i vog\u00ebl t\u00eb rinjsh, prind\u00ebrish, m\u00ebsuesish dhe aktivist\u00ebsh t\u00eb shoq\u00ebris\u00eb civile u mblodh\u00ebn n\u00eb or\u00ebn 17.00 n\u00eb Sheshin \u201cGensher\u201d n\u00eb qend\u00ebr t\u00eb qytetit. Ata n\u00ebp\u00ebrmjet mesazheve t\u00eb tyre b\u00ebn\u00eb thirrje dhe k\u00ebrkuan q\u00eb rendi dhe siguria n\u00eb shkolla t\u00eb jet\u00eb n\u00eb shkall\u00ebn maksimale.<\/p>\n<p>Organizator\u00ebt dhe pjes\u00ebmarr\u00ebsit n\u00eb k\u00ebt\u00eb protest\u00eb shpreh\u00ebn zhg\u00ebnjimin e madh t\u00eb tyre q\u00eb me ta k\u00ebt\u00eb mbr\u00ebmje n\u00eb marshimin sensibilizues me moton p\u00ebr m\u00eb shum\u00eb siguri n\u00eb shkolla nuk u bashkuam qindra e mij\u00ebra nx\u00ebn\u00ebs e prind\u00ebr.<\/p>\n<p>\u2018T\u00eb gjith\u00eb duhet t\u00eb k\u00ebrkojm\u00eb siguri n\u00eb shkolla p\u00ebr f\u00ebmij\u00ebt tan\u00eb dhe m\u00eb shum\u00eb siguri kudo ku jetojm\u00eb e punojm\u00eb\u2019-\u00a0than\u00eb pjesmarr\u00ebsit n\u00eb k\u00ebt\u00eb marshim ku disa prej tyre mbanin n\u00eb duar pankarta me me mbishkrime t\u00eb tilla si<\/p>\n<p><em>\u201dZgjidh paqen, jo dhun\u00ebn\u201d,\u201dJeta \u00ebsht\u00eb e vyer, mbroje\u201d, \u201c\u00cbsht\u00eb m\u00eb mir\u00eb t\u00eb flas\u00ebsh dhe t\u00eb denoncosh, apo t\u00eb vdes\u00ebsh\u201d?<\/em><\/p>\n","protected":false},"excerpt":{"rendered":"<p>Vrasja e 14-vje\u00e7arit Martin Cani n\u00eb shkoll\u00ebn 9-vje\u00e7are \u201cFan Noli\u201d ka tronditur gjith\u00eb Shqip\u00ebrin\u00eb. Nd\u00ebrkoh\u00eb n\u00eb kryeqytet u kryen marshime p\u00ebr drejt\u00ebsin\u00eb e adoleshentit t\u00eb ndjer\u00eb, gjithashtu edhe qyteti i Elbasanit \u00ebsht\u00eb b\u00ebr\u00eb pjes\u00eb e tyre. Nj\u00eb grup i vog\u00ebl t\u00eb rinjsh, prind\u00ebrish, m\u00ebsuesish dhe aktivist\u00ebsh t\u00eb shoq\u00ebris\u00eb civile u mblodh\u00ebn n\u00eb or\u00ebn 17.00 n\u00eb &hellip;<\/p>\n","protected":false},"author":4,"featured_media":97000,"comment_status":"closed","ping_status":"closed","sticky":false,"template":"","format":"standard","meta":{"footnotes":""},"categories":[37],"tags":[],"class_list":["post-96999","post","type-post","status-publish","format-standard","has-post-thumbnail","","category-politike"],"_links":{"self":[{"href":"https:\/\/rdnews.al\/index.php\/wp-json\/wp\/v2\/posts\/96999","targetHints":{"allow":["GET"]}}],"collection":[{"href":"https:\/\/rdnews.al\/index.php\/wp-json\/wp\/v2\/posts"}],"about":[{"href":"https:\/\/rdnews.al\/index.php\/wp-json\/wp\/v2\/types\/post"}],"author":[{"embeddable":true,"href":"https:\/\/rdnews.al\/index.php\/wp-json\/wp\/v2\/users\/4"}],"replies":[{"embeddable":true,"href":"https:\/\/rdnews.al\/index.php\/wp-json\/wp\/v2\/comments?post=96999"}],"version-history":[{"count":1,"href":"https:\/\/rdnews.al\/index.php\/wp-json\/wp\/v2\/posts\/96999\/revisions"}],"predecessor-version":[{"id":97001,"href":"https:\/\/rdnews.al\/index.php\/wp-json\/wp\/v2\/posts\/96999\/revisions\/97001"}],"wp:featuredmedia":[{"embeddable":true,"href":"https:\/\/rdnews.al\/index.php\/wp-json\/wp\/v2\/media\/97000"}],"wp:attachment":[{"href":"https:\/\/rdnews.al\/index.php\/wp-json\/wp\/v2\/media?parent=96999"}],"wp:term":[{"taxonomy":"category","embeddable":true,"href":"https:\/\/rdnews.al\/index.php\/wp-json\/wp\/v2\/categories?post=96999"},{"taxonomy":"post_tag","embeddable":true,"href":"https:\/\/rdnews.al\/index.php\/wp-json\/wp\/v2\/tags?post=96999"}],"curies":[{"name":"wp","href":"https:\/\/api.w.org\/{rel}","templated":true}]}}