{"id":97105,"date":"2024-11-28T18:51:38","date_gmt":"2024-11-28T18:51:38","guid":{"rendered":"https:\/\/rdnews.al\/?p=97105"},"modified":"2024-11-28T18:51:38","modified_gmt":"2024-11-28T18:51:38","slug":"berisha-adem-jashari-e-shnderroi-prekazin-ne-krujen-e-dyte-te-shqiptareve","status":"publish","type":"post","link":"https:\/\/rdnews.al\/index.php\/2024\/11\/28\/berisha-adem-jashari-e-shnderroi-prekazin-ne-krujen-e-dyte-te-shqiptareve\/","title":{"rendered":"Berisha: Adem Jashari e shnd\u00ebrroi Prekazin n\u00eb \u201cKruj\u00ebn e Dyt\u00eb\u201d t\u00eb shqiptar\u00ebve!"},"content":{"rendered":"<div id=\"rekl-49\">N\u00eb dit\u00ebn e ngritjes s\u00eb Flamurit, lideri i s\u00eb djatht\u00ebs shqiptare, Sali Berisha ka p\u00ebrkujtuar 69-vjetorin e lindjes s\u00eb heroit legjendar Adem Jashari.<\/div>\n<div class=\"readmore-text-here\">\n<p>P\u00ebrmes nj\u00eb statusi n\u00eb rrjetet sociale, Berisha p\u00ebrkujtoi lindjen e heroit, ku shpreh nderimin dhe mir\u00ebnjohjen e pakufijshme ndaj komandantit legjendar.<\/p>\n<p>Kryedemokrati Berisha tha se komandant Jashari e shnd\u00ebrroi Prekazin n\u00eb \u2018Kruj\u00ebn e Dyt\u00eb\u2019 t\u00eb shqiptar\u00ebve.<\/p>\n<div id=\"rekl-13\"><\/div>\n<p><strong>Statusi<\/strong><\/p>\n<p>Sot, 69-vjetori i lindjes s\u00eb Adem Jasharit!<\/p>\n<p>Nderimin m\u00eb t\u00eb madh, mir\u00ebnjohjen m\u00eb t\u00eb pakufijshme komandantit legjendar, Adem Jashari, q\u00eb shnd\u00ebrroi Prekazin n\u00eb \u2018Kruj\u00ebn e Dyt\u00eb\u2019 t\u00eb shqiptar\u00ebve!<\/p>\n<p>Lavdi! #sb<\/p>\n<div class=\"fotogaleri\">\n<div class=\"bx-wrapper\">\n<div class=\"bx-viewport\">\n<ul class=\"read-slider\">\n<li><a href=\"https:\/\/www.syri.net\/fotogaleria\/743139\/69-vjetori-i-lindjes-se-komandantit-legjendar-berisha-adem-jashari-e-shnderroi-prekazin-ne-krujen-e-dyte-te-shqiptareve\/\" target=\"_blank\" rel=\"noopener\"><img decoding=\"async\" src=\"https:\/\/www.syri.net\/uploads\/syri.net\/images\/2024\/November\/28\/auto_BERISHA1732818970.jpg\" \/><i class=\"fa fa-search-plus syri_zoom\" aria-hidden=\"true\"><\/i><\/a><\/li>\n<\/ul>\n<\/div>\n<div class=\"bx-controls bx-has-pager bx-has-controls-direction\">\n<div class=\"bx-pager bx-default-pager\">1<\/div>\n<\/div>\n<\/div>\n<\/div>\n<p><em><iframe loading=\"lazy\" src=\"https:\/\/www.facebook.com\/plugins\/post.php?href=https%3A%2F%2Fwww.facebook.com%2FSaliBerisha%2Fposts%2Fpfbid02XDR5vD5YTNVb6CSbQGzwnmqL9LsRXyeJgWdoyQGgMPKtTnyEjgUno9p2k525dbmol&amp;show_text=true&amp;width=500\" width=\"500\" height=\"680\" frameborder=\"0\" scrolling=\"no\" allowfullscreen=\"allowfullscreen\" data-mce-fragment=\"1\"><\/iframe><\/em><\/p>\n<\/div>\n<div id=\"rekl-45\"><\/div>\n<div id=\"rekl-16\"><\/div>\n<div id=\"rekl-33\"><\/div>\n","protected":false},"excerpt":{"rendered":"<p>N\u00eb dit\u00ebn e ngritjes s\u00eb Flamurit, lideri i s\u00eb djatht\u00ebs shqiptare, Sali Berisha ka p\u00ebrkujtuar 69-vjetorin e lindjes s\u00eb heroit legjendar Adem Jashari. P\u00ebrmes nj\u00eb statusi n\u00eb rrjetet sociale, Berisha p\u00ebrkujtoi lindjen e heroit, ku shpreh nderimin dhe mir\u00ebnjohjen e pakufijshme ndaj komandantit legjendar. Kryedemokrati Berisha tha se komandant Jashari e shnd\u00ebrroi Prekazin n\u00eb \u2018Kruj\u00ebn &hellip;<\/p>\n","protected":false},"author":4,"featured_media":97106,"comment_status":"closed","ping_status":"closed","sticky":false,"template":"","format":"standard","meta":{"footnotes":""},"categories":[37],"tags":[],"class_list":["post-97105","post","type-post","status-publish","format-standard","has-post-thumbnail","","category-politike"],"_links":{"self":[{"href":"https:\/\/rdnews.al\/index.php\/wp-json\/wp\/v2\/posts\/97105","targetHints":{"allow":["GET"]}}],"collection":[{"href":"https:\/\/rdnews.al\/index.php\/wp-json\/wp\/v2\/posts"}],"about":[{"href":"https:\/\/rdnews.al\/index.php\/wp-json\/wp\/v2\/types\/post"}],"author":[{"embeddable":true,"href":"https:\/\/rdnews.al\/index.php\/wp-json\/wp\/v2\/users\/4"}],"replies":[{"embeddable":true,"href":"https:\/\/rdnews.al\/index.php\/wp-json\/wp\/v2\/comments?post=97105"}],"version-history":[{"count":1,"href":"https:\/\/rdnews.al\/index.php\/wp-json\/wp\/v2\/posts\/97105\/revisions"}],"predecessor-version":[{"id":97107,"href":"https:\/\/rdnews.al\/index.php\/wp-json\/wp\/v2\/posts\/97105\/revisions\/97107"}],"wp:featuredmedia":[{"embeddable":true,"href":"https:\/\/rdnews.al\/index.php\/wp-json\/wp\/v2\/media\/97106"}],"wp:attachment":[{"href":"https:\/\/rdnews.al\/index.php\/wp-json\/wp\/v2\/media?parent=97105"}],"wp:term":[{"taxonomy":"category","embeddable":true,"href":"https:\/\/rdnews.al\/index.php\/wp-json\/wp\/v2\/categories?post=97105"},{"taxonomy":"post_tag","embeddable":true,"href":"https:\/\/rdnews.al\/index.php\/wp-json\/wp\/v2\/tags?post=97105"}],"curies":[{"name":"wp","href":"https:\/\/api.w.org\/{rel}","templated":true}]}}