{"id":97152,"date":"2024-11-29T12:03:24","date_gmt":"2024-11-29T12:03:24","guid":{"rendered":"https:\/\/rdnews.al\/?p=97152"},"modified":"2024-11-29T12:03:48","modified_gmt":"2024-11-29T12:03:48","slug":"deklarata-skandaloze-e-ministrit-te-brendshem-reagon-noka","status":"publish","type":"post","link":"https:\/\/rdnews.al\/index.php\/2024\/11\/29\/deklarata-skandaloze-e-ministrit-te-brendshem-reagon-noka\/","title":{"rendered":"Deklarata skandaloze e ministrit t\u00eb Brendsh\u00ebm, reagon Noka"},"content":{"rendered":"<p>Sekretari i P\u00ebrgjithsh\u00ebm i PD, Flamur Noka ka reaguar p\u00ebr deklarat\u00ebn skandaloze t\u00eb ministrit t\u00eb Brendsh\u00ebm, Ervin Hoxha.<\/p>\n<p>Noka shkruan n\u00eb reagimin e tij se, n\u00eb vend se t\u00eb marr\u00eb p\u00ebrgjegj\u00ebsin\u00eb e tij p\u00ebr humbjen e jet\u00ebs s\u00eb 14-vje\u00e7arit, pinjoll Hoxha n\u00eb nj\u00eb q\u00ebndrim t\u00eb paprecedent\u00eb b\u00ebn me faj viktim\u00ebn dhe nxjerr vrer e akuza ndaj t\u00eb gjith\u00ebve q\u00eb k\u00ebrkojn\u00eb transparenc\u00eb.<\/p>\n<p><strong>Reagimi i plot\u00eb i Nok\u00ebs<\/strong><\/p>\n<p>Ministri i Brendshem ka b\u00ebr\u00eb sot nj\u00eb nga deklaratat m\u00eb skandaloze, mbushur me aq mllef e urrejtje sa ndonj\u00eb Minist\u00ebr i Brendsh\u00ebm mund t\u00eb ket\u00eb b\u00ebr\u00eb n\u00eb 3 dekada.<\/p>\n<p>Kur ende nuk ka mbajtur asnj\u00eb p\u00ebrgjegj\u00ebsi pse d\u00ebshtoi t\u00eb ofronte siguri n\u00eb shkoll\u00ebn &#8220;Fan Noli&#8221;, gjeti sot rastin t\u00eb faj\u00ebsoj\u00eb viktim\u00ebn, t\u00eb sulmoj\u00eb mediat dhe opinionin publik.<\/p>\n<p>Me k\u00ebt\u00eb q\u00ebndrim t\u00eb paprecedent\u00eb, ai u rreshtua haptazi n\u00eb an\u00ebne agresorit.<\/p>\n<p>N\u00eb vend se t\u00eb marr\u00eb p\u00ebrgjegj\u00ebsin\u00eb e tij p\u00ebr humbjen e jet\u00ebs s\u00eb 14-vje\u00e7arit, pinjoll Hoxha n\u00eb nj\u00eb q\u00ebndrim t\u00eb paprecedent\u00eb b\u00ebn me faj viktim\u00ebn dhe nxjerr vrer e akuza ndaj t\u00eb gjith\u00ebve q\u00eb k\u00ebrkojn\u00eb transparenc\u00eb.<\/p>\n<p>Do t\u00eb mjaftonte nj\u00eb deklarat\u00eb skandaloze si kjo q\u00eb Ministri i Brendsh\u00ebm t\u00eb mos lejohej m\u00eb t\u00eb vijonte detyr\u00ebn. Por ai merr shkelje syri nga shefi i tij p\u00ebr t\u00eb tilla paturp\u00ebsi, sepse duan t&#8217;u tregojn\u00eb qytetar\u00ebve se jo vet\u00ebm nuk do e gjejn\u00eb mb\u00ebshtetjen e forcave t\u00eb rendit, por do t&#8217;i ken\u00eb kund\u00ebr edhe kur jan\u00eb viktima, n\u00ebse do t\u00eb guxojn\u00eb t\u00eb flasin, t\u00eb k\u00ebrkojn\u00eb transparenc\u00eb p\u00ebr t\u00eb v\u00ebrtet\u00ebn.<\/p>\n<p>S\u00eb bashku me Edi Ram\u00ebn n\u00eb krye jan\u00eb minuesit e besimit publik tek policia, pasi ortak\u00ebria me krimin e bandat i ka b\u00ebr\u00eb drejtuesit q\u00eb, n\u00eb vend se t\u00eb jen\u00eb n\u00eb krah t\u00eb qytetar\u00ebve, t\u00eb b\u00ebhen sh\u00ebrb\u00ebtor\u00eb t\u00eb trafikant\u00ebve dhe vras\u00ebsve.<\/p>\n<p><img loading=\"lazy\" decoding=\"async\" class=\"alignnone size-medium wp-image-97153\" src=\"https:\/\/rdnews.al\/wp-content\/uploads\/2024\/11\/mm-300x300.jpg\" alt=\"\" width=\"300\" height=\"300\" srcset=\"https:\/\/rdnews.al\/wp-content\/uploads\/2024\/11\/mm-300x300.jpg 300w, https:\/\/rdnews.al\/wp-content\/uploads\/2024\/11\/mm-1024x1024.jpg 1024w, https:\/\/rdnews.al\/wp-content\/uploads\/2024\/11\/mm-150x150.jpg 150w, https:\/\/rdnews.al\/wp-content\/uploads\/2024\/11\/mm-768x768.jpg 768w, https:\/\/rdnews.al\/wp-content\/uploads\/2024\/11\/mm.jpg 1440w\" sizes=\"auto, (max-width: 300px) 100vw, 300px\" \/><\/p>\n","protected":false},"excerpt":{"rendered":"<p>Sekretari i P\u00ebrgjithsh\u00ebm i PD, Flamur Noka ka reaguar p\u00ebr deklarat\u00ebn skandaloze t\u00eb ministrit t\u00eb Brendsh\u00ebm, Ervin Hoxha. Noka shkruan n\u00eb reagimin e tij se, n\u00eb vend se t\u00eb marr\u00eb p\u00ebrgjegj\u00ebsin\u00eb e tij p\u00ebr humbjen e jet\u00ebs s\u00eb 14-vje\u00e7arit, pinjoll Hoxha n\u00eb nj\u00eb q\u00ebndrim t\u00eb paprecedent\u00eb b\u00ebn me faj viktim\u00ebn dhe nxjerr vrer e akuza &hellip;<\/p>\n","protected":false},"author":4,"featured_media":91928,"comment_status":"closed","ping_status":"closed","sticky":false,"template":"","format":"standard","meta":{"footnotes":""},"categories":[37],"tags":[],"class_list":["post-97152","post","type-post","status-publish","format-standard","has-post-thumbnail","","category-politike"],"_links":{"self":[{"href":"https:\/\/rdnews.al\/index.php\/wp-json\/wp\/v2\/posts\/97152","targetHints":{"allow":["GET"]}}],"collection":[{"href":"https:\/\/rdnews.al\/index.php\/wp-json\/wp\/v2\/posts"}],"about":[{"href":"https:\/\/rdnews.al\/index.php\/wp-json\/wp\/v2\/types\/post"}],"author":[{"embeddable":true,"href":"https:\/\/rdnews.al\/index.php\/wp-json\/wp\/v2\/users\/4"}],"replies":[{"embeddable":true,"href":"https:\/\/rdnews.al\/index.php\/wp-json\/wp\/v2\/comments?post=97152"}],"version-history":[{"count":2,"href":"https:\/\/rdnews.al\/index.php\/wp-json\/wp\/v2\/posts\/97152\/revisions"}],"predecessor-version":[{"id":97155,"href":"https:\/\/rdnews.al\/index.php\/wp-json\/wp\/v2\/posts\/97152\/revisions\/97155"}],"wp:featuredmedia":[{"embeddable":true,"href":"https:\/\/rdnews.al\/index.php\/wp-json\/wp\/v2\/media\/91928"}],"wp:attachment":[{"href":"https:\/\/rdnews.al\/index.php\/wp-json\/wp\/v2\/media?parent=97152"}],"wp:term":[{"taxonomy":"category","embeddable":true,"href":"https:\/\/rdnews.al\/index.php\/wp-json\/wp\/v2\/categories?post=97152"},{"taxonomy":"post_tag","embeddable":true,"href":"https:\/\/rdnews.al\/index.php\/wp-json\/wp\/v2\/tags?post=97152"}],"curies":[{"name":"wp","href":"https:\/\/api.w.org\/{rel}","templated":true}]}}