{"id":97177,"date":"2024-11-29T17:50:35","date_gmt":"2024-11-29T17:50:35","guid":{"rendered":"https:\/\/rdnews.al\/?p=97177"},"modified":"2024-11-29T17:50:35","modified_gmt":"2024-11-29T17:50:35","slug":"avokati-i-familjes-se-martin-canit-policia-te-na-jape-pamjet-po-fshihet-e-verteta","status":"publish","type":"post","link":"https:\/\/rdnews.al\/index.php\/2024\/11\/29\/avokati-i-familjes-se-martin-canit-policia-te-na-jape-pamjet-po-fshihet-e-verteta\/","title":{"rendered":"Avokati i familjes s\u00eb Martin Canit: Policia t\u00eb na jap\u00eb pamjet, po fshihet e v\u00ebrteta!"},"content":{"rendered":"<p>Avokati i familjes s\u00eb 14-vje\u00e7arit Martin Cani q\u00eb u godit p\u00ebr vdekje me thik\u00eb nga bashk\u00ebmoshatari i tij pran\u00eb shkoll\u00ebs \u201cFan Noli\u201d, Redi Ramaj, ka b\u00ebr\u00eb thirrje p\u00ebr drejt\u00ebsi dhe transparenc\u00eb t\u00eb plot\u00eb mbi ngjarjen tragjike.<\/p>\n<p>I ftuar n\u00eb News24, Ramaj theksoi se familjar\u00ebt e viktim\u00ebs kan\u00eb k\u00ebrkuar zbardhjen e plot\u00eb t\u00eb ngjarjes q\u00eb nga momenti i par\u00eb, por deri m\u00eb tani jan\u00eb p\u00ebrballur me kontradikta dhe munges\u00eb qart\u00ebsie nga organet hetimore.<\/p>\n<p>Sipas avokatit, ka paqart\u00ebsi n\u00eb lidhje me numrin e autor\u00ebve t\u00eb p\u00ebrfshir\u00eb n\u00eb incident. Fillimisht jan\u00eb raportuar tet\u00eb autor\u00eb, nd\u00ebrsa aktualisht flitet p\u00ebr tre. Ai tha gjithashtu se deklaratat e d\u00ebshmitar\u00ebve, p\u00ebrfshir\u00eb nj\u00eb tjet\u00ebr f\u00ebmij\u00eb t\u00eb plagosur, duhet t\u00eb trajtohen me seriozitet. N\u00eb d\u00ebshmit\u00eb e tyre, thuhet se viktima \u00ebsht\u00eb goditur edhe nga nj\u00eb person tjet\u00ebr p\u00ebrve\u00e7 autorit t\u00eb shpallur deri tani.<\/p>\n<p>Nj\u00eb \u00e7\u00ebshtje e r\u00ebnd\u00ebsishme e ngritur nga avokati \u00ebsht\u00eb mungesa e qasjes s\u00eb familjar\u00ebve n\u00eb pamjet filmike t\u00eb kamerave t\u00eb siguris\u00eb. Ai tha se familja k\u00ebrkon t\u00eb njihet me k\u00ebto prova p\u00ebr t\u00eb arritur qet\u00ebsin\u00eb dhe t\u00eb kuptoj\u00eb m\u00eb mir\u00eb rrethanat e tragjedis\u00eb. Sipas Ramajt, nj\u00eb pik\u00eb e r\u00ebnd\u00ebsishme q\u00eb k\u00ebrkon v\u00ebmendje \u00ebsht\u00eb hetimi i mund\u00ebsis\u00eb s\u00eb p\u00ebrfshirjes s\u00eb t\u00eb rriturve n\u00eb k\u00ebt\u00eb konflikt fatal.<\/p>\n<p>\u201cFamiljar\u00ebt e t\u00eb ndjerit k\u00ebrkojn\u00eb drejt\u00ebsi q\u00eb n\u00eb dit\u00ebn e par\u00eb. Nga organet shtet\u00ebrore nuk kemi pasur transparenc\u00eb t\u00eb plot\u00eb p\u00ebr ngjarjen. \u00cbsht\u00eb nj\u00eb ngjarje e r\u00ebnd\u00eb q\u00eb nuk duhet t\u00eb ishte zbardhur vet\u00ebm p\u00ebr familjar\u00ebt e Martin Canit, por p\u00ebr gjith\u00eb shoq\u00ebrin\u00eb, e cila k\u00ebrkon drejt\u00ebsi. Shpresoj dhe besoj se policia do b\u00ebjn\u00eb detyr\u00ebn e tyre. Pretendimi i familjar\u00ebve \u00ebsht\u00eb q\u00eb nuk ka transparenc\u00eb dhe ka kontradikt\u00eb n\u00eb deklaratat e policis\u00eb. Fillohet me 8 autor\u00eb dhe pastaj dalin 3.<\/p>\n<p>Vet\u00eb deklarimet e t\u00eb plagosurit, f\u00ebmij\u00ebs tjet\u00ebr q\u00eb tha se, u godit edhe nga nj\u00eb person tjet\u00ebr ve\u00e7 autorit duhet t\u00eb sqarohen. I plagosuri, Luisi ia ka th\u00ebn\u00eb policis\u00eb q\u00eb dit\u00ebn e par\u00eb se \u00ebsht\u00eb goditur nga dy persona, autor\u00eb. Familjar\u00ebt e Martinit kan\u00eb k\u00ebrkuar pamjet e kamerave t\u00eb siguris\u00eb. Prokuroria e cila drejton hetimet duhet t\u00eb orientoj\u00eb mekanizmin hetimor duke p\u00ebrfshir\u00eb d\u00ebshmi, prova shkencore, aktet e ekspertimit t\u00eb na vendosen n\u00eb dispozicion se si ndodhi ngjarja dhe si u vra Martini.<\/p>\n<p>Pamjet filmike nuk jan\u00eb par\u00eb nga familjar\u00ebt. Ka d\u00ebshmitar\u00eb q\u00eb thon\u00eb se nuk ka vet\u00ebm konflikt vet\u00ebm n\u00eb dat\u00ebn 18, por ka konflikt edhe dit\u00ebn e premte ku \u00ebsht\u00eb p\u00ebrfshir\u00eb edhe nj\u00eb rritur. Duhet t\u00eb merren n\u00eb pyetje. A ka patur apo jo t\u00eb p\u00ebrfshir\u00eb n\u00eb konflikt persona t\u00eb rritur. Familjet jan\u00eb t\u00eb shqet\u00ebsuara se n\u00eb ambientet e shkoll\u00ebs dhe p\u00ebrreth qarkullojn\u00eb f\u00ebmij\u00eb me thika. Zbardhja e k\u00ebsaj \u00e7\u00ebshtjeje do t\u2019i sh\u00ebrbente t\u00eb gjith\u00eb f\u00ebmij\u00ebve q\u00eb jan\u00eb n\u00eb shkollat shqiptare\u201d, tha ai.<\/p>\n","protected":false},"excerpt":{"rendered":"<p>Avokati i familjes s\u00eb 14-vje\u00e7arit Martin Cani q\u00eb u godit p\u00ebr vdekje me thik\u00eb nga bashk\u00ebmoshatari i tij pran\u00eb shkoll\u00ebs \u201cFan Noli\u201d, Redi Ramaj, ka b\u00ebr\u00eb thirrje p\u00ebr drejt\u00ebsi dhe transparenc\u00eb t\u00eb plot\u00eb mbi ngjarjen tragjike. I ftuar n\u00eb News24, Ramaj theksoi se familjar\u00ebt e viktim\u00ebs kan\u00eb k\u00ebrkuar zbardhjen e plot\u00eb t\u00eb ngjarjes q\u00eb nga &hellip;<\/p>\n","protected":false},"author":4,"featured_media":96693,"comment_status":"closed","ping_status":"closed","sticky":false,"template":"","format":"standard","meta":{"footnotes":""},"categories":[37],"tags":[],"class_list":["post-97177","post","type-post","status-publish","format-standard","has-post-thumbnail","","category-politike"],"_links":{"self":[{"href":"https:\/\/rdnews.al\/index.php\/wp-json\/wp\/v2\/posts\/97177","targetHints":{"allow":["GET"]}}],"collection":[{"href":"https:\/\/rdnews.al\/index.php\/wp-json\/wp\/v2\/posts"}],"about":[{"href":"https:\/\/rdnews.al\/index.php\/wp-json\/wp\/v2\/types\/post"}],"author":[{"embeddable":true,"href":"https:\/\/rdnews.al\/index.php\/wp-json\/wp\/v2\/users\/4"}],"replies":[{"embeddable":true,"href":"https:\/\/rdnews.al\/index.php\/wp-json\/wp\/v2\/comments?post=97177"}],"version-history":[{"count":1,"href":"https:\/\/rdnews.al\/index.php\/wp-json\/wp\/v2\/posts\/97177\/revisions"}],"predecessor-version":[{"id":97178,"href":"https:\/\/rdnews.al\/index.php\/wp-json\/wp\/v2\/posts\/97177\/revisions\/97178"}],"wp:featuredmedia":[{"embeddable":true,"href":"https:\/\/rdnews.al\/index.php\/wp-json\/wp\/v2\/media\/96693"}],"wp:attachment":[{"href":"https:\/\/rdnews.al\/index.php\/wp-json\/wp\/v2\/media?parent=97177"}],"wp:term":[{"taxonomy":"category","embeddable":true,"href":"https:\/\/rdnews.al\/index.php\/wp-json\/wp\/v2\/categories?post=97177"},{"taxonomy":"post_tag","embeddable":true,"href":"https:\/\/rdnews.al\/index.php\/wp-json\/wp\/v2\/tags?post=97177"}],"curies":[{"name":"wp","href":"https:\/\/api.w.org\/{rel}","templated":true}]}}