{"id":97372,"date":"2024-12-02T10:19:16","date_gmt":"2024-12-02T10:19:16","guid":{"rendered":"https:\/\/rdnews.al\/?p=97372"},"modified":"2024-12-02T10:23:33","modified_gmt":"2024-12-02T10:23:33","slug":"nderim-perhere-presidentit-rugova","status":"publish","type":"post","link":"https:\/\/rdnews.al\/index.php\/2024\/12\/02\/nderim-perhere-presidentit-rugova\/","title":{"rendered":"Nderim p\u00ebrher\u00eb Presidentit Rugova!"},"content":{"rendered":"<p><strong>Nga Visar ZHITI<\/strong><\/p>\n<p><em>&#8211; N\u0113 dat\u0113lindjen e Tij e risjell &#8211;<\/em><\/p>\n<p>N\u00eb qytetet tona t\u00eb m\u00ebdha, n\u00eb Tiran\u00eb dhe n\u00eb Prishtin\u00eb, n\u00eb sheshet kryesore q\u00eb kan\u00eb emrin e p\u00ebrbashk\u00ebt \u201cSk\u00ebnderbej\u201d, qytetar\u00ebt me mij\u00ebra mblidhen dhe kujtojn\u00eb Presidentin Rugova, lule dhe qirinj dhe fjala e bukur shqipe\u2026<\/p>\n<p>DAT\u00cbLINDJA<\/p>\n<p>Sot \u00ebsht\u00eb&#8230; Jo vet\u00ebm shqiptar\u00ebt, edhe pse m\u00eb shum\u00eb nga t\u00eb gjith\u00eb, por edhe ata q\u00eb jan\u00eb t\u00eb lidhur dhe punojn\u00eb p\u00ebr paqen n\u00eb Ballkanin e trazuar, n\u00eb Europ\u00eb dhe p\u00ebrtej oqeanit, n\u00eb kontinentin amerikan, pra, shtete nga e gjith\u00eb bota, e kan\u00eb ndjer\u00eb fuqin\u00eb plot paqe t\u00eb ketij Personaliteti.<\/p>\n<p>Rugova u b\u00eb b\u00ebmatari i madh i s\u00eb pamundur\u00ebs, q\u00eb mrekullisht po shkonte drejt zgjidhjes p\u00ebrfundimtare. Ai sikur kishte marr\u00eb bekimin e shenjtores ton\u00eb, N\u00ebn\u00eb Terez\u00ebs. Kosova u b\u00eb e pavarur dhe u shpall Republik\u00eb. Shtatorja hijebukur e Presidentit Rugova u lartesua shesheve\u2026<\/p>\n<p>RETROSPEKTIV\u00cb E V\u00cbSHTIR\u00cb<\/p>\n<p>Kujtojm\u0113, nd\u00ebrsa komunizmi binte dhe Jugosllavia shp\u00ebrb\u00ebhej duke u b\u00ebr\u00eb m\u00eb e eg\u00ebr n\u00eb qendr\u00ebn e saj n\u00eb Serbi, shqiptar\u00ebt n\u00eb trojet e tyre n\u00eb Kosov\u00eb po k\u00ebrkonin si gjithmon\u00eb t\u00eb drejtat e tyre t\u00eb n\u00ebp\u00ebrk\u00ebmbura me gjak dhe t\u00eb mohura verb\u00ebrisht. Me mjete paq\u00ebsore dhe demokratike, m\u00eb t\u00eb qart\u00eb se kurr\u00eb, k\u00ebmb\u00ebngul\u00ebs dhe me nj\u00eb q\u00ebndres\u00eb martirizuese, prireshin nga Rugova, q\u00eb arriti t\u2019i mbledh\u00eb rreth vetes e t\u00eb sensibilizoj\u00eb opinionin bot\u00ebror, ta bind\u00eb pa u lodhur n\u00eb t\u00eb drejt\u00ebn komb\u00ebtare, duke u cil\u00ebsuar tashm\u00eb si \u201cGandi i Ballkanit\u201d.<\/p>\n<p>Vet\u00ebm pushtuesi nuk po bindej. Nga q\u00eb po b\u00ebhej m\u00eb mizor, bijt\u00eb e popullit rr\u00ebmbyen edhe arm\u00ebt. Ishte kushtrimi i brendsh\u00ebm sk\u00ebnderbejan. Nd\u00ebrsa Rugova k\u00ebrkonte nd\u00ebrhyrjen e bot\u00ebs p\u00ebr paqe dhe pavar\u00ebsi, ndodhi ajo q\u00eb s\u2019kishte ndodhur, \u201ckryq\u00ebzata morale\u201d. P\u00ebr her\u00eb t\u00eb par\u00eb n\u00eb historin\u00eb e vet, koalicioni m\u00eb i madh ushtarak, NATO, nd\u00ebrmori nj\u00eb aksion t\u00eb r\u00ebnd\u00eb luftarak kund\u00ebr nj\u00eb shteti europian, fqinjit dhe pushtuesit nj\u00ebkoh\u00ebsisht t\u00eb vendit t\u00eb Rugov\u00ebs. U arrit liria, e cila ishte aq e v\u00ebshtir\u00eb t\u00eb fitohej vet\u00ebm me gjakun e derdhur t\u00eb shqiptar\u00ebve.<\/p>\n<p>VAZHDINET HEROIKE<\/p>\n<p>Dhe at\u00ebhere n\u00eb shtetin ende pa vend a n\u00eb vendin ende pa shtet, n\u00eb kryeqytetin e t\u00eb cilit vihen menj\u00ebher\u00eb shtatoret e N\u00ebn\u00eb Terez\u00ebs dhe t\u00eb Sk\u00ebnderbeut, krahas t\u00eb r\u00ebn\u00ebve m\u00eb t\u00eb fundit, populli b\u00ebri President Ibrahim Rugov\u00ebn, njeriun urtak dhe t\u00eb vendosur, t\u00eb paepurin dhe t\u00eb ball\u00ebp\u00ebrballshmin, vizionarin, t\u00eb armatosurin pa asnj\u00eb arm\u00eb, me fush\u00ebbetej\u00eb idealet dhe t\u00eb drejt\u00ebn, paqen, bisedimet, diplomacin\u00eb, bindjen, sa dhe rob\u00ebris\u00eb s\u00eb vet nuk i iku p\u00ebrmes ploj\u00ebs.<\/p>\n<p>Lider n\u00eb pushtim, intelektual i klasit t\u00eb par\u00eb, politikan sa i thjesht\u00eb dhe enigmatik, filozof gandist n\u00eb Ballkanin e eg\u00ebr, me nj\u00eb shall tradicional, metafor\u00eb e shamis\u00eb tragjike q\u00eb lidhnin n\u00eb krye rugovasit e tij, akademik, firm\u00eb e njohur e letrave n\u00eb kultur\u00ebn komb\u00ebtare, kritik letrar fillimisht, kryetar i shkrimtar\u00ebve dhe kryetar i partis\u00eb s\u00eb par\u00eb opozitare, i Lidhjes Demokratike, q\u00eb t\u00eb kujtonte n\u00eb em\u00ebr Lidhjen e hershme t\u00eb Prizrenit, me portretin e Papa Vojtil\u00ebs n\u00eb sfond, tani p\u00ebr t\u00eb kund\u00ebrshtuar hapur regjimin komunist t\u00eb sllav\u00ebve t\u00eb jugut, hordhit\u00eb e t\u00eb cil\u00ebve i vran\u00eb baban\u00eb dhe gjyshin mbas Luft\u00ebs s\u00eb Dyt\u00eb Bot\u00ebrore.<\/p>\n<p>Jetimi q\u00eb do t\u00eb b\u00ebhej ati i nj\u00eb kauze, asaj t\u00eb \u00e7lirimit, duke iu kushtuar i t\u00ebri pavar\u00ebsis\u00eb s\u00eb vendit, q\u00eb d\u00ebshironte ta fitonte me mjete paq\u00ebsore, edhe pse kishte p\u00ebrball\u00eb padrejt\u00ebsi, mashtrime, dhun\u00ebn e nj\u00eb shteti stalinist, krime dhe gjak. U shmangej t\u00eb gjithave dhe asgj\u00ebje. Dhe u b\u00eb ikona e paqes n\u00eb popullin e vet t\u00eb pak\u00ebt, q\u00eb e b\u00ebri t\u00eb njohur kudo bashk\u00eb me veten.<\/p>\n<p>KOH\u00cb POSTRUGOVIANE<\/p>\n<p>Dhe kur po kuror\u00ebzohej \u00e7\u00ebshtja, \u00ebndrra, pavar\u00ebsia, n\u00eb prag t\u00eb bisedimeve p\u00ebrfundimtare, ik\u00ebn para kohe nga jeta duke krijuar, krahas dhimbjes s\u00eb p\u00ebrgjithshme, nj\u00eb bosh t\u00eb madh, po edhe p\u00ebshtjellim civil. \u00c7\u2019do t\u00eb b\u00ebhej pas tij? N\u00eb koh\u00ebn postRugoviane, si\u00e7 po e quanin\u2026<\/p>\n<p>Natyrisht, meritat e Rugov\u00ebs jan\u00eb t\u00eb padiskutueshme, puna dhe vepra e tij jan\u00eb t\u00eb pashlyeshme e mbi t\u00eb gjitha nj\u00eb p\u00ebrvoj\u00eb e r\u00ebnd\u00ebsishme dhe emblem\u00eb nj\u00ebkoh\u00ebsisht, porosit\u00eb e s\u00eb cil\u00ebs kan\u00eb vler\u00eb t\u00eb gjithmont\u00eb. Por Rugova punoi me shok\u00eb, me popullin e tij, u besua dhe u \u00e7mua, u mb\u00ebshtet fuqimisht nga dheu am\u00eb, pra ai hapi nj\u00eb hulli, ku mund t\u00eb vazhdojn\u00eb t\u00eb tjer\u00eb. Ai e la p\u00ebrkushtimin suprem dhe frym\u00ebn e vet, q\u00eb vazhduesit t\u2019i \u00e7onin m\u00eb tej.<\/p>\n<p>Pra, gjithsesi ai ka pasues, pun\u00ebn, idet\u00eb dhe bashk\u00ebpun\u00ebtor\u00ebt. Po edhe vet\u00eb Rugova ishte pasues, nuk u krijua nga e ve\u00e7anta dhe shpirti i tij nuk u importua, por sublimoi shpirtin e popullit t\u00eb vet q\u00eb e do paqen, harmonin\u00eb, di ta njoh\u00eb tjetrin, t\u00eb bashk\u00ebjetoj\u00eb dhe t\u00eb jet\u00eb i pamposhtur deri n\u00eb sakrific\u00eb p\u00ebrball\u00eb vuajtjeve.<\/p>\n<p>NGA SHPATA E SK\u00cbNDERBEUT<\/p>\n<p>TE SHAMIA E N\u00cbN\u00cb TEREZES:<\/p>\n<p>Ai sikur bashkoi durimin e Sk\u00ebnderbeut, kur ishte n\u00ebn pushtuesin n\u00eb kryeqytetin e perandoris\u00eb otomane, me hovin e shenjt\u00eb t\u00eb N\u00ebn\u00eb Terez\u00ebs, q\u00eb ikte n\u00ebp\u00ebr bot\u00eb n\u00eb ndihm\u00eb t\u00eb plag\u00ebve t\u00eb njer\u00ebzimit. Rugova aspiroi qytet\u00ebrimin per\u00ebndimor, kultur\u00ebn katolike\u2026 p\u00ebr t\u2019u b\u00ebr\u00eb edhe m\u00eb shum\u00eb simbol i bashkimit, duke i bashkangjitur vetes, krahas fes\u00eb muslimane t\u00eb tanishme dhe at\u00eb m\u00eb t\u00eb hershmen, t\u00eb krishteren, sepse ai e dinte mir\u00eb se popull nuk do t\u00eb thot\u00eb vet\u00ebm t\u00eb gjall\u00ebt e tij, por edhe gjeneratat e t\u00eb vdekurve.<\/p>\n<p>Fisi i tij i dha bot\u00ebs, krahas shpat\u00ebs s\u00eb Sk\u00ebnderbeut, edhe lutjet magjike t\u00eb N\u00ebn\u00eb Terez\u00ebs, e cila vuri mbi krye sarin indian dhe iu p\u00ebrvesh pun\u00ebs p\u00ebr t\u00eb shp\u00ebrndar\u00eb paqe mbi fytyr\u00eb t\u00eb dheut. Dhe si shp\u00ebrblim prej andej, nga India e larg\u00ebt, u kthye n\u00eb Kosov\u00eb \u201cgandizmi\u201d, q\u00eb gjeti shpirtin binjak te Rugova. Vetveten te shqiptar\u00ebt.<\/p>\n<p>P\u00ebrs\u00ebri simboli i shamis\u00eb s\u00eb paqes. Jo i bardh\u00eb si te shenjtorja jon\u00eb, N\u00ebn\u00eb Tereza, por i p\u00ebrzish\u00ebm si shalli rugovian te Presidenti. Kombi shqiptar i val\u00ebvit t\u00eb dyja tani, nj\u00ebr\u00ebn n\u00eb nj\u00ebr\u00ebn dor\u00eb dhe tjetr\u00ebn n\u00eb tjetr\u00ebn, n\u00ebn hijen e shpat\u00ebs sk\u00ebnderbejane. Paqe dramatike?<\/p>\n<p>Megjithat\u00eb paqe dhe pastaj vjen buz\u00ebqeshja. N\u00ebn\u00eb Tereza buz\u00ebqeshte bukur, Rugova tronditsh\u00ebm. Ai e pa nga larg pavar\u00ebsin\u00eb, m\u00eb qart\u00eb nga t\u00eb gjith\u00eb dhe priu si nj\u00eb profet n\u00eb ecjen e funeralt\u00eb drejt saj, dhe n\u00eb mb\u00ebrritje shkoi t\u00eb shplodhet p\u00ebr t\u00eb l\u00ebn\u00eb ta prekin t\u00eb tjer\u00eb e t\u00eb tjer\u00eb, me mij\u00ebra, vet\u00eb popullin. Prandaj dhe e lindi trualli amtar\u2026<\/p>\n<p>Dhe un\u00eb i risolle k\u00ebto fjal\u00eb n\u00eb vend t\u00eb nj\u00eb buqete me lule.<\/p>\n<p>(Botuar n\u0113 disa media, brenda dhe jasht\u0113 vendit, n\u00ebntitujt e rinj)<\/p>\n","protected":false},"excerpt":{"rendered":"<p>Nga Visar ZHITI &#8211; N\u0113 dat\u0113lindjen e Tij e risjell &#8211; N\u00eb qytetet tona t\u00eb m\u00ebdha, n\u00eb Tiran\u00eb dhe n\u00eb Prishtin\u00eb, n\u00eb sheshet kryesore q\u00eb kan\u00eb emrin e p\u00ebrbashk\u00ebt \u201cSk\u00ebnderbej\u201d, qytetar\u00ebt me mij\u00ebra mblidhen dhe kujtojn\u00eb Presidentin Rugova, lule dhe qirinj dhe fjala e bukur shqipe\u2026 DAT\u00cbLINDJA Sot \u00ebsht\u00eb&#8230; Jo vet\u00ebm shqiptar\u00ebt, edhe pse m\u00eb &hellip;<\/p>\n","protected":false},"author":4,"featured_media":97374,"comment_status":"closed","ping_status":"closed","sticky":false,"template":"","format":"standard","meta":{"footnotes":""},"categories":[44],"tags":[],"class_list":["post-97372","post","type-post","status-publish","format-standard","has-post-thumbnail","","category-editorial"],"_links":{"self":[{"href":"https:\/\/rdnews.al\/index.php\/wp-json\/wp\/v2\/posts\/97372","targetHints":{"allow":["GET"]}}],"collection":[{"href":"https:\/\/rdnews.al\/index.php\/wp-json\/wp\/v2\/posts"}],"about":[{"href":"https:\/\/rdnews.al\/index.php\/wp-json\/wp\/v2\/types\/post"}],"author":[{"embeddable":true,"href":"https:\/\/rdnews.al\/index.php\/wp-json\/wp\/v2\/users\/4"}],"replies":[{"embeddable":true,"href":"https:\/\/rdnews.al\/index.php\/wp-json\/wp\/v2\/comments?post=97372"}],"version-history":[{"count":1,"href":"https:\/\/rdnews.al\/index.php\/wp-json\/wp\/v2\/posts\/97372\/revisions"}],"predecessor-version":[{"id":97373,"href":"https:\/\/rdnews.al\/index.php\/wp-json\/wp\/v2\/posts\/97372\/revisions\/97373"}],"wp:featuredmedia":[{"embeddable":true,"href":"https:\/\/rdnews.al\/index.php\/wp-json\/wp\/v2\/media\/97374"}],"wp:attachment":[{"href":"https:\/\/rdnews.al\/index.php\/wp-json\/wp\/v2\/media?parent=97372"}],"wp:term":[{"taxonomy":"category","embeddable":true,"href":"https:\/\/rdnews.al\/index.php\/wp-json\/wp\/v2\/categories?post=97372"},{"taxonomy":"post_tag","embeddable":true,"href":"https:\/\/rdnews.al\/index.php\/wp-json\/wp\/v2\/tags?post=97372"}],"curies":[{"name":"wp","href":"https:\/\/api.w.org\/{rel}","templated":true}]}}