{"id":9746,"date":"2022-04-18T17:49:47","date_gmt":"2022-04-18T17:49:47","guid":{"rendered":"https:\/\/rdnews.al\/?p=9746"},"modified":"2022-04-18T17:49:47","modified_gmt":"2022-04-18T17:49:47","slug":"kellici-procesi-i-votimit-per-kryetarin-e-pd-berat-vijon-ende-per-shkak-te-pjesemarrjes-se-larte","status":"publish","type":"post","link":"https:\/\/rdnews.al\/index.php\/2022\/04\/18\/kellici-procesi-i-votimit-per-kryetarin-e-pd-berat-vijon-ende-per-shkak-te-pjesemarrjes-se-larte\/","title":{"rendered":"K\u00eblli\u00e7i: Procesi i votimit p\u00ebr kryetarin e PD Berat vijon ende p\u00ebr shkak t\u00eb pjes\u00ebmarrjes s\u00eb lart\u00eb!\u00a0"},"content":{"rendered":"<p>P\u00ebr shkak t\u00eb pjes\u00ebmarrjes masive, me vendim te komisioner\u00ebve procesi do t\u00eb p\u00ebrfundoj\u00eb n\u00eb or\u00ebn 19:00.<\/p>\n<p>Ky vendim u mor nga komisioneret se bashku me 4 kandidatet ne gare, p\u00ebr shkak se ka ende demokrat\u00eb q\u00eb po i drejtohen Qendr\u00ebs s\u00eb Votimit p\u00ebr t\u00eb shprehur vullnetin e tyre me vot\u00eb.<\/p>\n<p><strong>Postimi i Belind K\u00eblli\u00e7it<\/strong><\/p>\n<p>Ora 19:40, procesi i votimit n\u00eb Berat vijon ende p\u00ebr shkak t\u00eb pjes\u00ebmarrjes s\u00eb lart\u00eb!<\/p>\n<p>Riorganizimi i baz\u00ebs ka t\u00ebrhequr v\u00ebmendjen e gjith\u00eb demokrat\u00ebve, prandaj t\u00eb gjith\u00eb duhet t\u00eb angazhohemi dhe t\u00eb veprojm\u00eb. Nga vota e lir\u00eb fillon demokracia.<\/p>\n<p>Falenderime t\u00eb p\u00ebrzem\u00ebrta dhe mir\u00ebnjohje p\u00ebr Kryetarin n\u00eb detyr\u00eb <a href=\"https:\/\/www.facebook.com\/gazment.azizi?__cft__%5b0%5d=AZV_78xu7_p5LsUCNUHuYaNkajoZqiLE1mdb0hs2HdGwLhuE5VDVuic8wz5r50lURCUNug4VTcGiXVx2mwImhd_RUPTufzieZJRRpvkO2vwXd79fABYSZ0UqNsH4yatjZUFBCLZr1gj_zzU2t71rMXHTWg9oFokUwR8pLDZE55FSwq7oRUSo5IH_8tiCNqdLSew&amp;__tn__=-%5dK-R\" target=\"_blank\" rel=\"noopener\">Gazment Azizi<\/a>, i cili sakrifikoi dhe drejtoi demokrat\u00ebt e Beratit p\u00ebr 9 vite n\u00eb opozit\u00eb! Qytetaria triumfoi dhe sot n\u00eb nj\u00eb proces model dhe civil mes kandidat\u00ebve. P\u00ebr pak nisim num\u00ebrimin e votave n\u00eb kuti.<\/p>\n","protected":false},"excerpt":{"rendered":"<p>P\u00ebr shkak t\u00eb pjes\u00ebmarrjes masive, me vendim te komisioner\u00ebve procesi do t\u00eb p\u00ebrfundoj\u00eb n\u00eb or\u00ebn 19:00. Ky vendim u mor nga komisioneret se bashku me 4 kandidatet ne gare, p\u00ebr shkak se ka ende demokrat\u00eb q\u00eb po i drejtohen Qendr\u00ebs s\u00eb Votimit p\u00ebr t\u00eb shprehur vullnetin e tyre me vot\u00eb. Postimi i Belind K\u00eblli\u00e7it Ora &hellip;<\/p>\n","protected":false},"author":4,"featured_media":9747,"comment_status":"open","ping_status":"open","sticky":false,"template":"","format":"standard","meta":{"footnotes":""},"categories":[40],"tags":[],"class_list":["post-9746","post","type-post","status-publish","format-standard","has-post-thumbnail","","category-aktualitet"],"_links":{"self":[{"href":"https:\/\/rdnews.al\/index.php\/wp-json\/wp\/v2\/posts\/9746","targetHints":{"allow":["GET"]}}],"collection":[{"href":"https:\/\/rdnews.al\/index.php\/wp-json\/wp\/v2\/posts"}],"about":[{"href":"https:\/\/rdnews.al\/index.php\/wp-json\/wp\/v2\/types\/post"}],"author":[{"embeddable":true,"href":"https:\/\/rdnews.al\/index.php\/wp-json\/wp\/v2\/users\/4"}],"replies":[{"embeddable":true,"href":"https:\/\/rdnews.al\/index.php\/wp-json\/wp\/v2\/comments?post=9746"}],"version-history":[{"count":0,"href":"https:\/\/rdnews.al\/index.php\/wp-json\/wp\/v2\/posts\/9746\/revisions"}],"wp:featuredmedia":[{"embeddable":true,"href":"https:\/\/rdnews.al\/index.php\/wp-json\/wp\/v2\/media\/9747"}],"wp:attachment":[{"href":"https:\/\/rdnews.al\/index.php\/wp-json\/wp\/v2\/media?parent=9746"}],"wp:term":[{"taxonomy":"category","embeddable":true,"href":"https:\/\/rdnews.al\/index.php\/wp-json\/wp\/v2\/categories?post=9746"},{"taxonomy":"post_tag","embeddable":true,"href":"https:\/\/rdnews.al\/index.php\/wp-json\/wp\/v2\/tags?post=9746"}],"curies":[{"name":"wp","href":"https:\/\/api.w.org\/{rel}","templated":true}]}}