{"id":97475,"date":"2024-12-02T21:18:17","date_gmt":"2024-12-02T21:18:17","guid":{"rendered":"https:\/\/rdnews.al\/?p=97475"},"modified":"2024-12-02T21:18:17","modified_gmt":"2024-12-02T21:18:17","slug":"tronditet-e-majta-pas-scholz-lekunden-pozitat-e-macron-qeveria-e-tij-pritet-te-rrezohet-ne-parlament","status":"publish","type":"post","link":"https:\/\/rdnews.al\/index.php\/2024\/12\/02\/tronditet-e-majta-pas-scholz-lekunden-pozitat-e-macron-qeveria-e-tij-pritet-te-rrezohet-ne-parlament\/","title":{"rendered":"Tronditet e majta, pas Scholz, l\u00ebkunden pozitat e Macron, qeveria e tij pritet t\u00eb rr\u00ebzohet n\u00eb Parlament"},"content":{"rendered":"<p>Qeveria franceze \u00ebsht\u00eb e sigurt se do t\u00eb shembet k\u00ebt\u00eb jav\u00eb, pasi partit\u00eb e ekstremit t\u00eb djatht\u00eb dhe t\u00eb majt\u00eb paraqit\u00ebn mocion mosbesimi t\u00eb h\u00ebn\u00ebn kund\u00ebr kryeministrit Michel Barnier.<\/p>\n<p>Investitor\u00ebt nd\u00ebshkuan menj\u00ebher\u00eb asetet franceze, pasi zhvillimet e fundit e zhyt\u00ebn ekonomin\u00eb e dyt\u00eb m\u00eb t\u00eb madhe t\u00eb eurozon\u00ebs m\u00eb thell\u00eb n\u00eb kriz\u00eb politike, me dyshime serioze n\u00ebse do t\u00eb miratohet buxheti vjetor.<\/p>\n<p>&#8220;Francez\u00ebt u ngop\u00ebn&#8221;, u tha gazetar\u00ebve n\u00eb parlament udh\u00ebheq\u00ebsja e Rally Komb\u00ebtare (RN), Marine Le Pen, duke th\u00ebn\u00eb se Barnier, i cili u b\u00eb kryeminist\u00ebr vet\u00ebm n\u00eb fillim t\u00eb shtatorit, i kishte b\u00ebr\u00eb gj\u00ebrat m\u00eb keq dhe duhej t\u00eb largohej. \u201cNe po propozojm\u00eb mocion mosbesimi ndaj qeveris\u00eb\u201d, tha ajo.<\/p>\n<p>Me p\u00ebrjashtim t\u00eb nj\u00eb surprize t\u00eb minut\u00ebs s\u00eb fundit, koalicioni i brisht\u00eb i Barnier do t\u00eb jet\u00eb qeveria e par\u00eb franceze, q\u00eb do t\u00eb detyrohet t\u00eb rr\u00ebzohet nga nj\u00eb vot\u00eb mosbesimi q\u00eb nga viti 1962.<\/p>\n<p>Nj\u00eb r\u00ebnie e qeveris\u00eb do t\u00eb linte nj\u00eb vrim\u00eb n\u00eb zem\u00ebr t\u00eb Evrop\u00ebs, me Gjermanin\u00eb gjithashtu n\u00eb modalitetin zgjedhor,<\/p>\n<div id=\"1733173771257\" class=\"related-list\" data-mce-contenteditable=\"false\"><\/div>\n<p>a se presidenti i zgjedhur i SHBA-s\u00eb, Donald Trump, t\u00eb rihyj\u00eb n\u00eb Sht\u00ebpin\u00eb e Bardh\u00eb.<\/p>\n<p>Ligjv\u00ebn\u00ebsit e RN dhe e majta s\u00eb bashku kan\u00eb vota t\u00eb mjaftueshme p\u00ebr t\u00eb rr\u00ebzuar Barnier, Le Pen konfirmoi se partia e saj do t\u00eb votonte p\u00ebr projektligjin e mosbesimit t\u00eb koalicionit t\u00eb krahut t\u00eb majt\u00eb n\u00eb krye t\u00eb projektligjit t\u00eb vet\u00eb RN. Ky votim ka t\u00eb ngjar\u00eb t\u00eb mbahet t\u00eb m\u00ebrkur\u00ebn.<\/p>\n<p>Partit\u00eb njoftuan mocionet e tyre t\u00eb mosbesimit pasi Barnier tha m\u00eb her\u00ebt t\u00eb h\u00ebn\u00ebn se ai do t\u00eb p\u00ebrpiqej t\u00eb paraqiste nj\u00eb projekt-ligj t\u00eb sigurimeve shoq\u00ebrore n\u00eb parlament pa votim, pasi nj\u00eb\u00a0koncesion i minut\u00ebs s\u00eb fundit\u00a0rezultoi i pamjaftuesh\u00ebm p\u00ebr t\u00eb fituar mb\u00ebshtetjen e RN p\u00ebr legjislacionin.<\/p>\n<p>&#8220;P\u00ebrball\u00eb k\u00ebtij mohimi t\u00eb nj\u00ebpasnj\u00ebsh\u00ebm t\u00eb demokracis\u00eb, ne do t\u00eb censurojm\u00eb qeverin\u00eb,&#8221; tha Mathilde Panot e krahut t\u00eb majt\u00eb France Unbowed. &#8220;Ne po jetojm\u00eb n\u00eb kaos politik p\u00ebr shkak t\u00eb qeveris\u00eb s\u00eb Michel Barnier dhe presidenc\u00ebs s\u00eb Emmanuel Macron.&#8221;<\/p>\n<p>Q\u00eb kur Macron shpalli zgjedhje t\u00eb parakohshme n\u00eb fillim t\u00eb qershorit, CAC 40 i Franc\u00ebs\u00a0ka r\u00ebn\u00eb gati 10%, r\u00ebnia m\u00eb e madhe n\u00eb mesin e ekonomive kryesore t\u00eb BE-s\u00eb. Ai u mbyll t\u00eb h\u00ebn\u00ebn pasi ra mbi 1% m\u00eb her\u00ebt gjat\u00eb dit\u00ebs.<\/p>\n<p>Barnier u k\u00ebrkoi ligjv\u00ebn\u00ebsve t\u00eb mos mb\u00ebshtesin votimin e mosbesimit.<\/p>\n<p>&#8220;Ne jemi n\u00eb nj\u00eb moment t\u00eb s\u00eb v\u00ebrtet\u00ebs&#8230; Francez\u00ebt nuk do t\u00eb na falin q\u00eb vendos\u00ebm interesat e individ\u00ebve p\u00ebrpara t\u00eb ardhmes s\u00eb vendit,&#8221; tha ai, nd\u00ebrsa vuri fatin e qeveris\u00eb s\u00eb tij n\u00eb duart e parlamentit t\u00eb ndar\u00eb q\u00eb ishte rezultati p\u00ebr nj\u00eb zgjedhje t\u00eb parakohshme jo bind\u00ebse q\u00eb Macron thirri n\u00eb qershor.<\/p>\n<p>Qeveria e pakic\u00ebs e Barnier-it ishte mb\u00ebshtetur n\u00eb mb\u00ebshtetjen e RN p\u00ebr mbijetes\u00ebn e saj. Projektligji i buxhetit, i cili synon t\u00eb frenoj\u00eb deficitin publik spirale t\u00eb Franc\u00ebs p\u00ebrmes rritjes s\u00eb taksave dhe shkurtimeve t\u00eb shpenzimeve prej 60 miliard\u00eb eurosh (63 miliard\u00eb dollar\u00eb), e k\u00ebputi k\u00ebt\u00eb lidhje t\u00eb dob\u00ebt.<\/p>\n<p>Rrethimi i Barnier-it dhe kampi i Le Pen-it faj\u00ebsuan secili nj\u00ebri-tjetrin dhe than\u00eb se kishin b\u00ebr\u00eb gjith\u00e7ka q\u00eb mundeshin p\u00ebr t\u00eb arritur nj\u00eb marr\u00ebveshje dhe kishin qen\u00eb t\u00eb hapur p\u00ebr dialog.<\/p>\n<p>Nj\u00eb burim i af\u00ebrt me Barnier tha se kryeministri kishte b\u00ebr\u00eb l\u00ebshime t\u00eb m\u00ebdha p\u00ebr Le Pen dhe se votimi p\u00ebr t\u00eb rr\u00ebzuar qeverin\u00eb do t\u00eb n\u00ebnkuptonte humbjen e k\u00ebtyre p\u00ebrfitimeve.<\/p>\n<p>&#8220;A \u00ebsht\u00eb ajo gati t\u00eb sakrifikoj\u00eb t\u00eb gjitha fitoret q\u00eb mori?&#8221; tha burimi p\u00ebr Reuters.<\/p>\n<p>N\u00ebse vota e mosbesimit v\u00ebrtet kalon, Barnier do t\u00eb duhet t\u00eb jap\u00eb dor\u00ebheqjen e tij, por Macron mund t&#8217;i k\u00ebrkoj\u00eb atij dhe qeveris\u00eb s\u00eb tij t\u00eb q\u00ebndrojn\u00eb n\u00eb nj\u00eb rol kujdestar p\u00ebr t\u00eb trajtuar biznesin e p\u00ebrditsh\u00ebm, nd\u00ebrsa ai k\u00ebrkon nj\u00eb kryeminist\u00ebr t\u00eb ri, i cili mund t\u00eb ndodh\u00eb vet\u00ebm vitin e ardhsh\u00ebm.<\/p>\n<p>Nj\u00eb opsion do t\u00eb ishte q\u00eb Macron t\u00eb em\u00ebronte nj\u00eb qeveri teknokrat\u00ebsh pa program politik, duke shpresuar se kjo mund t\u00eb ndihmoj\u00eb mbijetes\u00ebn e nj\u00eb votimi mosbesimi. N\u00eb \u00e7do rast, nuk mund t\u00eb ket\u00eb zgjedhje t\u00eb reja t\u00eb parakohshme parlamentare, p\u00ebrpara korrikut.<\/p>\n<p>P\u00ebr sa i p\u00ebrket buxhetit, n\u00ebse parlamenti nuk e ka miratuar at\u00eb deri m\u00eb 20 dhjetor, qeveria e p\u00ebrkohshme mund t\u00eb k\u00ebrkoj\u00eb fuqi kushtetuese p\u00ebr ta miratuar at\u00eb me urdh\u00ebres\u00eb.<\/p>\n<p>Megjithat\u00eb, kjo do t\u00eb ishte e rrezikshme, pasi ekziston nj\u00eb zon\u00eb gri ligjore n\u00ebse nj\u00eb qeveri e p\u00ebrkohshme mund t\u00eb p\u00ebrdor\u00eb kompetenca t\u00eb tilla. Dhe kjo me siguri do t\u00eb shkaktonte zhurm\u00eb nga opozita.<\/p>\n<p>Nj\u00eb l\u00ebvizje m\u00eb e mundshme do t\u00eb ishte q\u00eb qeveria e p\u00ebrkohshme t\u00eb propozoj\u00eb legjislacion t\u00eb posa\u00e7\u00ebm emergjence, p\u00ebr t\u00eb tejkaluar kufijt\u00eb e shpenzimeve dhe dispozitat tatimore nga ky vit. Por kjo do t\u00eb thot\u00eb se masat e kursimit q\u00eb Barnier kishte planifikuar do t\u00eb bien n\u00eb fund.<\/p>\n","protected":false},"excerpt":{"rendered":"<p>Qeveria franceze \u00ebsht\u00eb e sigurt se do t\u00eb shembet k\u00ebt\u00eb jav\u00eb, pasi partit\u00eb e ekstremit t\u00eb djatht\u00eb dhe t\u00eb majt\u00eb paraqit\u00ebn mocion mosbesimi t\u00eb h\u00ebn\u00ebn kund\u00ebr kryeministrit Michel Barnier. Investitor\u00ebt nd\u00ebshkuan menj\u00ebher\u00eb asetet franceze, pasi zhvillimet e fundit e zhyt\u00ebn ekonomin\u00eb e dyt\u00eb m\u00eb t\u00eb madhe t\u00eb eurozon\u00ebs m\u00eb thell\u00eb n\u00eb kriz\u00eb politike, me dyshime &hellip;<\/p>\n","protected":false},"author":3,"featured_media":97476,"comment_status":"closed","ping_status":"closed","sticky":false,"template":"","format":"standard","meta":{"footnotes":""},"categories":[38],"tags":[],"class_list":["post-97475","post","type-post","status-publish","format-standard","has-post-thumbnail","","category-bota"],"_links":{"self":[{"href":"https:\/\/rdnews.al\/index.php\/wp-json\/wp\/v2\/posts\/97475","targetHints":{"allow":["GET"]}}],"collection":[{"href":"https:\/\/rdnews.al\/index.php\/wp-json\/wp\/v2\/posts"}],"about":[{"href":"https:\/\/rdnews.al\/index.php\/wp-json\/wp\/v2\/types\/post"}],"author":[{"embeddable":true,"href":"https:\/\/rdnews.al\/index.php\/wp-json\/wp\/v2\/users\/3"}],"replies":[{"embeddable":true,"href":"https:\/\/rdnews.al\/index.php\/wp-json\/wp\/v2\/comments?post=97475"}],"version-history":[{"count":1,"href":"https:\/\/rdnews.al\/index.php\/wp-json\/wp\/v2\/posts\/97475\/revisions"}],"predecessor-version":[{"id":97477,"href":"https:\/\/rdnews.al\/index.php\/wp-json\/wp\/v2\/posts\/97475\/revisions\/97477"}],"wp:featuredmedia":[{"embeddable":true,"href":"https:\/\/rdnews.al\/index.php\/wp-json\/wp\/v2\/media\/97476"}],"wp:attachment":[{"href":"https:\/\/rdnews.al\/index.php\/wp-json\/wp\/v2\/media?parent=97475"}],"wp:term":[{"taxonomy":"category","embeddable":true,"href":"https:\/\/rdnews.al\/index.php\/wp-json\/wp\/v2\/categories?post=97475"},{"taxonomy":"post_tag","embeddable":true,"href":"https:\/\/rdnews.al\/index.php\/wp-json\/wp\/v2\/tags?post=97475"}],"curies":[{"name":"wp","href":"https:\/\/api.w.org\/{rel}","templated":true}]}}