{"id":97494,"date":"2024-12-02T22:05:33","date_gmt":"2024-12-02T22:05:33","guid":{"rendered":"https:\/\/rdnews.al\/?p=97494"},"modified":"2024-12-02T22:08:47","modified_gmt":"2024-12-02T22:08:47","slug":"olsi-tjeter-i-dumanit","status":"publish","type":"post","link":"https:\/\/rdnews.al\/index.php\/2024\/12\/02\/olsi-tjeter-i-dumanit\/","title":{"rendered":"Olsi tjet\u00ebr i Dumanit"},"content":{"rendered":"<p><strong>&#8220;RD&#8221;<\/strong><\/p>\n<p>SPAK dhe Dumani reaguan n\u00eb or\u00ebt e vona t\u00eb pasdites p\u00ebr t\u00eb sqaruar opinionin publik se Olsi i dal\u00eb nga p\u00ebrgjimet e nj\u00eb bande kriminale t\u00eb lidhur me ish-deputetin e PS nuk \u00ebsht\u00eb prokurori Olsi Dade. Reagimi n\u00eb mbojtje zyrtare t\u00eb Prokurorit Olsi Dade duhet t\u00eb jet\u00eb nj\u00eb standard n\u00eb komunkimin e k\u00ebtij institucioni me opinionin publik dhe mediat.<\/p>\n<p>Fjala vjen edhe p\u00ebr hetimet q\u00eb nuk ndodh\u00ebn kurr\u00eb p\u00ebr McGonigalin, p\u00ebr Ram\u00ebn, Veliajn dhe deri tek Ulusiu.<\/p>\n<p>Dumani n\u00eb fakt duhet falenderuar p\u00ebr nj\u00eb fakt. Ai na ndri\u00e7oi sot duke na th\u00ebn\u00eb se keni ngat\u00ebrruar sh\u00ebnjestr\u00ebn dhe \u201cOlsi i pushtetit q\u00eb, krimineli Altin Hajri i k\u00ebrkon Ergys \u00c7yrbes ta falenderoj\u00eb se ka b\u00ebr\u00eb mir\u00eb pun\u00ebn e tij\u201d na qenka ai Olsi tjet\u00ebr i kudogjendur n\u00eb t\u00eb tilla biseda bandash t\u00eb lidhura me trafikun e drog\u00ebs.<\/p>\n<p>Por tani Dumani dhe SPAK kan\u00eb detyrimin t\u00eb na tregojn\u00eb se kush na qenka \u201cOlsi i pushtetit q\u00eb krimineli Altin Hajri i k\u00ebrkon \u00c7yrbes t\u00eb marr\u00eb masat e trupit p\u00ebr t\u2019i bler\u00eb peshqesh dy kostume\u201d.<\/p>\n<p>&nbsp;<\/p>\n","protected":false},"excerpt":{"rendered":"<p>&#8220;RD&#8221; SPAK dhe Dumani reaguan n\u00eb or\u00ebt e vona t\u00eb pasdites p\u00ebr t\u00eb sqaruar opinionin publik se Olsi i dal\u00eb nga p\u00ebrgjimet e nj\u00eb bande kriminale t\u00eb lidhur me ish-deputetin e PS nuk \u00ebsht\u00eb prokurori Olsi Dade. Reagimi n\u00eb mbojtje zyrtare t\u00eb Prokurorit Olsi Dade duhet t\u00eb jet\u00eb nj\u00eb standard n\u00eb komunkimin e k\u00ebtij institucioni &hellip;<\/p>\n","protected":false},"author":3,"featured_media":97495,"comment_status":"closed","ping_status":"closed","sticky":false,"template":"","format":"standard","meta":{"footnotes":""},"categories":[37],"tags":[],"class_list":["post-97494","post","type-post","status-publish","format-standard","has-post-thumbnail","","category-politike"],"_links":{"self":[{"href":"https:\/\/rdnews.al\/index.php\/wp-json\/wp\/v2\/posts\/97494","targetHints":{"allow":["GET"]}}],"collection":[{"href":"https:\/\/rdnews.al\/index.php\/wp-json\/wp\/v2\/posts"}],"about":[{"href":"https:\/\/rdnews.al\/index.php\/wp-json\/wp\/v2\/types\/post"}],"author":[{"embeddable":true,"href":"https:\/\/rdnews.al\/index.php\/wp-json\/wp\/v2\/users\/3"}],"replies":[{"embeddable":true,"href":"https:\/\/rdnews.al\/index.php\/wp-json\/wp\/v2\/comments?post=97494"}],"version-history":[{"count":3,"href":"https:\/\/rdnews.al\/index.php\/wp-json\/wp\/v2\/posts\/97494\/revisions"}],"predecessor-version":[{"id":97498,"href":"https:\/\/rdnews.al\/index.php\/wp-json\/wp\/v2\/posts\/97494\/revisions\/97498"}],"wp:featuredmedia":[{"embeddable":true,"href":"https:\/\/rdnews.al\/index.php\/wp-json\/wp\/v2\/media\/97495"}],"wp:attachment":[{"href":"https:\/\/rdnews.al\/index.php\/wp-json\/wp\/v2\/media?parent=97494"}],"wp:term":[{"taxonomy":"category","embeddable":true,"href":"https:\/\/rdnews.al\/index.php\/wp-json\/wp\/v2\/categories?post=97494"},{"taxonomy":"post_tag","embeddable":true,"href":"https:\/\/rdnews.al\/index.php\/wp-json\/wp\/v2\/tags?post=97494"}],"curies":[{"name":"wp","href":"https:\/\/api.w.org\/{rel}","templated":true}]}}