{"id":97582,"date":"2024-12-03T18:48:58","date_gmt":"2024-12-03T18:48:58","guid":{"rendered":"https:\/\/rdnews.al\/?p=97582"},"modified":"2024-12-03T22:37:26","modified_gmt":"2024-12-03T22:37:26","slug":"ish-drejtuesi-i-policise-politikane-dhe-prokurore-te-spak-te-perfshire-ne-banden-e-suel-celes","status":"publish","type":"post","link":"https:\/\/rdnews.al\/index.php\/2024\/12\/03\/ish-drejtuesi-i-policise-politikane-dhe-prokurore-te-spak-te-perfshire-ne-banden-e-suel-celes\/","title":{"rendered":"Ish-drejtuesi i Policis\u00eb: Politikan\u00eb dhe prokuror\u00eb t\u00eb SPAK t\u00eb p\u00ebrfshir\u00eb n\u00eb band\u00ebn e Suel \u00c7el\u00ebs"},"content":{"rendered":"<p>Ish-drejtuesi i Policis\u00eb, Shemsi Pren\u00e7i tha n\u00eb MCN se, n\u00eb p\u00ebrgjimet e dekriptuara t\u00eb aplikacionit \u201cSky Ecc\u201d kan\u00eb dal\u00eb dhe politikan\u00eb dhe p\u00ebr k\u00ebt\u00eb arsye ka ve\u00e7ime t\u00eb fraksioneve t\u00eb dosjes s\u00eb Suel \u00c7el\u00ebs.<\/p>\n<p>Sipas Pren\u00e7it, t\u00eb gjith\u00eb tenderat e pastrimit t\u00eb qyteteve t\u00eb qarkut t\u00eb Ebasanit i jepeshin organizat\u00ebs s\u00eb Suel \u00c7el\u00ebs.<\/p>\n<p>\u201cNuk besoj t\u00eb jet\u00eb me 260 faqe. 260 jan\u00eb p\u00ebr publikun dhe mediat, dosja ka m\u00eb shum\u00eb faqe. Dosja e procedimit penal perceptohet ndryshe nga persona t\u00eb ndrysh\u00ebm.\u00a0Fakti q\u00eb SPAK e ka klasifikuar organizat\u00eb kriminale do t\u00eb thot\u00eb q\u00eb nuk \u00ebsht\u00eb me m\u00eb shum\u00eb se 260 faqe.\u00a0Ka ve\u00e7ime t\u00eb fraksioneve t\u00eb dosjes ku ka dhe politikan\u00eb q\u00eb kan\u00eb dal\u00eb n\u00eb dekriptimin e platform\u00ebs Sky, sipas meje.<\/p>\n<p>Kreu i SPAK dhe personat q\u00eb e kan\u00eb servirur para gazetar\u00ebve kan\u00eb th\u00ebn\u00eb q\u00eb kjo \u00ebsht\u00eb nj\u00eb dosje q\u00eb vazhdon. Nuk \u00ebsht\u00eb 260 faqe se jan\u00eb 21 urdh\u00ebr arreste. Pritet q\u00eb do t\u00eb ket\u00eb vazhdim\u00ebsi dhe goditje t\u00eb personave t\u00eb mb\u00ebrthyer me pushtet, me korrupsion me n\u00ebnshtrime t\u00eb pashoqe n\u00eb kuptimin e shfryt\u00ebzimit t\u00eb shtetit, qeveris\u00eb dhe pushtetit vendor.<\/p>\n<p>Q\u00eb t\u00eb mbijetoj\u00eb nj\u00eb organizat\u00eb kriminale \u00ebsht\u00eb e domosdoshme q\u00eb \u00eb ket\u00eb nj\u00eb mb\u00ebshtetje politike. Fakti q\u00eb n\u00eb Sky kan\u00eb dal\u00eb personalitet t\u00eb larta t\u00eb shtetit q\u00eb kan\u00eb komunikuar. Kan\u00eb v\u00ebn\u00eb n\u00eb dispozicion, kan\u00eb ofruar favore p\u00ebr grupin e Suel \u00c7el\u00ebs. \u00c7ela n\u00ebp\u00ebrmjet k\u00ebtyre pushtetar\u00ebve ka garantuar em\u00ebrime. Kjo organizat\u00eb ka nj\u00eb platform\u00eb t\u00eb qart\u00eb t\u00eb bot\u00ebs s\u00eb krimit.<\/p>\n<p>N\u00eb materialin e Prokuroris\u00eb ka materiale t\u00eb tjera q\u00eb flasin p\u00ebr v\u00ebnien n\u00eb dispozicion t\u00eb organizat\u00ebs s\u00eb drejtuar nga \u00c7ela duke filluar nga gjykat\u00ebs, prokuror\u00eb, policie, politikan\u00eb q\u00eb i donin p\u00ebr vota. Ka kryetar\u00eb bashkish q\u00eb jepnin tendera p\u00ebr pastrimin e qyteteve. T\u00eb gjitha bashkit\u00eb e rajonit t\u00eb Elbasanit ia jepnin tenderit e pastrimit t\u00eb qyteteve organizat\u00ebs s\u00eb \u00c7el\u00ebs pavar\u00ebsisht se kush ishte biznesmeni. Rezulton q\u00eb ishte ortak dhe vjehrri i nj\u00eb kryetari bashkie si\u00e7 ishte ai n\u00eb Berat.\u201d<\/p>\n<p>Pren\u00e7i tha se n\u00eb dosjen e Suel \u00c7el\u00ebs jan\u00eb t\u00eb p\u00ebrfshir\u00eb dhe prokuror\u00eb t\u00eb SPAK.<\/p>\n<p>\u201cSPAK ka shkuar deri n\u00eb brez n\u00eb goditjen e personave t\u00eb implikuar n\u00eb k\u00ebt\u00eb organizat\u00eb. Nuk \u00ebsht\u00eb ngritur lart p\u00ebr t\u00eb komunikuar akuzat p\u00ebr prokuror\u00eb t\u00eb p\u00ebrfshir\u00eb, madje dhe p\u00ebr prokuror\u00eb t\u00eb SPAK-ut\u201d, tha ai.<\/p>\n","protected":false},"excerpt":{"rendered":"<p>Ish-drejtuesi i Policis\u00eb, Shemsi Pren\u00e7i tha n\u00eb MCN se, n\u00eb p\u00ebrgjimet e dekriptuara t\u00eb aplikacionit \u201cSky Ecc\u201d kan\u00eb dal\u00eb dhe politikan\u00eb dhe p\u00ebr k\u00ebt\u00eb arsye ka ve\u00e7ime t\u00eb fraksioneve t\u00eb dosjes s\u00eb Suel \u00c7el\u00ebs. Sipas Pren\u00e7it, t\u00eb gjith\u00eb tenderat e pastrimit t\u00eb qyteteve t\u00eb qarkut t\u00eb Ebasanit i jepeshin organizat\u00ebs s\u00eb Suel \u00c7el\u00ebs. \u201cNuk besoj &hellip;<\/p>\n","protected":false},"author":4,"featured_media":96690,"comment_status":"closed","ping_status":"closed","sticky":false,"template":"","format":"standard","meta":{"footnotes":""},"categories":[40],"tags":[],"class_list":["post-97582","post","type-post","status-publish","format-standard","has-post-thumbnail","","category-aktualitet"],"_links":{"self":[{"href":"https:\/\/rdnews.al\/index.php\/wp-json\/wp\/v2\/posts\/97582","targetHints":{"allow":["GET"]}}],"collection":[{"href":"https:\/\/rdnews.al\/index.php\/wp-json\/wp\/v2\/posts"}],"about":[{"href":"https:\/\/rdnews.al\/index.php\/wp-json\/wp\/v2\/types\/post"}],"author":[{"embeddable":true,"href":"https:\/\/rdnews.al\/index.php\/wp-json\/wp\/v2\/users\/4"}],"replies":[{"embeddable":true,"href":"https:\/\/rdnews.al\/index.php\/wp-json\/wp\/v2\/comments?post=97582"}],"version-history":[{"count":1,"href":"https:\/\/rdnews.al\/index.php\/wp-json\/wp\/v2\/posts\/97582\/revisions"}],"predecessor-version":[{"id":97583,"href":"https:\/\/rdnews.al\/index.php\/wp-json\/wp\/v2\/posts\/97582\/revisions\/97583"}],"wp:featuredmedia":[{"embeddable":true,"href":"https:\/\/rdnews.al\/index.php\/wp-json\/wp\/v2\/media\/96690"}],"wp:attachment":[{"href":"https:\/\/rdnews.al\/index.php\/wp-json\/wp\/v2\/media?parent=97582"}],"wp:term":[{"taxonomy":"category","embeddable":true,"href":"https:\/\/rdnews.al\/index.php\/wp-json\/wp\/v2\/categories?post=97582"},{"taxonomy":"post_tag","embeddable":true,"href":"https:\/\/rdnews.al\/index.php\/wp-json\/wp\/v2\/tags?post=97582"}],"curies":[{"name":"wp","href":"https:\/\/api.w.org\/{rel}","templated":true}]}}