{"id":97652,"date":"2024-12-04T11:19:18","date_gmt":"2024-12-04T11:19:18","guid":{"rendered":"https:\/\/rdnews.al\/?p=97652"},"modified":"2024-12-04T11:19:18","modified_gmt":"2024-12-04T11:19:18","slug":"blushi-erion-veliaj-mbrohet-dhe-ka-imunitet-nga-nje-organizate-kriminale-si-spak","status":"publish","type":"post","link":"https:\/\/rdnews.al\/index.php\/2024\/12\/04\/blushi-erion-veliaj-mbrohet-dhe-ka-imunitet-nga-nje-organizate-kriminale-si-spak\/","title":{"rendered":"Blushi: Erion Veliaj mbrohet dhe ka imunitet nga nj\u00eb organizat\u00eb kriminale si SPAK!"},"content":{"rendered":"<p>Sekretari i P\u00ebrgjithsh\u00ebm i PL, Tedi Blushi tha n\u00eb protest\u00ebn e sotme p\u00ebrpara Bashkis\u00eb s\u00eb Tiran\u00ebs se tani \u00ebsht\u00eb koha p\u00ebr protesta para SPAK.<\/p>\n<p>\u201cKjo \u00ebsht\u00eb e vetmja dit\u00eb n\u00eb jav\u00eb kur ai nuk ka mund\u00ebsi t\u00eb vjedh\u00eb pasi nga frika e protest\u00ebs ai e braktis k\u00ebt\u00eb godin\u00eb.<\/p>\n<p>Erion Veliaj mbrohet dhe ka imunitet nga nj\u00eb organizat\u00eb kriminale si SPAK. Ne jemi k\u00ebtu \u00e7do jav\u00eb dhe k\u00ebrkojm\u00eb drejt\u00ebsi. Por p\u00ebr fat t\u00eb keq drejt\u00ebsia ka mbyllur syt\u00eb dhe vesh\u00ebt dhe \u00ebsht\u00eb b\u00ebr\u00eb pal\u00eb me k\u00ebt\u00eb hajdut.<\/p>\n<p>T\u00eb gjith\u00eb e pam\u00eb se si Erion Veliaj transportonte letrat drejt burgut t\u00eb Fierit p\u00ebr t\u00eb detyruar bedel\u00ebt e tij t\u00eb arrestuar q\u00eb t\u00eb firmosnin p\u00ebr t\u00eb shmangur p\u00ebrgjegj\u00ebsit\u00eb penale.<\/p>\n<p>Veliaj vjedh me incerenatorin fantazm\u00eb t\u00eb Tiran\u00ebs 80 mij\u00eb euro n\u00eb dit\u00eb, p\u00ebr nj\u00eb sh\u00ebrbim q\u00eb nuk kryhet dhe drejt\u00ebsia hesht sepse SPAK dhe Dumani jan\u00eb tubi i oksigjenit t\u00eb korrupsionit t\u00eb p\u00ebrbindsh\u00ebm n\u00eb Bashkin\u00eb e Tiran\u00ebs.<\/p>\n<p>Ndaj \u00ebsht\u00eb koha p\u00ebr nj\u00eb reagim t\u00eb fort\u00eb qytetar p\u00ebrball\u00eb edhe tij institucioni q\u00eb \u00ebsht\u00eb kthyer sot n\u00eb partnerin n\u00eb krim t\u00eb Edi Ram\u00ebs dhe Erion Veliajt.<\/p>\n<p>Un\u00eb u ftoj t\u00eb gjith\u00ebve q\u00eb n\u00eb dat\u00eb 6 dhjetor, n\u00eb ora 12:00 t\u00eb protestojm\u00eb p\u00ebrpara institucionit q\u00eb sot mban n\u00eb k\u00ebmb\u00eb Erion Veliajn dhe pushtetin e Edi Ram\u00ebs. Q\u00eb mban n\u00eb k\u00ebmb\u00eb k\u00ebt\u00eb narkoqeveri dhe k\u00ebt\u00eb narkobashki.<\/p>\n<p>T\u00eb protestojm\u00eb jo p\u00ebr t\u00eb k\u00ebrkuar drejt\u00ebsi, por p\u00ebr t\u00eb k\u00ebrkuar p\u00ebr faktin se ai institucion \u00ebsht\u00eb shnd\u00ebrruar sot n\u00eb pateric\u00ebn e Edi Rram\u00ebs dhe Erion Veliajt\u201d, tha Blushi.<\/p>\n","protected":false},"excerpt":{"rendered":"<p>Sekretari i P\u00ebrgjithsh\u00ebm i PL, Tedi Blushi tha n\u00eb protest\u00ebn e sotme p\u00ebrpara Bashkis\u00eb s\u00eb Tiran\u00ebs se tani \u00ebsht\u00eb koha p\u00ebr protesta para SPAK. \u201cKjo \u00ebsht\u00eb e vetmja dit\u00eb n\u00eb jav\u00eb kur ai nuk ka mund\u00ebsi t\u00eb vjedh\u00eb pasi nga frika e protest\u00ebs ai e braktis k\u00ebt\u00eb godin\u00eb. Erion Veliaj mbrohet dhe ka imunitet nga &hellip;<\/p>\n","protected":false},"author":4,"featured_media":97653,"comment_status":"closed","ping_status":"closed","sticky":false,"template":"","format":"standard","meta":{"footnotes":""},"categories":[37],"tags":[],"class_list":["post-97652","post","type-post","status-publish","format-standard","has-post-thumbnail","","category-politike"],"_links":{"self":[{"href":"https:\/\/rdnews.al\/index.php\/wp-json\/wp\/v2\/posts\/97652","targetHints":{"allow":["GET"]}}],"collection":[{"href":"https:\/\/rdnews.al\/index.php\/wp-json\/wp\/v2\/posts"}],"about":[{"href":"https:\/\/rdnews.al\/index.php\/wp-json\/wp\/v2\/types\/post"}],"author":[{"embeddable":true,"href":"https:\/\/rdnews.al\/index.php\/wp-json\/wp\/v2\/users\/4"}],"replies":[{"embeddable":true,"href":"https:\/\/rdnews.al\/index.php\/wp-json\/wp\/v2\/comments?post=97652"}],"version-history":[{"count":1,"href":"https:\/\/rdnews.al\/index.php\/wp-json\/wp\/v2\/posts\/97652\/revisions"}],"predecessor-version":[{"id":97654,"href":"https:\/\/rdnews.al\/index.php\/wp-json\/wp\/v2\/posts\/97652\/revisions\/97654"}],"wp:featuredmedia":[{"embeddable":true,"href":"https:\/\/rdnews.al\/index.php\/wp-json\/wp\/v2\/media\/97653"}],"wp:attachment":[{"href":"https:\/\/rdnews.al\/index.php\/wp-json\/wp\/v2\/media?parent=97652"}],"wp:term":[{"taxonomy":"category","embeddable":true,"href":"https:\/\/rdnews.al\/index.php\/wp-json\/wp\/v2\/categories?post=97652"},{"taxonomy":"post_tag","embeddable":true,"href":"https:\/\/rdnews.al\/index.php\/wp-json\/wp\/v2\/tags?post=97652"}],"curies":[{"name":"wp","href":"https:\/\/api.w.org\/{rel}","templated":true}]}}