{"id":97737,"date":"2024-12-05T10:12:46","date_gmt":"2024-12-05T10:12:46","guid":{"rendered":"https:\/\/rdnews.al\/?p=97737"},"modified":"2024-12-05T10:15:50","modified_gmt":"2024-12-05T10:15:50","slug":"ps-propozon-ne-fshehtesi-ligj-per-falje-gjobash-ne-prag-te-zgjedhjeve-reagon-opozita","status":"publish","type":"post","link":"https:\/\/rdnews.al\/index.php\/2024\/12\/05\/ps-propozon-ne-fshehtesi-ligj-per-falje-gjobash-ne-prag-te-zgjedhjeve-reagon-opozita\/","title":{"rendered":"PS ligj p\u00ebr falje gjobash n\u00eb prag t\u00eb zgjedhjeve, reagon opozita"},"content":{"rendered":"<p>Partia Socialiste propozon ligj p\u00ebr faljen e gjobave p\u00ebr nd\u00ebrtimet pa leje n\u00eb zonat rurale dhe k\u00ebrkon t\u00eb kaloj\u00eb me procedur\u00eb t\u00eb p\u00ebrshpejtuar<\/p>\n<p>Kjo shkaktoi debat n\u00eb kuvend pasi opozita tha se, nuk ishte n\u00eb dijeni t\u00eb k\u00ebtij propozimi.<\/p>\n<p>Kryetarja e Kuvendit, k\u00ebrkoi q\u00eb drafti t\u00eb futet n\u00eb procedur\u00eb, por ndeshi n\u00eb reagimin e opozit\u00ebs, e cila deklaroi se nuk e kishte draftin.<\/p>\n<p><strong>Elisa Spiropali:<\/strong>\u00a0Nga deputet\u00eb t\u00eb Grupit Parlamentar t\u00eb PS \u00ebsht\u00eb k\u00ebrkuar shqyrtimi me procedur\u00eb t\u00eb p\u00ebrshpejtuar t\u00eb projektligj p\u00ebr anulimin e gjobave. Z. Bardhi \u00ebsht\u00eb depozituar sot, duhet ti vendoset n\u00eb dispozicion. Rregullorja p\u00ebrcakton q\u00eb kur paraqitet k\u00ebtu, \u00ebsht\u00eb depozitua nga 35 deputet\u00eb t\u00eb PS p\u00ebr procedur\u00eb t\u00eb p\u00ebrshpejtuar. Kush do t\u00eb flas\u00eb pro k\u00ebrkes\u00ebs? T\u00eb flas\u00eb pro dhe ju kund\u00ebr.<\/p>\n<p><strong>Bardhi<\/strong>: Ku \u00ebsht\u00eb k\u00ebrkesa?<\/p>\n<p><strong>Spiropali<\/strong>: Sekretaria m\u00eb njofton se \u00ebsht\u00eb dpeizituar p\u00ebrpara 45 minutave. 10 minuta, Sekretaria t\u00eb vendos\u00eb n\u00eb dispozicion propozimin e 35 deputet\u00ebve, 10 minuta pushim<\/p>\n","protected":false},"excerpt":{"rendered":"<p>Partia Socialiste propozon ligj p\u00ebr faljen e gjobave p\u00ebr nd\u00ebrtimet pa leje n\u00eb zonat rurale dhe k\u00ebrkon t\u00eb kaloj\u00eb me procedur\u00eb t\u00eb p\u00ebrshpejtuar Kjo shkaktoi debat n\u00eb kuvend pasi opozita tha se, nuk ishte n\u00eb dijeni t\u00eb k\u00ebtij propozimi. Kryetarja e Kuvendit, k\u00ebrkoi q\u00eb drafti t\u00eb futet n\u00eb procedur\u00eb, por ndeshi n\u00eb reagimin e opozit\u00ebs, &hellip;<\/p>\n","protected":false},"author":4,"featured_media":97738,"comment_status":"closed","ping_status":"closed","sticky":false,"template":"","format":"standard","meta":{"footnotes":""},"categories":[37],"tags":[],"class_list":["post-97737","post","type-post","status-publish","format-standard","has-post-thumbnail","","category-politike"],"_links":{"self":[{"href":"https:\/\/rdnews.al\/index.php\/wp-json\/wp\/v2\/posts\/97737","targetHints":{"allow":["GET"]}}],"collection":[{"href":"https:\/\/rdnews.al\/index.php\/wp-json\/wp\/v2\/posts"}],"about":[{"href":"https:\/\/rdnews.al\/index.php\/wp-json\/wp\/v2\/types\/post"}],"author":[{"embeddable":true,"href":"https:\/\/rdnews.al\/index.php\/wp-json\/wp\/v2\/users\/4"}],"replies":[{"embeddable":true,"href":"https:\/\/rdnews.al\/index.php\/wp-json\/wp\/v2\/comments?post=97737"}],"version-history":[{"count":2,"href":"https:\/\/rdnews.al\/index.php\/wp-json\/wp\/v2\/posts\/97737\/revisions"}],"predecessor-version":[{"id":97740,"href":"https:\/\/rdnews.al\/index.php\/wp-json\/wp\/v2\/posts\/97737\/revisions\/97740"}],"wp:featuredmedia":[{"embeddable":true,"href":"https:\/\/rdnews.al\/index.php\/wp-json\/wp\/v2\/media\/97738"}],"wp:attachment":[{"href":"https:\/\/rdnews.al\/index.php\/wp-json\/wp\/v2\/media?parent=97737"}],"wp:term":[{"taxonomy":"category","embeddable":true,"href":"https:\/\/rdnews.al\/index.php\/wp-json\/wp\/v2\/categories?post=97737"},{"taxonomy":"post_tag","embeddable":true,"href":"https:\/\/rdnews.al\/index.php\/wp-json\/wp\/v2\/tags?post=97737"}],"curies":[{"name":"wp","href":"https:\/\/api.w.org\/{rel}","templated":true}]}}