{"id":97758,"date":"2024-12-05T11:09:11","date_gmt":"2024-12-05T11:09:11","guid":{"rendered":"https:\/\/rdnews.al\/?p=97758"},"modified":"2024-12-05T11:09:11","modified_gmt":"2024-12-05T11:09:11","slug":"ulsiu-ben-te-fortin-ps-do-ta-miratoje-ligjin-se-i-ka-numrat-dhe-nuk-pyet-per-opoziten","status":"publish","type":"post","link":"https:\/\/rdnews.al\/index.php\/2024\/12\/05\/ulsiu-ben-te-fortin-ps-do-ta-miratoje-ligjin-se-i-ka-numrat-dhe-nuk-pyet-per-opoziten\/","title":{"rendered":"Ulsiu b\u00ebn t\u00eb fortin: PS do ta miratoj\u00eb ligjin se i ka numrat dhe nuk pyet p\u00ebr opozit\u00ebn!"},"content":{"rendered":"<p>Ministri i Drejt\u00ebsis\u00eb, Ulsi Manja tha se, ligji p\u00ebr faljen e gjobave t\u00eb pavjela p\u00ebr nd\u00ebrtimet pa leje do t\u00eb miratohet n\u00eb Kuvend, pasi socialist\u00ebt i kan\u00eb numrat dhe nuk mund t\u2019i pengoj\u00eb opozita.<\/p>\n<p>\u201cA jeni dakord ju q\u00eb ky Parlament t\u2019i anuloj\u00eb gjobat? Ne si mazhoranc\u00eb i kemi votat dhe kemi mandat p\u00ebr ta b\u00ebr\u00eb k\u00ebt\u00eb gj\u00eb. Jan\u00eb gjoba t\u00eb paekzekutuara nd\u00ebr vite. Ku Parlament ka tagrin dhe vullnetin p\u00ebr ta b\u00ebr\u00eb k\u00ebt\u00eb. Kur t\u00eb vini ju, anulojini ju\u201d,\u00a0tha ai.<\/p>\n<p>Kjo l\u00ebvizje e mazhoranc\u00ebs shihet gjer\u00ebsisht si nj\u00eb mjet p\u00ebr t\u00eb fituar vota n\u00eb fushat\u00ebn elektorale.<\/p>\n<p>Por p\u00ebr deputetin e Partis\u00eb Demokratike, Gazment Bardhi, gjobat po anulohen vet\u00ebm p\u00ebr shkak t\u00eb vendimit t\u00eb Gjykat\u00ebs Kushtetuese, jo p\u00ebr vullnet t\u00eb socialist\u00ebve.<\/p>\n<p>\u201cDo duhet t\u00eb informosh qytetar\u00ebt q\u00eb gjobat nuk po i shfuqizon ti. I ka shfuqizuar Gjykata Kushtetuese. Ka shfuqizuar shkronj\u00ebn t\u00eb ligjit p\u00ebr planifikimin dhe zhvillimin e territorit p\u00ebr pjes\u00ebn q\u00eb parashikon d\u00ebnimin me gjob\u00eb p\u00ebr kryerjen e punimeve pa leje p\u00ebr plot\u00ebsimin e nevojave p\u00ebr strehim. N\u00eb kund\u00ebrshtim flagrant institucionet n\u00eb var\u00ebsi tuaj kan\u00eb vijuar t\u00eb zbatojn\u00eb nj\u00eb ligj t\u00eb shfuqizuar n\u00eb 2022 nga Gjykata Kushtetuese.<\/p>\n<p>Ajo q\u00eb po sillni sot k\u00ebtu nuk \u00ebsht\u00eb aq m\u00eb shum\u00eb e nj\u00eb veprimtarie terrori ndaj qytetar\u00ebve p\u00ebr gjoba q\u00eb Gjykata Kushtetuese ia kishte shfuqizuar dhe ju p\u00ebr interesa kriminale presioni p\u00ebr zgjedhjet e vitit 2023 i gjobisnit qytetar\u00ebt n\u00eb k\u00ebmbim t\u00eb presionit p\u00ebr vot\u00eb. Nj\u00eb raport nga KLSH q\u00eb e ka konsideruar k\u00ebt\u00eb nj\u00eb grabitje t\u00eb qytetar\u00ebve. Kjo \u00ebsht\u00eb arsyeja pse ju keni sjell\u00eb me urgjenc\u00eb nj\u00eb projektligj q\u00eb b\u00ebn sikur i fal gjobat kur e ka shfuqizuar Gjykata Kushtetuese me vendimin 15 dat\u00eb 22.06.2022\u201d, tha Bardhi.<\/p>\n","protected":false},"excerpt":{"rendered":"<p>Ministri i Drejt\u00ebsis\u00eb, Ulsi Manja tha se, ligji p\u00ebr faljen e gjobave t\u00eb pavjela p\u00ebr nd\u00ebrtimet pa leje do t\u00eb miratohet n\u00eb Kuvend, pasi socialist\u00ebt i kan\u00eb numrat dhe nuk mund t\u2019i pengoj\u00eb opozita. \u201cA jeni dakord ju q\u00eb ky Parlament t\u2019i anuloj\u00eb gjobat? Ne si mazhoranc\u00eb i kemi votat dhe kemi mandat p\u00ebr ta &hellip;<\/p>\n","protected":false},"author":4,"featured_media":97759,"comment_status":"closed","ping_status":"closed","sticky":false,"template":"","format":"standard","meta":{"footnotes":""},"categories":[37],"tags":[],"class_list":["post-97758","post","type-post","status-publish","format-standard","has-post-thumbnail","","category-politike"],"_links":{"self":[{"href":"https:\/\/rdnews.al\/index.php\/wp-json\/wp\/v2\/posts\/97758","targetHints":{"allow":["GET"]}}],"collection":[{"href":"https:\/\/rdnews.al\/index.php\/wp-json\/wp\/v2\/posts"}],"about":[{"href":"https:\/\/rdnews.al\/index.php\/wp-json\/wp\/v2\/types\/post"}],"author":[{"embeddable":true,"href":"https:\/\/rdnews.al\/index.php\/wp-json\/wp\/v2\/users\/4"}],"replies":[{"embeddable":true,"href":"https:\/\/rdnews.al\/index.php\/wp-json\/wp\/v2\/comments?post=97758"}],"version-history":[{"count":1,"href":"https:\/\/rdnews.al\/index.php\/wp-json\/wp\/v2\/posts\/97758\/revisions"}],"predecessor-version":[{"id":97760,"href":"https:\/\/rdnews.al\/index.php\/wp-json\/wp\/v2\/posts\/97758\/revisions\/97760"}],"wp:featuredmedia":[{"embeddable":true,"href":"https:\/\/rdnews.al\/index.php\/wp-json\/wp\/v2\/media\/97759"}],"wp:attachment":[{"href":"https:\/\/rdnews.al\/index.php\/wp-json\/wp\/v2\/media?parent=97758"}],"wp:term":[{"taxonomy":"category","embeddable":true,"href":"https:\/\/rdnews.al\/index.php\/wp-json\/wp\/v2\/categories?post=97758"},{"taxonomy":"post_tag","embeddable":true,"href":"https:\/\/rdnews.al\/index.php\/wp-json\/wp\/v2\/tags?post=97758"}],"curies":[{"name":"wp","href":"https:\/\/api.w.org\/{rel}","templated":true}]}}