{"id":97787,"date":"2024-12-05T12:17:57","date_gmt":"2024-12-05T12:17:57","guid":{"rendered":"https:\/\/rdnews.al\/?p=97787"},"modified":"2024-12-05T12:17:57","modified_gmt":"2024-12-05T12:17:57","slug":"zhupa-arsimi-eshte-kthyer-ne-cerdhe-te-kriminalitetit-ministrja-fshihet","status":"publish","type":"post","link":"https:\/\/rdnews.al\/index.php\/2024\/12\/05\/zhupa-arsimi-eshte-kthyer-ne-cerdhe-te-kriminalitetit-ministrja-fshihet\/","title":{"rendered":"Zhupa: Arsimi \u00ebsht\u00eb kthyer n\u00eb \u00e7erdhe t\u00eb kriminalitetit, ministrja fshihet&#8230;"},"content":{"rendered":"<p>Deputetja e PD, Ina Zhupa ka mbajtur\u00a0fjal\u00ebn e saj n\u00eb nj\u00eb interpelanc\u00eb t\u00eb k\u00ebrkuar me ministren e Arsimit. Gjat\u00eb k\u00ebsaj interpelance, Ministrja e Arsimit dhe deputet\u00ebt e mazhoranc\u00ebs nuk ishin t\u00eb pranish\u00ebm n\u00eb sall\u00eb, pasi ata e braktis\u00ebn seanc\u00ebn pas zhvillimeve t\u00eb ndodhura brenda saj.<\/p>\n<p>Zhupa e filloi fjal\u00ebn e saj duke kritikuar reagimin e institucioneve ndaj ngjarjeve tragjike, si humbja e jet\u00ebs s\u00eb nj\u00eb 14-vje\u00e7ari. Ajo theksoi se kjo ngjarje \u00ebsht\u00eb shum\u00eb m\u00eb serioze se disa shp\u00ebrthime t\u00eb panevojshme t\u00eb deputet\u00ebve t\u00eb mazhoranc\u00ebs.<\/p>\n<p>Zhupa u shpreh se ministrat e qeveris\u00eb jan\u00eb t\u00eb padisiplinuar dhe t\u00eb pandjesh\u00ebm ndaj tragedive q\u00eb ndodhin n\u00eb shoq\u00ebri. Ajo ngriti pyetje mbi p\u00ebrgjegj\u00ebsit\u00eb e institucioneve dhe sigurin\u00eb e f\u00ebmij\u00ebve n\u00eb shkollat publike, duke k\u00ebrkuar p\u00ebrgjigje t\u00eb qarta. Me kritika t\u00eb ashpra ndaj ministres\u00a0dhe institucioneve, deputetja Zhupa k\u00ebrkoi q\u00eb kjo e fundit t\u00eb mbaj\u00eb\u00a0p\u00ebrgjegj\u00ebsin\u00eb p\u00ebr \u00e7do ngjarje tragjike q\u00eb ka ndodhur n\u00eb shkollat shqiptare.<\/p>\n<p><strong>Fjala e deputetes Ina Zhup\u00ebs<\/strong><\/p>\n<p>Zonja Spiropali dhe zonja Balluku, ju keni b\u00ebr\u00eb dje nj\u00eb tryez\u00eb p\u00ebr dhun\u00ebn gjinore dhe lejuat q\u00eb deputeti Bra\u00e7e t\u00eb etiketonte parfumin, thonjt\u00eb dhe gjat\u00ebsin\u00eb, dhe ju nuk reaguat. \u00c7\u00ebshtja p\u00ebr t\u00eb cil\u00ebn un\u00eb e kam thirrur k\u00ebt\u00eb interpelanc\u00eb \u00ebsht\u00eb shum\u00eb m\u00eb serioze se sa zoti q\u00eb e meritonte plot\u00ebsisht.<\/p>\n<p>\u00cbsht\u00eb nj\u00eb ngjarje tragjike, ngjarja e humbjes s\u00eb jet\u00ebs s\u00eb Martinit dhe plagosjes s\u00eb Luisit. \u00c7do njeri normal nuk do t\u00eb b\u00ebnte zhurm\u00ebn k\u00ebtu p\u00ebr nj\u00eb th\u00ebnie, por do t\u00eb duhej t\u00eb ishte prekur nga ngjarja. Ajo zonj\u00eb, e cila u zgj\u00ebrdhi n\u00eb Parlament nga nj\u00eb ngjarje e r\u00ebnd\u00eb e humbjes s\u00eb jet\u00ebs s\u00eb 14-vje\u00e7arit, \u00ebsht\u00eb shum\u00eb e irrituar nga shprehjet popullore t\u00eb popullit ton\u00eb t\u00eb dashur dhe t\u00eb men\u00e7ur.<\/p>\n<p>Nd\u00ebrsa Manastirliu ishte m\u00ebsuar si ministre e Sh\u00ebndet\u00ebsis\u00eb q\u00eb t\u2019i b\u00ebnte gj\u00ebm\u00ebn shqiptar\u00ebve dhe ishte m\u00ebsuar si ministre e Sh\u00ebndet\u00ebsis\u00eb q\u00eb vdekjet nuk i b\u00ebnin p\u00ebrshtypje, si ministre e Arsimit po b\u00ebn rekorde n\u00eb k\u00ebt\u00eb drejtim, duke e krahasuar veten me ministren e Drejt\u00ebsis\u00eb.<\/p>\n<p>N\u00eb fakt, kur v\u00eb nj\u00eb t\u00eb pafat n\u00eb krye, mbetet s\u00ebrish e pafat, dhe froni i sh\u00ebrben p\u00ebr t\u00eb nxjerr\u00eb m\u00eb shum\u00eb n\u00eb pah injoranc\u00ebn e vet, si\u00e7 ka ndodhur me ministren Manastirliu.<\/p>\n<p>Po, a kan\u00eb p\u00ebrgjegj\u00ebsi institucionet p\u00ebr k\u00ebt\u00eb ngjarje? A \u00ebsht\u00eb kjo ngjarje nj\u00eb rast i ve\u00e7uar? A kan\u00eb f\u00ebmij\u00ebt tan\u00eb sot siguri n\u00eb shkollat publike? A jan\u00eb investuar institucionet shqiptare me psikolog\u00eb p\u00ebr t\u00eb trajtuar n\u00eb m\u00ebnyr\u00ebn e duhur konfliktet midis nx\u00ebn\u00ebsve n\u00eb shkolla, q\u00eb t\u00eb mos shkojn\u00eb n\u00eb ato pasoja q\u00eb ne pam\u00eb?<\/p>\n<p>N\u00eb fakt, p\u00ebrgjigjja q\u00eb duhet t\u00eb jap\u00eb ministria sot, dhe p\u00ebr t\u00eb cil\u00ebn e kam thirrur n\u00eb interpelanc\u00eb, jam shum\u00eb e bindur q\u00eb nuk do t\u00eb ket\u00eb p\u00ebrgjigje, sepse do t\u00eb jet\u00eb shum\u00eb e indinjuar nga shprehjet popullore, m\u00eb shum\u00eb se sa nga vdekja.<\/p>\n<p>\u00cbsht\u00eb e r\u00ebnd\u00ebsishme p\u00ebr secilin prind, \u00ebsht\u00eb nj\u00eb p\u00ebrgjigje q\u00eb e pret secili prind i Republik\u00ebs s\u00eb Shqip\u00ebris\u00eb q\u00eb ka f\u00ebmij\u00ebt n\u00eb shkollat publike, \u00ebsht\u00eb nj\u00eb p\u00ebrgjigje q\u00eb e k\u00ebrkojn\u00eb prind\u00ebrit q\u00eb kan\u00eb protestuar p\u00ebr dor\u00ebheqjen e Ogerta Manastirliut, sepse dikush do t\u00eb duhet t\u00eb mbaj\u00eb p\u00ebrgjegj\u00ebsi kur humbet jeta e nj\u00eb f\u00ebmije n\u00eb dyert e shkoll\u00ebs.<\/p>\n<p>Ministrja, shyqyr gjet\u00ebn nj\u00eb rast q\u00eb ofendoi zoti Bra\u00e7e q\u00eb t\u00eb iki, ministrja \u00ebsht\u00eb fshehur pas protest\u00ebs s\u00eb qytetar\u00ebve, fshehet nga opozita, fshehet nga kushtetuta, por ama duhet t\u00eb dij\u00eb q\u00eb prind\u00ebrit e f\u00ebmij\u00ebve shqiptar\u00eb nuk e falin pap\u00ebrgjegjshm\u00ebrin\u00eb e saj. Nuk e falin zgj\u00ebrdhjen e saj, nuk e falin kriminalizimin e arsimit.<\/p>\n<p>A e dini ju q\u00eb vet\u00ebm n\u00eb dy muaj ka humbur jet\u00ebn nj\u00eb i mitur, \u00ebsht\u00eb plagosur nj\u00eb tjet\u00ebr, \u00ebsht\u00eb mbyllur nj\u00eb universitet privat q\u00eb shiste diploma fallco, jan\u00eb arrestuar 7 pedagog\u00eb q\u00eb merrnin para n\u00eb provime, \u00ebsht\u00eb arrestuar nj\u00eb pedagog q\u00eb komunikonte me bandat n\u00eb Sky ECC, Enchrochat. Jan\u00eb d\u00ebnuar 14 m\u00ebsues q\u00eb vendosnin nota fiktive p\u00ebr nx\u00ebn\u00ebs t\u00eb \u00e7regjistruar, \u00ebsht\u00eb p\u00ebrdorur shkolla e braktisur e Vaut t\u00eb Dej\u00ebs si sht\u00ebpi bari.<\/p>\n<p>Ju keni kriminalizuar arsimin. Do t\u00eb duhet nj\u00eb platform\u00eb p\u00ebr dekriminalizimin e arsimit, sepse me n\u00eb krye nj\u00eb ministre q\u00eb ka modelin e k\u00ebsaj maxhorance me kriminel\u00ebt q\u00eb ecin p\u00ebrpara, me kriminel\u00ebt q\u00eb b\u00ebhen deputet\u00eb, me kriminel\u00ebt drejtor\u00eb, me kriminel\u00ebt q\u00eb b\u00ebjn\u00eb fushat\u00ebn, e keni b\u00ebr\u00eb arsimin nj\u00eb \u00e7erdhe t\u00eb njer\u00ebzve t\u00eb inkriminuar. Dhe ndaj do t\u00eb doja, zot, n\u00eb em\u00ebr t\u00eb qytetar\u00ebve, jo p\u00ebr ne, n\u00ebse ka kurajo t\u00eb nxjerr\u00eb ndonj\u00eb fjal\u00eb nga goja zgj\u00ebrdhimtaria Manastirliu, t\u00eb na thot\u00eb se \u00e7far\u00eb ka b\u00ebr\u00eb p\u00ebr dekriminalizimin e arsimit.<\/p>\n","protected":false},"excerpt":{"rendered":"<p>Deputetja e PD, Ina Zhupa ka mbajtur\u00a0fjal\u00ebn e saj n\u00eb nj\u00eb interpelanc\u00eb t\u00eb k\u00ebrkuar me ministren e Arsimit. Gjat\u00eb k\u00ebsaj interpelance, Ministrja e Arsimit dhe deputet\u00ebt e mazhoranc\u00ebs nuk ishin t\u00eb pranish\u00ebm n\u00eb sall\u00eb, pasi ata e braktis\u00ebn seanc\u00ebn pas zhvillimeve t\u00eb ndodhura brenda saj. Zhupa e filloi fjal\u00ebn e saj duke kritikuar reagimin e &hellip;<\/p>\n","protected":false},"author":4,"featured_media":97789,"comment_status":"closed","ping_status":"closed","sticky":false,"template":"","format":"standard","meta":{"footnotes":""},"categories":[37],"tags":[],"class_list":["post-97787","post","type-post","status-publish","format-standard","has-post-thumbnail","","category-politike"],"_links":{"self":[{"href":"https:\/\/rdnews.al\/index.php\/wp-json\/wp\/v2\/posts\/97787","targetHints":{"allow":["GET"]}}],"collection":[{"href":"https:\/\/rdnews.al\/index.php\/wp-json\/wp\/v2\/posts"}],"about":[{"href":"https:\/\/rdnews.al\/index.php\/wp-json\/wp\/v2\/types\/post"}],"author":[{"embeddable":true,"href":"https:\/\/rdnews.al\/index.php\/wp-json\/wp\/v2\/users\/4"}],"replies":[{"embeddable":true,"href":"https:\/\/rdnews.al\/index.php\/wp-json\/wp\/v2\/comments?post=97787"}],"version-history":[{"count":1,"href":"https:\/\/rdnews.al\/index.php\/wp-json\/wp\/v2\/posts\/97787\/revisions"}],"predecessor-version":[{"id":97790,"href":"https:\/\/rdnews.al\/index.php\/wp-json\/wp\/v2\/posts\/97787\/revisions\/97790"}],"wp:featuredmedia":[{"embeddable":true,"href":"https:\/\/rdnews.al\/index.php\/wp-json\/wp\/v2\/media\/97789"}],"wp:attachment":[{"href":"https:\/\/rdnews.al\/index.php\/wp-json\/wp\/v2\/media?parent=97787"}],"wp:term":[{"taxonomy":"category","embeddable":true,"href":"https:\/\/rdnews.al\/index.php\/wp-json\/wp\/v2\/categories?post=97787"},{"taxonomy":"post_tag","embeddable":true,"href":"https:\/\/rdnews.al\/index.php\/wp-json\/wp\/v2\/tags?post=97787"}],"curies":[{"name":"wp","href":"https:\/\/api.w.org\/{rel}","templated":true}]}}