{"id":97895,"date":"2024-12-06T12:30:01","date_gmt":"2024-12-06T12:30:01","guid":{"rendered":"https:\/\/rdnews.al\/?p=97895"},"modified":"2024-12-06T12:30:49","modified_gmt":"2024-12-06T12:30:49","slug":"meta-mesazh-protestuesve-spak-instrument-kamikaz-i-rames","status":"publish","type":"post","link":"https:\/\/rdnews.al\/index.php\/2024\/12\/06\/meta-mesazh-protestuesve-spak-instrument-kamikaz-i-rames\/","title":{"rendered":"Meta mesazh protestuesve: SPAK, instrument kamikaz i Ram\u00ebs, nuk do t\u00eb ndalemi!"},"content":{"rendered":"<p>\u201cSPAK me veprimtarin\u00eb antikushtetuese, t\u00eb paligjshme e arbitrare po i sh\u00ebrben narkoregjimit p\u00ebr t\u00eb rr\u00ebmbyer n\u00eb m\u00ebnyr\u00eb t\u00eb dhunshme nj\u00eb mandat tjet\u00ebr 4-vje\u00e7ar\u201d. K\u00ebshtu e nisi mesazhin drejtuar protestuesve presidenti i Partis\u00eb s\u00eb Liris\u00eb, Ilir Meta, i cili u lexua nga sekretarja e marr\u00ebdh\u00ebnieve me publikun Arla Merja, duke sjell\u00eb n\u00eb v\u00ebmendje denoncimet e opozit\u00ebs p\u00ebr krimet elektorale.<\/p>\n<p>\u2018Ishte ky SPAK q\u00eb me dosjen e Dibr\u00ebs q\u00eb tronditi Europ\u00ebn dhe u b\u00eb \u00e7\u00ebshtje e PE-s\u00eb, e delegoi n\u00eb prokurorin\u00eb e Dibr\u00ebs p\u00ebr t\u00eb shuar nj\u00eb nga krimet elektorale t\u00eb Ram\u00ebs. Denoncimin e opozit\u00ebs p\u00ebr krime elektorale n\u00eb 2021 me bandat e Elbasanit nuk e hetoi, por ia kaloi Elbasanit, se v\u00ebllai i prokurorit ishte deputet i PS. Ky SPAK p\u00ebr rrjedhjen e t\u00eb dh\u00ebnave t\u00eb qytetar\u00ebve n\u00eb vend q\u00eb t\u00eb hetonte qeverin\u00eb, hetoi gazetar\u00ebt. \u2018Metamorfoza\u2019 u b\u00eb publike pasi u vodh bashkia e Shkodr\u00ebs. Edhe dosja e Elbasanit kishte dy vjet q\u00eb kishte ardhur\u2019.<\/p>\n<p>N\u00eb mesazhin e tij, Meta akuzon kreun e SPAK, Altin Dumani, duke e cil\u00ebsuar si instrument kamikaz t\u00eb Ram\u00ebs, q\u00eb k\u00ebrkon edhe nj\u00eb mandat tjet\u00ebr p\u00ebr privilegjet e tij.<\/p>\n<p>\u2018Dumani nuk ka hallin e qytetar\u00ebve t\u00eb shtetit, por t\u00eb Ram\u00ebs e Veliajt. Ajo q\u00eb kisha paralajm\u00ebruar u p\u00ebrforcua nga Dumani ku k\u00ebrkoi t\u00eb siguroj\u00eb edhe nj\u00eb mandat tjet\u00ebr 9-vje\u00e7ar. Gjoja n\u00eb em\u00ebr t\u00eb pavar\u00ebsis\u00eb s\u00eb prokurorive\u00a0 Ai nuk ka hallin e pavar\u00ebsis\u00eb s\u00eb prokurorive, por t\u00eb privilegjeve t\u00eb tij. Jemi k\u00ebtu p\u00ebr t\u00eb denoncuar Dumanin si dhunues t\u00eb kushtetut\u00ebs e ligjeve dhe pavar\u00ebsis\u00eb s\u00eb gjykatave. Minon shtetin e s\u00eb drejt\u00ebs, ndarjen e pushteteve dhe p\u00ebrjashton parimin e prezumimit t\u00eb pafaj\u00ebsis\u00eb. SPAK \u00ebsht\u00eb instrument kamikaz i Ram\u00ebs p\u00ebr t\u2019u p\u00ebrdorur kund\u00ebr opozit\u00ebs, demokracis\u00eb dhe garanton paprekshm\u00ebrin\u00eb e Ram\u00ebs. SPAK demonstron hapur kapjen e tij nga Rama\u2019.<\/p>\n<p>Sipas Met\u00ebs SPAK-u dhe Dumani jan\u00eb garant\u00eb t\u00eb korrupsionit t\u00eb Ram\u00ebs n\u00eb shkelje t\u00eb kushtetut\u00ebs dhe ligjeve.<\/p>\n<p>\u2018SPAK-u dhe Dumani jan\u00eb garant\u00eb t\u00eb korrupsionit t\u00eb Ram\u00ebs dhe godasin limona t\u00eb shtrydhur t\u00eb rilindjes pa cenuar kolon\u00ebn vertebrore t\u00eb k\u00ebtij mekanizmi dhe sidomos kryekorruptorin edhe t\u00eb nd\u00ebrkomb\u00ebtar\u00ebve. Dumani po p\u00ebrjeton makthin e shkeljes s\u00eb kushtetut\u00ebs dhe ligjeve, fabrikimeve dhe falsifikimeve. Firmosi mbi rr\u00ebmbimin tim nga narkopolicia mbi nj\u00eb ligj t\u00eb shfuqizuar 4 vite m\u00eb par\u00eb\u2019.<\/p>\n<p>Ai u b\u00ebri thirrje protestuesve q\u00eb t\u00eb mos ndalen s\u00eb denoncuari kreun e SPAK-ut.<\/p>\n<p>\u2018T\u00eb mos ndalemi s\u00eb denoncuari dumanin q\u00eb nuk guxon t\u00eb dal\u00eb para gazetar\u00ebve t\u00eb pavarur. Dumani ka shp\u00ebrdoruar pozit\u00ebn aktuale p\u00ebr q\u00ebllime politike. Ti themi ndal drejt\u00ebsis\u00eb me regji. Beteja jon\u00eb e pakthyeshme do t\u00eb vendos\u00eb drejt\u00ebsin\u00eb n\u00eb shina kushtetuese dhe do t\u00eb kthej\u00eb lirin\u00eb p\u00ebr gjith\u00eb shqiptar\u00ebt\u2019.<\/p>\n","protected":false},"excerpt":{"rendered":"<p>\u201cSPAK me veprimtarin\u00eb antikushtetuese, t\u00eb paligjshme e arbitrare po i sh\u00ebrben narkoregjimit p\u00ebr t\u00eb rr\u00ebmbyer n\u00eb m\u00ebnyr\u00eb t\u00eb dhunshme nj\u00eb mandat tjet\u00ebr 4-vje\u00e7ar\u201d. K\u00ebshtu e nisi mesazhin drejtuar protestuesve presidenti i Partis\u00eb s\u00eb Liris\u00eb, Ilir Meta, i cili u lexua nga sekretarja e marr\u00ebdh\u00ebnieve me publikun Arla Merja, duke sjell\u00eb n\u00eb v\u00ebmendje denoncimet e opozit\u00ebs &hellip;<\/p>\n","protected":false},"author":4,"featured_media":97896,"comment_status":"closed","ping_status":"closed","sticky":false,"template":"","format":"standard","meta":{"footnotes":""},"categories":[37],"tags":[],"class_list":["post-97895","post","type-post","status-publish","format-standard","has-post-thumbnail","","category-politike"],"_links":{"self":[{"href":"https:\/\/rdnews.al\/index.php\/wp-json\/wp\/v2\/posts\/97895","targetHints":{"allow":["GET"]}}],"collection":[{"href":"https:\/\/rdnews.al\/index.php\/wp-json\/wp\/v2\/posts"}],"about":[{"href":"https:\/\/rdnews.al\/index.php\/wp-json\/wp\/v2\/types\/post"}],"author":[{"embeddable":true,"href":"https:\/\/rdnews.al\/index.php\/wp-json\/wp\/v2\/users\/4"}],"replies":[{"embeddable":true,"href":"https:\/\/rdnews.al\/index.php\/wp-json\/wp\/v2\/comments?post=97895"}],"version-history":[{"count":2,"href":"https:\/\/rdnews.al\/index.php\/wp-json\/wp\/v2\/posts\/97895\/revisions"}],"predecessor-version":[{"id":97898,"href":"https:\/\/rdnews.al\/index.php\/wp-json\/wp\/v2\/posts\/97895\/revisions\/97898"}],"wp:featuredmedia":[{"embeddable":true,"href":"https:\/\/rdnews.al\/index.php\/wp-json\/wp\/v2\/media\/97896"}],"wp:attachment":[{"href":"https:\/\/rdnews.al\/index.php\/wp-json\/wp\/v2\/media?parent=97895"}],"wp:term":[{"taxonomy":"category","embeddable":true,"href":"https:\/\/rdnews.al\/index.php\/wp-json\/wp\/v2\/categories?post=97895"},{"taxonomy":"post_tag","embeddable":true,"href":"https:\/\/rdnews.al\/index.php\/wp-json\/wp\/v2\/tags?post=97895"}],"curies":[{"name":"wp","href":"https:\/\/api.w.org\/{rel}","templated":true}]}}