{"id":97953,"date":"2024-12-06T20:00:36","date_gmt":"2024-12-06T20:00:36","guid":{"rendered":"https:\/\/rdnews.al\/?p=97953"},"modified":"2024-12-06T20:00:36","modified_gmt":"2024-12-06T20:00:36","slug":"veliaj-pranon-se-po-hetohet-por-fajeson-mediat-dhe-opoziten","status":"publish","type":"post","link":"https:\/\/rdnews.al\/index.php\/2024\/12\/06\/veliaj-pranon-se-po-hetohet-por-fajeson-mediat-dhe-opoziten\/","title":{"rendered":"Veliaj pranon se po hetohet, por faj\u00ebson mediat dhe opozit\u00ebn"},"content":{"rendered":"<p>Erion Veliaj reagoi pas shum\u00eb or\u00ebsh p\u00ebr kontrollin e ushtruar n\u00eb banes\u00ebn e tij nga SPAK dhe BKH. Kontrolle u ushtruan edhe n\u00eb banes\u00ebn e v\u00ebllait t\u00eb Veliajt, por edhe n\u00eb galerin\u00eb e t\u00eb shoqes.<\/p>\n<p>Veliaj sulmoi opozit\u00ebn dhe mediat, por nuk la pa l\u00ebshuar nj\u00eb \u2018thumb\u2019 edhe p\u00ebr Edi Ram\u00ebn, duke th\u00ebn\u00eb se: \u201cUn\u00eb nuk b\u00ebj pjes\u00eb n\u00eb at\u00eb kast\u00eb t\u00eb vjet\u00ebr politike q\u00eb, p\u00ebr shum\u00eb koh\u00eb, e vendos\u00ebn veten mbi ligjin, mbi drejt\u00ebsin\u00eb dhe mbi llogaridh\u00ebnien institucionale\u201d.<\/p>\n<p>Veliaj konfirmoi se ndaj tij dhe familjar\u00ebve po b\u00ebhet hetim pasuror. Reagimi i tij erdhi pasi u kthye nga Gjermania. Ai u fotografua n\u00eb avion kur kthehej nga Hamburgu.<\/p>\n<p><strong>Reagimi<\/strong><\/p>\n<p>Duke marr\u00eb shkas nga zhvillimet e dit\u00ebs s\u00eb sotme, hapat procedurale t\u00eb kryera nga prokuroria e posa\u00e7me n\u00eb lidhje me hetimin pasuror q\u00eb po kryhet ndaj meje dhe familjar\u00ebve t\u00eb mi, jo vet\u00ebm jan\u00eb t\u00eb mir\u00ebpritura, por edhe i mb\u00ebshtes n\u00eb \u00e7do hap.<\/p>\n<p>U b\u00eb nj\u00eb koh\u00eb e gjat\u00eb q\u00eb hetimin dhe gjykimin tim e b\u00ebjn\u00eb opozitar\u00ebt e zhytur n\u00eb llumin e korrupsionit dhe t\u00eb \u201cashtuquajturat media\u201d, q\u00eb luftojn\u00eb \u00e7do zyrtar e funksionar publik q\u00eb nuk bie pr\u00e8 e presioneve dhe shantazheve t\u00eb tyre p\u00ebr p\u00ebrfitime t\u00eb padrejta.<\/p>\n<p>Familjar\u00ebt e mi dhe un\u00eb, si qytetar i k\u00ebtij vendi, por nj\u00ebkoh\u00ebsisht edhe n\u00eb cil\u00ebsin\u00eb e kryetarit t\u00eb Bashkis\u00eb s\u00eb Tiran\u00ebs, do t\u00eb jemi gjithmon\u00eb t\u00eb hapur p\u00ebr \u00e7do veprim dhe vendim t\u00eb institucioneve t\u00eb drejt\u00ebsis\u00eb, por duke p\u00ebrbuzur nj\u00ebkoh\u00ebsisht me neveri \u00e7do t\u00eb pav\u00ebrtet\u00eb, q\u00eb ka si q\u00ebllim d\u00ebmtimin e imazhit tim dhe familjar\u00ebve t\u00eb mi, si dhe duke p\u00ebrhapur, mbi t\u00eb gjitha, disinformacione edhe mbi vet\u00eb pun\u00ebn e k\u00ebtyre institucioneve.<\/p>\n<p>Un\u00eb nuk b\u00ebj pjes\u00eb n\u00eb at\u00eb kast\u00eb t\u00eb vjet\u00ebr politike q\u00eb, p\u00ebr shum\u00eb koh\u00eb, e vendos\u00ebn veten mbi ligjin, mbi drejt\u00ebsin\u00eb dhe mbi llogaridh\u00ebnien institucionale.<\/p>\n<p>T\u00eb gjith\u00eb k\u00ebta q\u00eb i kan\u00eb borxhe drejt\u00ebsis\u00eb, rrokin flamurin e p\u00ebrkrahjes s\u00eb drejt\u00ebsis\u00eb kur n\u00eb p\u00ebrputhje me ligjin dhe vendimet e gjykatave kryhen veprime procedurale n\u00eb kuad\u00ebr t\u00eb hetimeve, dhe e sulmojn\u00eb at\u00eb me \u00e7do mjet tashm\u00eb q\u00eb drejt\u00ebsia ka filluar t\u00eb veproj\u00eb mbi ta, duke thyer k\u00ebshtu tabun\u00eb shum\u00eb vje\u00e7are t\u00eb mosnd\u00ebshkueshm\u00ebris\u00eb.<\/p>\n","protected":false},"excerpt":{"rendered":"<p>Erion Veliaj reagoi pas shum\u00eb or\u00ebsh p\u00ebr kontrollin e ushtruar n\u00eb banes\u00ebn e tij nga SPAK dhe BKH. Kontrolle u ushtruan edhe n\u00eb banes\u00ebn e v\u00ebllait t\u00eb Veliajt, por edhe n\u00eb galerin\u00eb e t\u00eb shoqes. Veliaj sulmoi opozit\u00ebn dhe mediat, por nuk la pa l\u00ebshuar nj\u00eb \u2018thumb\u2019 edhe p\u00ebr Edi Ram\u00ebn, duke th\u00ebn\u00eb se: \u201cUn\u00eb &hellip;<\/p>\n","protected":false},"author":4,"featured_media":97954,"comment_status":"closed","ping_status":"closed","sticky":false,"template":"","format":"standard","meta":{"footnotes":""},"categories":[37],"tags":[],"class_list":["post-97953","post","type-post","status-publish","format-standard","has-post-thumbnail","","category-politike"],"_links":{"self":[{"href":"https:\/\/rdnews.al\/index.php\/wp-json\/wp\/v2\/posts\/97953","targetHints":{"allow":["GET"]}}],"collection":[{"href":"https:\/\/rdnews.al\/index.php\/wp-json\/wp\/v2\/posts"}],"about":[{"href":"https:\/\/rdnews.al\/index.php\/wp-json\/wp\/v2\/types\/post"}],"author":[{"embeddable":true,"href":"https:\/\/rdnews.al\/index.php\/wp-json\/wp\/v2\/users\/4"}],"replies":[{"embeddable":true,"href":"https:\/\/rdnews.al\/index.php\/wp-json\/wp\/v2\/comments?post=97953"}],"version-history":[{"count":1,"href":"https:\/\/rdnews.al\/index.php\/wp-json\/wp\/v2\/posts\/97953\/revisions"}],"predecessor-version":[{"id":97955,"href":"https:\/\/rdnews.al\/index.php\/wp-json\/wp\/v2\/posts\/97953\/revisions\/97955"}],"wp:featuredmedia":[{"embeddable":true,"href":"https:\/\/rdnews.al\/index.php\/wp-json\/wp\/v2\/media\/97954"}],"wp:attachment":[{"href":"https:\/\/rdnews.al\/index.php\/wp-json\/wp\/v2\/media?parent=97953"}],"wp:term":[{"taxonomy":"category","embeddable":true,"href":"https:\/\/rdnews.al\/index.php\/wp-json\/wp\/v2\/categories?post=97953"},{"taxonomy":"post_tag","embeddable":true,"href":"https:\/\/rdnews.al\/index.php\/wp-json\/wp\/v2\/tags?post=97953"}],"curies":[{"name":"wp","href":"https:\/\/api.w.org\/{rel}","templated":true}]}}