{"id":97956,"date":"2024-12-06T20:51:11","date_gmt":"2024-12-06T20:51:11","guid":{"rendered":"https:\/\/rdnews.al\/?p=97956"},"modified":"2024-12-06T20:53:45","modified_gmt":"2024-12-06T20:53:45","slug":"berisha-shperndan-videon-degjoni-thirrjen-e-te-rinjve-marshim-me-8-dhjetor","status":"publish","type":"post","link":"https:\/\/rdnews.al\/index.php\/2024\/12\/06\/berisha-shperndan-videon-degjoni-thirrjen-e-te-rinjve-marshim-me-8-dhjetor\/","title":{"rendered":"8 Dhjetori\/ Berisha shp\u00ebrndan videon: D\u00ebgjoni thirrjet q\u00eb burojn\u00eb nga shpirti i tyre i past\u00ebr!"},"content":{"rendered":"<div class=\"readmore-text-here\">\n<p>Kryetari i PD, Sali Berisha u ka b\u00ebr\u00eb ftes\u00eb qytetar\u00ebve t\u00eb marshojn\u00eb t\u00eb diel\u00ebn e 8 dhjetorit, q\u00eb njihet ndryshe edhe si Dita e Rinis\u00eb.<\/p>\n<p>P\u00ebrmes nj\u00eb thirrje t\u00eb shp\u00ebrndar\u00eb n\u00eb rrjtete sociale, Berisha ka publikuar dhe nj\u00eb video me apelin e t\u00eb rinjve, se p\u00ebrse duhet t\u2019i bashkohen k\u00ebtij marshimi.<\/p>\n<p>Kan\u00eb qen\u00eb pik\u00ebrisht t\u00eb rinjt\u00eb e lindur pas viteve \u201990, m\u00eb 8 dhjetor, t\u00eb cil\u00ebt kan\u00eb b\u00ebr\u00eb thirrje p\u00ebr t\u00eb treguar forc\u00ebn e ndryshimit t\u00eb nj\u00eb vendi.<\/p>\n<div id=\"rekl-13\"><\/div>\n<p>Marshimi pritet t\u00eb mbahet pran\u00eb qyteti Studenti, t\u00eb diel\u00ebn n\u00eb or\u00ebn 11.00.<\/p>\n<p>&#8220;D\u00ebgjoni thirrjet q\u00eb burojn\u00eb nga shpirti tyre i past\u00ebr&#8221;, shkruan Berisha bashkangjitur videos.<\/p>\n<div class=\"twitter-tweet twitter-tweet-rendered\"><iframe id=\"twitter-widget-0\" class=\"\" title=\"X Post\" src=\"https:\/\/platform.twitter.com\/embed\/Tweet.html?dnt=false&amp;embedId=twitter-widget-0&amp;features=eyJ0ZndfdGltZWxpbmVfbGlzdCI6eyJidWNrZXQiOltdLCJ2ZXJzaW9uIjpudWxsfSwidGZ3X2ZvbGxvd2VyX2NvdW50X3N1bnNldCI6eyJidWNrZXQiOnRydWUsInZlcnNpb24iOm51bGx9LCJ0ZndfdHdlZXRfZWRpdF9iYWNrZW5kIjp7ImJ1Y2tldCI6Im9uIiwidmVyc2lvbiI6bnVsbH0sInRmd19yZWZzcmNfc2Vzc2lvbiI6eyJidWNrZXQiOiJvbiIsInZlcnNpb24iOm51bGx9LCJ0ZndfZm9zbnJfc29mdF9pbnRlcnZlbnRpb25zX2VuYWJsZWQiOnsiYnVja2V0Ijoib24iLCJ2ZXJzaW9uIjpudWxsfSwidGZ3X21peGVkX21lZGlhXzE1ODk3Ijp7ImJ1Y2tldCI6InRyZWF0bWVudCIsInZlcnNpb24iOm51bGx9LCJ0ZndfZXhwZXJpbWVudHNfY29va2llX2V4cGlyYXRpb24iOnsiYnVja2V0IjoxMjA5NjAwLCJ2ZXJzaW9uIjpudWxsfSwidGZ3X3Nob3dfYmlyZHdhdGNoX3Bpdm90c19lbmFibGVkIjp7ImJ1Y2tldCI6Im9uIiwidmVyc2lvbiI6bnVsbH0sInRmd19kdXBsaWNhdGVfc2NyaWJlc190b19zZXR0aW5ncyI6eyJidWNrZXQiOiJvbiIsInZlcnNpb24iOm51bGx9LCJ0ZndfdXNlX3Byb2ZpbGVfaW1hZ2Vfc2hhcGVfZW5hYmxlZCI6eyJidWNrZXQiOiJvbiIsInZlcnNpb24iOm51bGx9LCJ0ZndfdmlkZW9faGxzX2R5bmFtaWNfbWFuaWZlc3RzXzE1MDgyIjp7ImJ1Y2tldCI6InRydWVfYml0cmF0ZSIsInZlcnNpb24iOm51bGx9LCJ0ZndfbGVnYWN5X3RpbWVsaW5lX3N1bnNldCI6eyJidWNrZXQiOnRydWUsInZlcnNpb24iOm51bGx9LCJ0ZndfdHdlZXRfZWRpdF9mcm9udGVuZCI6eyJidWNrZXQiOiJvbiIsInZlcnNpb24iOm51bGx9fQ%3D%3D&amp;frame=false&amp;hideCard=false&amp;hideThread=false&amp;id=1865127528370946537&amp;lang=en&amp;maxWidth=560px&amp;origin=https%3A%2F%2Fwww.syri.net%2Fpolitike%2F745154%2Flindem-ne-demokraci-dhe-po-jetojme-ne-diktature-berisha-shperndan-thirrjen-e-te-rinjve-ne-marshimin-e-8-dhjetorit%2F&amp;sessionId=6c18f6746b26bf95c0be693bfc7328d7c8b890b7&amp;theme=light&amp;widgetsVersion=2615f7e52b7e0%3A1702314776716&amp;width=550px\" frameborder=\"0\" scrolling=\"no\" allowfullscreen=\"allowfullscreen\" data-tweet-id=\"1865127528370946537\" data-mce-fragment=\"1\"><\/iframe><\/div>\n<p>&nbsp;<\/p>\n<\/div>\n","protected":false},"excerpt":{"rendered":"<p>Kryetari i PD, Sali Berisha u ka b\u00ebr\u00eb ftes\u00eb qytetar\u00ebve t\u00eb marshojn\u00eb t\u00eb diel\u00ebn e 8 dhjetorit, q\u00eb njihet ndryshe edhe si Dita e Rinis\u00eb. P\u00ebrmes nj\u00eb thirrje t\u00eb shp\u00ebrndar\u00eb n\u00eb rrjtete sociale, Berisha ka publikuar dhe nj\u00eb video me apelin e t\u00eb rinjve, se p\u00ebrse duhet t\u2019i bashkohen k\u00ebtij marshimi. Kan\u00eb qen\u00eb pik\u00ebrisht t\u00eb &hellip;<\/p>\n","protected":false},"author":4,"featured_media":96968,"comment_status":"closed","ping_status":"closed","sticky":false,"template":"","format":"standard","meta":{"footnotes":""},"categories":[37],"tags":[],"class_list":["post-97956","post","type-post","status-publish","format-standard","has-post-thumbnail","","category-politike"],"_links":{"self":[{"href":"https:\/\/rdnews.al\/index.php\/wp-json\/wp\/v2\/posts\/97956","targetHints":{"allow":["GET"]}}],"collection":[{"href":"https:\/\/rdnews.al\/index.php\/wp-json\/wp\/v2\/posts"}],"about":[{"href":"https:\/\/rdnews.al\/index.php\/wp-json\/wp\/v2\/types\/post"}],"author":[{"embeddable":true,"href":"https:\/\/rdnews.al\/index.php\/wp-json\/wp\/v2\/users\/4"}],"replies":[{"embeddable":true,"href":"https:\/\/rdnews.al\/index.php\/wp-json\/wp\/v2\/comments?post=97956"}],"version-history":[{"count":2,"href":"https:\/\/rdnews.al\/index.php\/wp-json\/wp\/v2\/posts\/97956\/revisions"}],"predecessor-version":[{"id":97958,"href":"https:\/\/rdnews.al\/index.php\/wp-json\/wp\/v2\/posts\/97956\/revisions\/97958"}],"wp:featuredmedia":[{"embeddable":true,"href":"https:\/\/rdnews.al\/index.php\/wp-json\/wp\/v2\/media\/96968"}],"wp:attachment":[{"href":"https:\/\/rdnews.al\/index.php\/wp-json\/wp\/v2\/media?parent=97956"}],"wp:term":[{"taxonomy":"category","embeddable":true,"href":"https:\/\/rdnews.al\/index.php\/wp-json\/wp\/v2\/categories?post=97956"},{"taxonomy":"post_tag","embeddable":true,"href":"https:\/\/rdnews.al\/index.php\/wp-json\/wp\/v2\/tags?post=97956"}],"curies":[{"name":"wp","href":"https:\/\/api.w.org\/{rel}","templated":true}]}}