{"id":97959,"date":"2024-12-06T21:03:30","date_gmt":"2024-12-06T21:03:30","guid":{"rendered":"https:\/\/rdnews.al\/?p=97959"},"modified":"2024-12-06T21:03:30","modified_gmt":"2024-12-06T21:03:30","slug":"kellici-kushdo-qe-mendon-se-pas-show-ut-te-sotem-spak-po-ben-drejtesi-gabon","status":"publish","type":"post","link":"https:\/\/rdnews.al\/index.php\/2024\/12\/06\/kellici-kushdo-qe-mendon-se-pas-show-ut-te-sotem-spak-po-ben-drejtesi-gabon\/","title":{"rendered":"K\u00eblli\u00e7i: Kushdo q\u00eb mendon se pas show-ut t\u00eb sot\u00ebm, SPAK po b\u00ebn drejt\u00ebsi, gabon!"},"content":{"rendered":"<div id=\"rekl-49\">Drejtuesi politik i PD p\u00ebr Tiran\u00ebn, Belind K\u00eblli\u00e7i, \u00ebsht\u00eb shfaqur skeptik n\u00eb lidhje me aksionin e BKH n\u00eb sht\u00ebpin\u00eb e kreut t\u00eb Bashkis\u00eb Tiran\u00eb Erjon veliaj, ku iu sekuestrua dhe telefoni bashk\u00ebshortes s\u00eb tij Ajola Xoxa.<\/div>\n<div class=\"readmore-text-here\">\n<p>N\u00eb postimin e tij n\u00eb Facebook, Veliaj thot\u00eb se \u201cspektakli\u201d i ofruar nga SPAK nuk \u00ebsht\u00eb asgj\u00eb tjet\u00ebr vet\u00ebm se pasoj\u00eb e p\u00ebrplasjeve brenda PS q\u00eb ai nuk ngurron ta quaj\u00eb si Grup i Strukturuar Kriminal.<\/p>\n<p>\u201cKushdo q\u00eb mendon se pas show-ut t\u00eb sot\u00ebm, SPAK po b\u00ebn drejt\u00ebsi, GABON!<\/p>\n<p>Spektakli i sot\u00ebm, me regji t\u00eb paralajm\u00ebruar, \u00ebsht\u00eb thjesht\u00eb \u00e7\u00ebshtje e p\u00ebrplasjev\u00eb t\u00eb brendshme n\u00eb Grupin e Strukturuar Kriminal, q\u00eb formalisht quhet PS!<\/p>\n<p>Ky \u00ebsht\u00eb thjesht nj\u00eb dor\u00ebzim i kontrolluar i Edi Ram\u00ebs!<\/p>\n<p>SPAK vet\u00ebm ekzekuton porosit\u00eb\u201d, thot\u00eb K\u00eblli\u00e7i n\u00eb postimin e tij.<\/p>\n<p>&nbsp;<\/p>\n<div class=\"fotogaleri\">\n<div class=\"bx-wrapper\">\n<div class=\"bx-viewport\">\n<ul class=\"read-slider\">\n<li><a href=\"https:\/\/www.syri.net\/fotogaleria\/745153\/kellici-kontrolli-ndaj-veliajt-spektakel-me-regji-i-grupit-kriminal-te-quajtur-ps\/\" target=\"_blank\" rel=\"noopener\"><img decoding=\"async\" src=\"https:\/\/www.syri.net\/uploads\/syri.net\/images\/2024\/December\/06\/auto_469524519_1139305370889665_9066648690892159456_n1733516656.jpg\" \/><\/a><\/li>\n<\/ul>\n<\/div>\n<\/div>\n<\/div>\n<\/div>\n","protected":false},"excerpt":{"rendered":"<p>Drejtuesi politik i PD p\u00ebr Tiran\u00ebn, Belind K\u00eblli\u00e7i, \u00ebsht\u00eb shfaqur skeptik n\u00eb lidhje me aksionin e BKH n\u00eb sht\u00ebpin\u00eb e kreut t\u00eb Bashkis\u00eb Tiran\u00eb Erjon veliaj, ku iu sekuestrua dhe telefoni bashk\u00ebshortes s\u00eb tij Ajola Xoxa. N\u00eb postimin e tij n\u00eb Facebook, Veliaj thot\u00eb se \u201cspektakli\u201d i ofruar nga SPAK nuk \u00ebsht\u00eb asgj\u00eb tjet\u00ebr vet\u00ebm &hellip;<\/p>\n","protected":false},"author":4,"featured_media":83127,"comment_status":"closed","ping_status":"closed","sticky":false,"template":"","format":"standard","meta":{"footnotes":""},"categories":[37],"tags":[],"class_list":["post-97959","post","type-post","status-publish","format-standard","has-post-thumbnail","","category-politike"],"_links":{"self":[{"href":"https:\/\/rdnews.al\/index.php\/wp-json\/wp\/v2\/posts\/97959","targetHints":{"allow":["GET"]}}],"collection":[{"href":"https:\/\/rdnews.al\/index.php\/wp-json\/wp\/v2\/posts"}],"about":[{"href":"https:\/\/rdnews.al\/index.php\/wp-json\/wp\/v2\/types\/post"}],"author":[{"embeddable":true,"href":"https:\/\/rdnews.al\/index.php\/wp-json\/wp\/v2\/users\/4"}],"replies":[{"embeddable":true,"href":"https:\/\/rdnews.al\/index.php\/wp-json\/wp\/v2\/comments?post=97959"}],"version-history":[{"count":1,"href":"https:\/\/rdnews.al\/index.php\/wp-json\/wp\/v2\/posts\/97959\/revisions"}],"predecessor-version":[{"id":97960,"href":"https:\/\/rdnews.al\/index.php\/wp-json\/wp\/v2\/posts\/97959\/revisions\/97960"}],"wp:featuredmedia":[{"embeddable":true,"href":"https:\/\/rdnews.al\/index.php\/wp-json\/wp\/v2\/media\/83127"}],"wp:attachment":[{"href":"https:\/\/rdnews.al\/index.php\/wp-json\/wp\/v2\/media?parent=97959"}],"wp:term":[{"taxonomy":"category","embeddable":true,"href":"https:\/\/rdnews.al\/index.php\/wp-json\/wp\/v2\/categories?post=97959"},{"taxonomy":"post_tag","embeddable":true,"href":"https:\/\/rdnews.al\/index.php\/wp-json\/wp\/v2\/tags?post=97959"}],"curies":[{"name":"wp","href":"https:\/\/api.w.org\/{rel}","templated":true}]}}