{"id":97961,"date":"2024-12-06T21:06:15","date_gmt":"2024-12-06T21:06:15","guid":{"rendered":"https:\/\/rdnews.al\/?p=97961"},"modified":"2024-12-06T21:06:15","modified_gmt":"2024-12-06T21:06:15","slug":"topalli-rikthimi-i-trete-i-berishes-ka-ndodhur","status":"publish","type":"post","link":"https:\/\/rdnews.al\/index.php\/2024\/12\/06\/topalli-rikthimi-i-trete-i-berishes-ka-ndodhur\/","title":{"rendered":"Topalli: Rikthimi i tret\u00eb i Berish\u00ebs ka ndodhur!"},"content":{"rendered":"<p>Drejtuesja politike e PD p\u00ebr Diaspor\u00ebn, Jozefina Topalli, ka krahasuar rastin e ish-kryeministrit Sali Berisha me at\u00eb t\u00eb Presidentit t\u00eb zgjedhur t\u00eb SHBA, Donald Trump.<\/p>\n<p>Komentet Topalli i b\u00ebri n\u00eb A2 CNN, ku tha se, kur Trump akuzohej dhe fotografohej si i d\u00ebnuar, askush nuk mendonte se ai do t\u00eb vinte n\u00eb pushtet.<\/p>\n<p>Ajo shtoi gjithashtu se rikthimi i tret\u00eb i Berish\u00ebs ka ndodhur tani, pas ardhjes s\u00eb tij n\u00eb pushtet n\u00eb vitin 1992 dhe n\u00eb vitin 2005.<\/p>\n<p>\u201cPo mendoja Trump n\u00eb SHBA, ndoshta p\u00ebrpara nj\u00eb viti kur ai ishte n\u00ebn akuz\u00eb, kur i b\u00ebnin foto si i d\u00ebnuar, si i akuzuar, askush nuk mendonte se ai ishte n\u00eb pushtet. Dhe mosha \u00ebsht\u00eb e nj\u00ebjt\u00eb dhe \u00ebsht\u00eb rikthyer praktikisht n\u00eb pushtet. Rikthimi i tret\u00eb i Berish\u00ebs faktikisht ka ndodhur.<\/p>\n<p>I pari n\u00eb \u201891, i dyti pas \u201897 dhe i treti tash. Para pak dit\u00ebsh nj\u00eb e njohur imja m\u00eb \u00e7oi nj\u00eb video n\u00eb tik tok, un\u00eb s&#8217;kam tik tok. M\u00eb kujtohej q\u00eb ishte periudha e 2021 kur e shpall\u00ebn non grata, kur Basha me vendim personal e p\u00ebrjashtoi nga partia. Dhe m\u00eb mor\u00ebn n\u00eb nj\u00eb emision televiziv dhe m\u00eb than\u00eb \u00e7far\u00eb do b\u00ebhet.<\/p>\n<p>Un\u00eb i thash\u00eb q\u00eb kam nj\u00eb eksperienc\u00eb nga viti 1997, kur Berish\u00ebn t\u00eb gjith\u00eb e izoluan, ishte m\u00eb keq se shpallja non grata, kur PD ishte izoluar. Dhe askush nuk besonte se mund ta \u00e7onte k\u00ebt\u00eb forc\u00eb drejt pushtetit dhe erdhi 2005. E drejta ndonj\u00ebher\u00eb duket e v\u00ebshtir\u00eb n\u00eb horizont, por nuk \u00ebsht\u00eb e paarritshme. Procesi ndaj Berish\u00ebs \u00ebsht\u00eb iniciuar nga Qeveria\u201d, tha Topalli,<\/p>\n","protected":false},"excerpt":{"rendered":"<p>Drejtuesja politike e PD p\u00ebr Diaspor\u00ebn, Jozefina Topalli, ka krahasuar rastin e ish-kryeministrit Sali Berisha me at\u00eb t\u00eb Presidentit t\u00eb zgjedhur t\u00eb SHBA, Donald Trump. Komentet Topalli i b\u00ebri n\u00eb A2 CNN, ku tha se, kur Trump akuzohej dhe fotografohej si i d\u00ebnuar, askush nuk mendonte se ai do t\u00eb vinte n\u00eb pushtet. Ajo shtoi &hellip;<\/p>\n","protected":false},"author":4,"featured_media":65348,"comment_status":"closed","ping_status":"closed","sticky":false,"template":"","format":"standard","meta":{"footnotes":""},"categories":[37],"tags":[],"class_list":["post-97961","post","type-post","status-publish","format-standard","has-post-thumbnail","","category-politike"],"_links":{"self":[{"href":"https:\/\/rdnews.al\/index.php\/wp-json\/wp\/v2\/posts\/97961","targetHints":{"allow":["GET"]}}],"collection":[{"href":"https:\/\/rdnews.al\/index.php\/wp-json\/wp\/v2\/posts"}],"about":[{"href":"https:\/\/rdnews.al\/index.php\/wp-json\/wp\/v2\/types\/post"}],"author":[{"embeddable":true,"href":"https:\/\/rdnews.al\/index.php\/wp-json\/wp\/v2\/users\/4"}],"replies":[{"embeddable":true,"href":"https:\/\/rdnews.al\/index.php\/wp-json\/wp\/v2\/comments?post=97961"}],"version-history":[{"count":1,"href":"https:\/\/rdnews.al\/index.php\/wp-json\/wp\/v2\/posts\/97961\/revisions"}],"predecessor-version":[{"id":97962,"href":"https:\/\/rdnews.al\/index.php\/wp-json\/wp\/v2\/posts\/97961\/revisions\/97962"}],"wp:featuredmedia":[{"embeddable":true,"href":"https:\/\/rdnews.al\/index.php\/wp-json\/wp\/v2\/media\/65348"}],"wp:attachment":[{"href":"https:\/\/rdnews.al\/index.php\/wp-json\/wp\/v2\/media?parent=97961"}],"wp:term":[{"taxonomy":"category","embeddable":true,"href":"https:\/\/rdnews.al\/index.php\/wp-json\/wp\/v2\/categories?post=97961"},{"taxonomy":"post_tag","embeddable":true,"href":"https:\/\/rdnews.al\/index.php\/wp-json\/wp\/v2\/tags?post=97961"}],"curies":[{"name":"wp","href":"https:\/\/api.w.org\/{rel}","templated":true}]}}