{"id":97972,"date":"2024-12-07T10:15:53","date_gmt":"2024-12-07T10:15:53","guid":{"rendered":"https:\/\/rdnews.al\/?p=97972"},"modified":"2024-12-07T10:15:53","modified_gmt":"2024-12-07T10:15:53","slug":"reagimi-dhuna-verbale-minon-vlerat-demokratike-dhe-pengon-perparimin-e-shoqerise-sone","status":"publish","type":"post","link":"https:\/\/rdnews.al\/index.php\/2024\/12\/07\/reagimi-dhuna-verbale-minon-vlerat-demokratike-dhe-pengon-perparimin-e-shoqerise-sone\/","title":{"rendered":"Reagimi: Dhuna verbale minon vlerat demokratike dhe pengon p\u00ebrparimin e shoq\u00ebris\u00eb son\u00eb!"},"content":{"rendered":"<p>Rrjeti i organizatave Barazi n\u00eb Vendimarrje ka reaguar n\u00eb mbrojtje t\u00eb deputetes Ina Zhupa, duke d\u00ebnuar gjuh\u00ebn e dhun\u00ebs me baz\u00eb gjinore n\u00eb Kuvend, n\u00eb seanc\u00ebn e 5 dhjetorit.<\/p>\n<div class=\"readmore-text-here\">\n<p>Ato shprehen se gjuha e dhun\u00ebs mbi baz\u00eb gjinore dekurajon grat\u00eb t\u00eb merren me politik\u00eb.&#8217; D\u00ebnojm\u00eb me vendosm\u00ebri \u00e7do form\u00eb dhune, qoft\u00eb ajo verbale, psikologjike apo fizike, duke theksuar se dhuna minon vlerat demokratike dhe pengon p\u00ebrparimin e shoq\u00ebris\u00eb son\u00eb&#8217;.<\/p>\n<p>N\u00eb kushtet e tensioneve t\u00eb shtuara politike, Task Forca Kund\u00ebr Dhun\u00ebs ndaj Grave n\u00eb Politik\u00eb u b\u00ebn thirrje deputet\u00ebve dhe institucioneve m\u00eb t\u00eb larta q\u00eb t\u00eb zgjedhin komunikimin dhe dialogun si m\u00ebnyr\u00ebn kryesore p\u00ebr zgjidhjen e mosmarr\u00ebveshjeve.<\/p>\n<p>Kjo deklarat\u00eb vjen pas gjuh\u00ebn s\u00eb dhun\u00ebs verbale t\u00eb p\u00ebrdorur nga deputeti Erjon Brace, ndaj deputetes Ina Zhupa, duke p\u00ebrdorur terma si \u201cmos hidh parfum\u201d \u201cpri thonjt\u00eb\u201d \u201cnuk di t\u00eb lexosh, nuk di t\u00eb shkruash\u201d \u201cdukesh si ruse\u201d. Deputetja m\u00eb pas ju kund\u00ebrp\u00ebrgjigj n\u00eb gjuh\u00eb popullore \u201cO Erion ti rrit\u00eb boja, sa shum\u00eb m.. t\u00eb ha goja\u201d. Kjo solli edhe mbylljen e seanc\u00ebs plenare pas shum\u00eb p\u00ebrplasjeve n\u00eb sall\u00eb mes kryetar\u00ebve t\u00eb grupeve parlamentare Bardhi dhe Peleshi.<\/p>\n<p><strong>Deklarata<\/strong><\/p>\n<p>Thirrje p\u00ebr Kujdes n\u00eb Komunikim dhe Dialog<\/p>\n<p>N\u00eb kushtet e tensioneve t\u00eb shtuara politike, Task Forca Kund\u00ebr Dhun\u00ebs ndaj Grave n\u00eb Politik\u00eb u b\u00ebn thirrje deputet\u00ebve dhe institucioneve m\u00eb t\u00eb larta q\u00eb t\u00eb zgjedhin komunikimin dhe dialogun si m\u00ebnyr\u00ebn kryesore p\u00ebr zgjidhjen e mosmarr\u00ebveshjeve. I ftojm\u00eb t\u00eb gjith\u00eb aktor\u00ebt politik\u00eb q\u00eb t\u00eb zhvillojn\u00eb nj\u00eb komunikim paq\u00ebsor dhe me respekt, duke nxitur bashk\u00ebpunimin dhe mir\u00ebkuptimin e nd\u00ebrsjell\u00eb.<\/p>\n<p>D\u00ebnojm\u00eb me vendosm\u00ebri \u00e7do form\u00eb dhune, qoft\u00eb ajo verbale, psikologjike apo fizike, duke theksuar se dhuna minon vlerat demokratike dhe pengon p\u00ebrparimin e shoq\u00ebris\u00eb son\u00eb. Le t\u00eb punojm\u00eb s\u00eb bashku p\u00ebr t\u00eb krijuar nj\u00eb mjedis ku mosmarr\u00ebveshjet zgjidhen p\u00ebrmes diplomacis\u00eb, respektit dhe mir\u00ebkuptimit.<\/p>\n<p>Dhuna nuk ka vend n\u00eb politik\u00eb, dialogu duhet t\u00eb jet\u00eb rruga e vetme p\u00ebr t\u00eb ecur p\u00ebrpara.<\/p>\n<p>Task Forca Kund\u00ebr Dhun\u00ebs ndaj Grave n\u00eb Politik\u00eb<\/p>\n<p><iframe loading=\"lazy\" src=\"https:\/\/www.facebook.com\/plugins\/post.php?href=https%3A%2F%2Fwww.facebook.com%2FRrjetiBaraziNeVendimmarrje%2Fposts%2Fpfbid02gDE6k9EpSL9wf3yymZLQV3pXdFeV4Jb4xjKQ1n4Ax65AwMeufKDQW7y9kNn9J8ygl&amp;show_text=true&amp;width=500\" width=\"500\" height=\"793\" frameborder=\"0\" scrolling=\"no\" allowfullscreen=\"allowfullscreen\" data-mce-fragment=\"1\"><\/iframe><\/p>\n<\/div>\n","protected":false},"excerpt":{"rendered":"<p>Rrjeti i organizatave Barazi n\u00eb Vendimarrje ka reaguar n\u00eb mbrojtje t\u00eb deputetes Ina Zhupa, duke d\u00ebnuar gjuh\u00ebn e dhun\u00ebs me baz\u00eb gjinore n\u00eb Kuvend, n\u00eb seanc\u00ebn e 5 dhjetorit. Ato shprehen se gjuha e dhun\u00ebs mbi baz\u00eb gjinore dekurajon grat\u00eb t\u00eb merren me politik\u00eb.&#8217; D\u00ebnojm\u00eb me vendosm\u00ebri \u00e7do form\u00eb dhune, qoft\u00eb ajo verbale, psikologjike apo &hellip;<\/p>\n","protected":false},"author":4,"featured_media":97973,"comment_status":"closed","ping_status":"closed","sticky":false,"template":"","format":"standard","meta":{"footnotes":""},"categories":[37],"tags":[],"class_list":["post-97972","post","type-post","status-publish","format-standard","has-post-thumbnail","","category-politike"],"_links":{"self":[{"href":"https:\/\/rdnews.al\/index.php\/wp-json\/wp\/v2\/posts\/97972","targetHints":{"allow":["GET"]}}],"collection":[{"href":"https:\/\/rdnews.al\/index.php\/wp-json\/wp\/v2\/posts"}],"about":[{"href":"https:\/\/rdnews.al\/index.php\/wp-json\/wp\/v2\/types\/post"}],"author":[{"embeddable":true,"href":"https:\/\/rdnews.al\/index.php\/wp-json\/wp\/v2\/users\/4"}],"replies":[{"embeddable":true,"href":"https:\/\/rdnews.al\/index.php\/wp-json\/wp\/v2\/comments?post=97972"}],"version-history":[{"count":1,"href":"https:\/\/rdnews.al\/index.php\/wp-json\/wp\/v2\/posts\/97972\/revisions"}],"predecessor-version":[{"id":97974,"href":"https:\/\/rdnews.al\/index.php\/wp-json\/wp\/v2\/posts\/97972\/revisions\/97974"}],"wp:featuredmedia":[{"embeddable":true,"href":"https:\/\/rdnews.al\/index.php\/wp-json\/wp\/v2\/media\/97973"}],"wp:attachment":[{"href":"https:\/\/rdnews.al\/index.php\/wp-json\/wp\/v2\/media?parent=97972"}],"wp:term":[{"taxonomy":"category","embeddable":true,"href":"https:\/\/rdnews.al\/index.php\/wp-json\/wp\/v2\/categories?post=97972"},{"taxonomy":"post_tag","embeddable":true,"href":"https:\/\/rdnews.al\/index.php\/wp-json\/wp\/v2\/tags?post=97972"}],"curies":[{"name":"wp","href":"https:\/\/api.w.org\/{rel}","templated":true}]}}