{"id":97980,"date":"2024-12-07T10:33:06","date_gmt":"2024-12-07T10:33:06","guid":{"rendered":"https:\/\/rdnews.al\/?p=97980"},"modified":"2024-12-07T10:33:06","modified_gmt":"2024-12-07T10:33:06","slug":"salianji-leter-nga-qelia-ckuptim-ka-te-festosh-8-dhjetorin-kur-rama-i-perzuri-te-rinjte","status":"publish","type":"post","link":"https:\/\/rdnews.al\/index.php\/2024\/12\/07\/salianji-leter-nga-qelia-ckuptim-ka-te-festosh-8-dhjetorin-kur-rama-i-perzuri-te-rinjte\/","title":{"rendered":"Salianji let\u00ebr nga qelia: \u00c7\u2019kuptim ka t\u00eb festosh 8 Dhjetorin kur Rama i p\u00ebrzuri t\u00eb rinjt\u00eb!"},"content":{"rendered":"<p>Ish-deputeti i PD, Ervin Salianji ka shkruar nj\u00eb let\u00ebr nga qelia, lidhur me 8 Dhjetorin, q\u00eb festohet si Dita e Rinis\u00eb.<\/p>\n<p>Salianji shkruan se festimi i 8 Dhjetorit \u00ebsht\u00eb hipokrizi pasi n\u00eb Shqip\u00ebri nuk ka rini dhe qeveria Rama b\u00ebri \u00e7mos t\u2019i p\u00ebrzej\u00eb.<\/p>\n<p>Salianji thekson se Censi i fundit zbuloi zyrtarisht se n\u00eb krahasim me 2011-t\u00ebn, mosha 15 deri n\u00eb 24 vje\u00e7 \u00ebsht\u00eb p\u00ebgjysmuar.<\/p>\n<p>Ai shton se t\u00eb festosh Dit\u00ebn e Rinis\u00eb, teksa ke ngulur dhe gozhd\u00ebn e fundit n\u00eb shpres\u00ebn q\u00eb ata t\u00eb rrin\u00eb e t\u00eb nd\u00ebrtojn\u00eb t\u00eb ardhmen k\u00ebtu, \u00ebsht\u00eb ta b\u00ebsh \u201crilindjen\u201d mullar.<\/p>\n<p>Modeli q\u00eb po iu jepet t\u00eb rinjve sipas demokratit, \u00ebsht\u00eb se n\u00eb Shqip\u00ebri, t\u00eb rinjt\u00eb q\u00eb luftojn\u00eb krimin, e kan\u00eb vendin n\u00eb burg. Ai shton m\u00eb tej se Edi Rama u tha t\u00eb rinjve se t\u00eb ec\u00ebsh p\u00ebrpara, t\u00eb b\u00ebsh karrier\u00eb, t\u00eb kesh mir\u00ebq\u00ebnie, rruga m\u00eb e sigurt\u00eb dhe m\u00eb e shkurt\u00ebr \u00ebsht\u00eb krimi.<\/p>\n<p><strong>Letra e plot\u00eb e Ervin Salianjit:<\/strong><\/p>\n<p>Let\u00ebr nga qelia 6.<\/p>\n<p>Hipokrizia me 8 Dhjetorin, ka fest\u00eb por s\u2019ka Rini!<\/p>\n<p>Zhurmat, dekoret, daullet, ahengu e sidomos fjalimet p\u00ebr 8 dhjetorin, Dit\u00ebn e Rinis\u00eb q\u00eb \u00ebsht\u00eb dhe fest\u00eb zyrtare n\u00eb kalendar, jan\u00eb ironia m\u00eb e madhe dhe tallje e paskrupullt me k\u00ebt\u00eb grupmosh\u00eb.<\/p>\n<p>\u00c7far\u00eb kuptimi ka t\u00eb b\u00ebsh fest\u00eb n\u00eb Tiran\u00eb, kur qeveria ka b\u00ebr\u00eb gjith\u00e7ka p\u00ebr ti p\u00ebrz\u00ebn\u00eb?!<\/p>\n<p>Do t\u00eb kishte m\u00eb shum\u00eb sens q\u00eb Dita e Rinis\u00eb shqiptare t\u00eb kremtohej n\u00eb Itali, n\u00eb ShBA, Gjermani, n\u00eb Lond\u00ebr, n\u00eb Franc\u00eb, n\u00eb Vjen\u00eb, n\u00eb Spanj\u00eb.<\/p>\n<p>Rinia shqiptare \u00ebsht\u00eb atje. Censi i fundit zbuloi zyrtarisht se n\u00eb krahasim me 2011-t\u00ebn, mosha 15 deri n\u00eb 24 vje\u00e7 \u00ebsht\u00eb p\u00ebgjysmuar.<\/p>\n<p>Dhe padyshim nj\u00eb nxitje m\u00eb shum\u00eb p\u00ebr t\u2019i mbajtur ata larg \u00ebsht\u00eb t\u00eb b\u00ebsh nj\u00eb teat\u00ebr hipokrizie si ky q\u00eb po planifikon qeveria e bashkia me aktivitete boshe, pa sens.<\/p>\n<p>T\u00eb festosh Dit\u00ebn e Rinis\u00eb, teksa ke ngulur dhe gozhd\u00ebn e fundit n\u00eb shpres\u00ebn q\u00eb ata t\u00eb rrin\u00eb e t\u00eb nd\u00ebrtojn\u00eb t\u00eb ardhmen k\u00ebtu, \u00ebsht\u00eb ta b\u00ebsh \u201crilindjen\u201d mullar.<\/p>\n<p>Arsyet e erozionit m\u00eb t\u00eb dhimbsh\u00ebm n\u00eb shoq\u00ebrin\u00eb ton\u00eb jan\u00eb t\u00eb shumta. Studiues, sociolog\u00eb, ekonomist\u00eb, mund t\u00eb ken\u00eb ide m\u00eb t\u00eb qarta. Pa asnj\u00eb dyshim, un\u00eb besoj se n\u00eb krye \u00ebsht\u00eb modeli i ngritur n\u00eb k\u00ebto 3 mandate qeverisje.<\/p>\n<p>Edi Rama u tha t\u00eb rinjve se t\u00eb ec\u00ebsh p\u00ebrpara, t\u00eb b\u00ebsh karrier\u00eb, t\u00eb kesh mir\u00ebq\u00ebnie, rruga m\u00eb e sigurt\u00eb dhe m\u00eb e shkurt\u00ebr \u00ebsht\u00eb krimi. Kanabizimi i vendit ishte plaga m\u00eb e madhe q\u00eb ka sjell\u00eb pasoja t\u00eb cilat do t\u00eb k\u00ebrkojn\u00eb shum\u00eb vite t\u00eb shuhen. Krimi u pa si katapulta m\u00eb e mir\u00eb p\u00ebr t\u00eb ngjitur shkall\u00eb n\u00eb hirearki, e jo dija, jo arritja intelektuale, jo puna e ndershme.<\/p>\n<p>\u00cbsht\u00eb fantastike q\u00eb shumica e t\u00eb rinjve e refuzuan k\u00ebt\u00eb model. Ata q\u00eb ik\u00ebn, s\u00eb pari, dhe kjo \u00ebsht\u00eb protest\u00eb e fort\u00eb. Dhe ata q\u00eb qendruan, por ja dalin me p\u00ebrpjekjet, me mundin e djers\u00ebn e tyre, larg modelit qeveritar.<\/p>\n<p>Korrupsioni, \u00ebsht\u00eb modeli tjet\u00ebr q\u00eb u ofrua n\u00eb k\u00ebto 3 mandate qeverisje. Edi Rama u tha t\u00eb rinjve q\u00eb p\u00ebr t\u00eb ecur p\u00ebrpara, duhen shum\u00eb para. Dhe k\u00ebt\u00eb e tregoi me ngjitjen e disa riosh\u00ebve rilindas lart n\u00eb kupol\u00ebn e pushtetit, me merit\u00ebn e vetme sepse fut\u00ebn duart thell\u00eb n\u00eb tendera e koncesione.<\/p>\n<p>Nga ana tjet\u00ebr ai manifestoi me forc\u00eb, se i riu q\u00eb lufton krimin, q\u00eb lufton lidhjet e bandave me politik\u00ebn e qeverisjen, q\u00eb lufton kanabizimin, e ka vendin n\u00eb burg.<\/p>\n<p>Nj\u00eb shembull i p\u00ebrmbysjes s\u00eb modelit q\u00eb b\u00ebri kryeministri jam dhe vet\u00eb, un\u00eb q\u00eb e denoncova jam agresori e jam n\u00eb burg e trafikanti nd\u00ebrkomb\u00ebtar \u00ebsht\u00eb viktima!\u00a0 Teksa ai po b\u00ebhet gati me t\u00eb nj\u00ebjtat struktura kriminale t\u00eb tentoj\u00eb mbajtjen e pushtetit, n\u00eb or\u00ebn 7 t\u00eb mbremjes, n\u00eb qelit\u00eb e ftohta t\u00eb burgut t\u00eb Fierit, k\u00ebrcasin \u00e7el\u00ebsat e mbylljes s\u00eb dyerve. Tani as fasada gri e godin\u00ebs p\u00ebrball\u00eb, nuk dallohet nga dritarja e vog\u00ebl.<\/p>\n<p>Televizioni nd\u00ebrkoh\u00eb tregon se p\u00ebrgatitje t\u00eb m\u00ebdha po b\u00ebhen n\u00eb kryeqytet p\u00ebr Dit\u00ebn e Rinis\u00eb, si festat e p\u00ebrfitshme qeveritare!<\/p>\n<p>Po cil\u00ebn dit\u00eb t\u00eb festosh n\u00eb fund t\u00eb fundit n\u00eb atdheun ton\u00eb. A e feston dot dit\u00ebn e pensionistit, kur ai \u00ebsht\u00eb m\u00eb i keqpaguari n\u00eb Ballkan?<\/p>\n<p>T\u00eb familjarit, e feston dot? Pasiguria n\u00eb shkolla, pasiguri kudo, e paqart\u00eb e ardhmja p\u00ebr t\u00eb dhe f\u00ebmij\u00ebt.<\/p>\n<p>Dit\u00ebn e burrit, t\u00eb gruas, q\u00eb mezi mbyllin muajin.<\/p>\n<p>Dit\u00ebn e profesionistit t\u00eb lir\u00eb, e feston dot kur ende qeveria nuk ka kthyer parat\u00eb q\u00eb u mori me arbitraritet?<\/p>\n<p>Por, ka nj\u00eb dit\u00eb q\u00eb qeveria duhet ta b\u00ebj\u00eb fest\u00eb, e t\u00eb tregohet m\u00eb n\u00eb fund nj\u00eb her\u00eb e v\u00ebrtet\u00eb dhe e ndershme.<\/p>\n<p>T\u00eb shpall\u00eb zyrtarisht, e t\u00eb kremtoj\u00eb, Dit\u00ebn e Patronazhistit.<\/p>\n<p>Sepse ky \u00ebsht\u00eb njeriu i ri q\u00eb ata kan\u00eb prodhuar. K\u00ebtij i shkojn\u00eb pun\u00ebt mbar\u00eb. Patronazhistin e ka kapluar mbroth\u00ebsia. Patronazhisti ka pun\u00ebn e sigurt\u00eb, ka mbrojtje, ka imunitet. Ai ec\u00ebn p\u00ebrpara.<\/p>\n<p>Sa p\u00ebr rinin\u00eb, un\u00eb mendoj se t\u00eb gjith\u00eb ata, nga maturant\u00ebt, votuesit p\u00ebr her\u00eb t\u00eb par\u00eb, ata q\u00eb rreken shum\u00eb, ata q\u00eb kan\u00eb ikur, t\u00eb gjith\u00eb e kan\u00eb ende forc\u00ebn ta vendosin vet\u00eb dit\u00ebn se kur do ta b\u00ebjn\u00eb fest\u00eb. Dhe ajo \u00ebsht\u00eb 11 maji i 2025, dekretuar\u00a0 s\u00eb fundmi si data e zgjedhjeve. At\u00eb dit\u00eb, Rinia e hedh n\u00eb er\u00eb, e p\u00ebrmbys modelin diabolik q\u00eb ka vendosur Edi Rama.<\/p>\n<p>Dhe e caktojn\u00eb ata kalendarin jo vet\u00ebm t\u00eb k\u00ebtyre ahengjeve, por sidomos caktojn\u00eb kalenderin p\u00ebr Shqip\u00ebrin\u00eb.<\/p>\n","protected":false},"excerpt":{"rendered":"<p>Ish-deputeti i PD, Ervin Salianji ka shkruar nj\u00eb let\u00ebr nga qelia, lidhur me 8 Dhjetorin, q\u00eb festohet si Dita e Rinis\u00eb. Salianji shkruan se festimi i 8 Dhjetorit \u00ebsht\u00eb hipokrizi pasi n\u00eb Shqip\u00ebri nuk ka rini dhe qeveria Rama b\u00ebri \u00e7mos t\u2019i p\u00ebrzej\u00eb. Salianji thekson se Censi i fundit zbuloi zyrtarisht se n\u00eb krahasim me &hellip;<\/p>\n","protected":false},"author":4,"featured_media":95670,"comment_status":"closed","ping_status":"closed","sticky":false,"template":"","format":"standard","meta":{"footnotes":""},"categories":[37],"tags":[],"class_list":["post-97980","post","type-post","status-publish","format-standard","has-post-thumbnail","","category-politike"],"_links":{"self":[{"href":"https:\/\/rdnews.al\/index.php\/wp-json\/wp\/v2\/posts\/97980","targetHints":{"allow":["GET"]}}],"collection":[{"href":"https:\/\/rdnews.al\/index.php\/wp-json\/wp\/v2\/posts"}],"about":[{"href":"https:\/\/rdnews.al\/index.php\/wp-json\/wp\/v2\/types\/post"}],"author":[{"embeddable":true,"href":"https:\/\/rdnews.al\/index.php\/wp-json\/wp\/v2\/users\/4"}],"replies":[{"embeddable":true,"href":"https:\/\/rdnews.al\/index.php\/wp-json\/wp\/v2\/comments?post=97980"}],"version-history":[{"count":1,"href":"https:\/\/rdnews.al\/index.php\/wp-json\/wp\/v2\/posts\/97980\/revisions"}],"predecessor-version":[{"id":97981,"href":"https:\/\/rdnews.al\/index.php\/wp-json\/wp\/v2\/posts\/97980\/revisions\/97981"}],"wp:featuredmedia":[{"embeddable":true,"href":"https:\/\/rdnews.al\/index.php\/wp-json\/wp\/v2\/media\/95670"}],"wp:attachment":[{"href":"https:\/\/rdnews.al\/index.php\/wp-json\/wp\/v2\/media?parent=97980"}],"wp:term":[{"taxonomy":"category","embeddable":true,"href":"https:\/\/rdnews.al\/index.php\/wp-json\/wp\/v2\/categories?post=97980"},{"taxonomy":"post_tag","embeddable":true,"href":"https:\/\/rdnews.al\/index.php\/wp-json\/wp\/v2\/tags?post=97980"}],"curies":[{"name":"wp","href":"https:\/\/api.w.org\/{rel}","templated":true}]}}