{"id":98060,"date":"2024-12-07T21:02:00","date_gmt":"2024-12-07T21:02:00","guid":{"rendered":"https:\/\/rdnews.al\/?p=98060"},"modified":"2024-12-07T21:29:25","modified_gmt":"2024-12-07T21:29:25","slug":"rama-priti-nje-foto-me-trump-por-presidenti-amerikan-takoi-presidenten-e-kosoves-ne-ceremonine-e-notre-dame","status":"publish","type":"post","link":"https:\/\/rdnews.al\/index.php\/2024\/12\/07\/rama-priti-nje-foto-me-trump-por-presidenti-amerikan-takoi-presidenten-e-kosoves-ne-ceremonine-e-notre-dame\/","title":{"rendered":"Rama priti nj\u00eb foto me Trump, por Presidenti amerikan takoi Presidenten e Kosov\u00ebs n\u00eb ceremonin\u00eb e \u2018Notre Dame\u2019"},"content":{"rendered":"<p><strong>Rama kishte d\u00ebshiruar shum\u00eb nj\u00eb foto me Trump n\u00eb ceremonin\u00eb e rihapjes s\u00eb \u201cNotre Dame\u201d ku ai ishte ftuar nga Presidenti francez, por Presidenti amerikan ka shtr\u00ebnguar duart me p\u00ebrzem\u00ebrsi me Presidenten e Kosov\u00ebs dhe jo me Ram\u00ebn.<\/strong><\/p>\n<p><strong>Presidentja e Kosov\u00ebs, Vjosa Osmani, ka marr\u00eb pjes\u00eb n\u00eb ceremonin\u00eb e ve\u00e7ant\u00eb t\u00eb rihapjes s\u00eb Katedrales s\u00eb famshme \u2018Notre Dame\u2019 n\u00eb Paris, Franc\u00eb.<\/strong><\/p>\n<p>Gjat\u00eb k\u00ebsaj ngjarjeje, ajo ka pasur rastin t\u00eb takohet dhe t\u00eb shk\u00ebmbej\u00eb disa fjal\u00eb me presidentin e sapozgjedhur amerikan, Donald Trump.<\/p>\n<p>\u201cMe Presidentin Trump, n\u00eb ceremonin\u00eb e rihapjes s\u00eb Katedrales s\u00eb Parisit \u2018Notre Dame\u2019,\u201d ka shkruar Presidentja Osmani n\u00eb rrjetet sociale, duke ndar\u00eb nj\u00eb fotografi ku shfaqet duke shtr\u00ebnguar duart me presidentin e sapozgjedhur amerikan.<\/p>\n<div class=\"code-block code-block-43 code-block-pas-paragrafit-2t-inarticle-outstream\">\n<div data-id=\"jBsDrr2VjZQa\"><\/div>\n<\/div>\n<p>Ceremonia sh\u00ebnon nj\u00eb moment historik p\u00ebr katedralen q\u00eb u d\u00ebmtua r\u00ebnd\u00eb nga zjarri i vitit 2019 dhe tani hap dyert p\u00ebr publikun pas nj\u00eb restaurimi t\u00eb gjat\u00eb dhe t\u00eb detajuar.<\/p>\n<p>Ngjarja mblodhi personalitete t\u00eb shquara nga e gjith\u00eb bota p\u00ebr t\u00eb nderuar historin\u00eb dhe simbolik\u00ebn e k\u00ebsaj katedraleje ikonike.<\/p>\n<p>Presidentja Osmani vazhdon t\u00eb p\u00ebrfaq\u00ebsoj\u00eb Kosov\u00ebn n\u00eb sken\u00ebn nd\u00ebrkomb\u00ebtare, duke promovuar vlerat e vendit dhe duke nd\u00ebrtuar ura bashk\u00ebpunimi me lider\u00eb global\u00eb.<\/p>\n<p><iframe loading=\"lazy\" title=\"vjosa trump.mp4\" src=\"https:\/\/host.vpplayer.tech\/player\/ptkzurlv\/vjsnulyr.html\" width=\"100%\" height=\"100%\" frameborder=\"0\" scrolling=\"auto\" allowfullscreen=\"allowfullscreen\"><\/iframe><\/p>\n","protected":false},"excerpt":{"rendered":"<p>Rama kishte d\u00ebshiruar shum\u00eb nj\u00eb foto me Trump n\u00eb ceremonin\u00eb e rihapjes s\u00eb \u201cNotre Dame\u201d ku ai ishte ftuar nga Presidenti francez, por Presidenti amerikan ka shtr\u00ebnguar duart me p\u00ebrzem\u00ebrsi me Presidenten e Kosov\u00ebs dhe jo me Ram\u00ebn. Presidentja e Kosov\u00ebs, Vjosa Osmani, ka marr\u00eb pjes\u00eb n\u00eb ceremonin\u00eb e ve\u00e7ant\u00eb t\u00eb rihapjes s\u00eb Katedrales s\u00eb &hellip;<\/p>\n","protected":false},"author":3,"featured_media":98061,"comment_status":"closed","ping_status":"closed","sticky":false,"template":"","format":"standard","meta":{"footnotes":""},"categories":[37],"tags":[],"class_list":["post-98060","post","type-post","status-publish","format-standard","has-post-thumbnail","","category-politike"],"_links":{"self":[{"href":"https:\/\/rdnews.al\/index.php\/wp-json\/wp\/v2\/posts\/98060","targetHints":{"allow":["GET"]}}],"collection":[{"href":"https:\/\/rdnews.al\/index.php\/wp-json\/wp\/v2\/posts"}],"about":[{"href":"https:\/\/rdnews.al\/index.php\/wp-json\/wp\/v2\/types\/post"}],"author":[{"embeddable":true,"href":"https:\/\/rdnews.al\/index.php\/wp-json\/wp\/v2\/users\/3"}],"replies":[{"embeddable":true,"href":"https:\/\/rdnews.al\/index.php\/wp-json\/wp\/v2\/comments?post=98060"}],"version-history":[{"count":3,"href":"https:\/\/rdnews.al\/index.php\/wp-json\/wp\/v2\/posts\/98060\/revisions"}],"predecessor-version":[{"id":98070,"href":"https:\/\/rdnews.al\/index.php\/wp-json\/wp\/v2\/posts\/98060\/revisions\/98070"}],"wp:featuredmedia":[{"embeddable":true,"href":"https:\/\/rdnews.al\/index.php\/wp-json\/wp\/v2\/media\/98061"}],"wp:attachment":[{"href":"https:\/\/rdnews.al\/index.php\/wp-json\/wp\/v2\/media?parent=98060"}],"wp:term":[{"taxonomy":"category","embeddable":true,"href":"https:\/\/rdnews.al\/index.php\/wp-json\/wp\/v2\/categories?post=98060"},{"taxonomy":"post_tag","embeddable":true,"href":"https:\/\/rdnews.al\/index.php\/wp-json\/wp\/v2\/tags?post=98060"}],"curies":[{"name":"wp","href":"https:\/\/api.w.org\/{rel}","templated":true}]}}