{"id":98101,"date":"2024-12-08T17:58:20","date_gmt":"2024-12-08T17:58:20","guid":{"rendered":"https:\/\/rdnews.al\/?p=98101"},"modified":"2024-12-08T19:25:31","modified_gmt":"2024-12-08T19:25:31","slug":"propaganda-kunder-realitetit","status":"publish","type":"post","link":"https:\/\/rdnews.al\/index.php\/2024\/12\/08\/propaganda-kunder-realitetit\/","title":{"rendered":"Propaganda dhe rritja stratosferike e \u00e7mimeve"},"content":{"rendered":"<p><strong>Nga Iva V.GRILLO<\/strong><\/p>\n<p>Para disa jav\u00ebsh isha p\u00ebr nj\u00eb vizit\u00eb t\u00eb shkurt\u00ebr n\u00eb Tiran\u00eb, p\u00ebr t\u00eb takuar familjen.<\/p>\n<p>Pata rast t\u00eb provoj n\u00eb xhepin tim rritjen stratosferike t\u00eb \u00e7mimeve t\u00eb mallrave ushqimore dhe t\u00eb konsumit.<\/p>\n<p>Nd\u00ebrkoh\u00eb q\u00eb \u00ebsht\u00eb e v\u00ebrtet\u00eb q\u00eb tendenca e rritjes s\u00eb \u00e7mimeve \u00ebsht\u00eb nj\u00eb tendenc\u00eb globale n\u00eb k\u00ebto vitet e fundit p\u00ebr shkaqe q\u00eb dihen, personalisht u shokova me p\u00ebrqindjen e k\u00ebsaj rritje \u00e7mimesh n\u00eb Shqip\u00ebri&#8230;shum\u00eb m\u00eb e lart\u00eb sesa n\u00eb vendin ku jetoj un\u00eb, pa\u00e7ka se paga mesatare shqiptare \u00ebsht\u00eb disa here m\u00eb e ul\u00ebt sesa n\u00eb vendin ku jetoj.<\/p>\n<p>Madje batuta e zakonshme me miqt\u00eb ato dit\u00eb ishte &#8220;kisha planifikuar t\u00eb lija di\u00e7ka p\u00ebr maman\u00eb pensioniste k\u00ebtu, por k\u00ebshtu si qenkan b\u00ebr\u00eb \u00e7mimet k\u00ebtu kam frik\u00eb se duhet t&#8217;i marr borxh asaj p\u00ebr t&#8217;u kthyer nga kam ardhur&#8221;&#8230;<\/p>\n<p>Gjithsesi, ky do t\u00eb mbeste thjesht\u00eb nj\u00eb p\u00ebrjetim personal n\u00eb qoft\u00eb se dje nga mediat proqeveritare nuk do t\u00eb promovohej me titra nj\u00eb &#8220;lajm&#8221; mbi podcastin m\u00eb t\u00eb fundit t\u00eb kryeministrit t\u00eb konvertuar n\u00eb gazetar\/ konferencier\/psikolog\/&#8230;ku nd\u00ebrsa fliste me t\u00eb ftuarit e tij, me nj\u00eb pamje t\u00eb p\u00ebrd\u00eblluar, i qante hallin Italis\u00eb dhe italian\u00ebve, q\u00eb me 1,500 euro n\u00eb muaj nuk e p\u00ebrballonin mir\u00eb jetes\u00ebn&#8230; madje dhe shqiptar\u00ebt q\u00eb emigronin ne Itali kishin b\u00ebr\u00eb disa ngat\u00ebrresa n\u00eb llogaritje, etj&#8230;<\/p>\n<p>Un\u00eb nuk di si i zgjedh t\u00eb ftuarit e podcast-it t\u00eb vet kryeministri dhe sa mund\u00ebsi ka nj\u00eb biznes i vog\u00ebl apo i madh q\u00eb po i doli emri p\u00ebr &#8220;ushtar&#8221; p\u00ebr n\u00eb podcast, t\u00eb ket\u00eb kurajon t\u00eb refuzoj\u00eb ftes\u00ebn apo kund\u00ebrshtoj\u00eb pallavrat e llogarit\u00eb e &#8220;matematicienit&#8221; ton\u00eb&#8230;por fakt \u00ebsht\u00eb q\u00eb ky podcast q\u00eb b\u00ebhet me demek me objektivin edhe p\u00ebr t\u00eb promovuar biznese shqiptare, n\u00eb fakt \u00ebsht\u00eb nj\u00eb instrument t\u00ebr\u00ebsisht propagandistik q\u00eb shp\u00ebrndan t\u00eb pav\u00ebrteta t\u00eb m\u00ebdha.<\/p>\n<p>Nganj\u00ebher\u00eb \u00ebsht\u00eb disi e v\u00ebshtir\u00eb p\u00ebr t\u00eb ndar\u00eb propagand\u00ebn nga realiteti, por gjithsesi, si p\u00ebr \u00e7udi, pik\u00ebrisht sot, paska dal\u00eb &#8220;verdikti&#8221; nga nj\u00eb &#8220;pal\u00eb e tret\u00eb&#8221;:<\/p>\n<p>nj\u00eb \u00e7ift influencer\u00ebsh italian\u00eb q\u00eb kan\u00eb b\u00ebr\u00eb krahasimet e \u00e7mimeve te disa artikujve ushqimor\u00eb midis dy vendeve.<\/p>\n<p>Shikojini vet\u00eb p\u00ebrfundimet e tyre:<\/p>\n<p>P\u00ebr artikullin e plote, m\u00eb posht\u0113 linku nga <a href=\"http:\/\/dosja.al\/?fbclid=IwZXh0bgNhZW0CMTAAAR2fBuPxIeIasNUY3fj3muhSdMcCdpzyMaNCmiByi33E0sKofHAl1oFYSK8_aem_-i_Ii0PGISBER8Mqj94rJg\" target=\"_blank\" rel=\"noopener\"><strong>Dosja.Al.<\/strong><\/a><\/p>\n<p><a href=\"https:\/\/dosja.al\/aktualitet\/shpenzimet-ne-itali-vs-shqiperi-influencuesit-italiane-tregojne-ndrys-i407163?fbclid=IwZXh0bgNhZW0CMTAAAR3AXR-NHuDSBPRm9Svoo6-q3wQRcweQ7vLQeziYSdY2AngkaEEZw-nRJys_aem_f-CKLeD4viIqJs3s_redzQ\" target=\"_blank\" rel=\"noopener\"><strong>https:\/\/dosja.al\/&#8230;\/shpenzimet-ne-itali-vs-shqiperi&#8230;<\/strong><\/a><\/p>\n<p><img loading=\"lazy\" decoding=\"async\" class=\"alignnone size-medium wp-image-98102\" src=\"https:\/\/rdnews.al\/wp-content\/uploads\/2024\/12\/1-4-138x300.jpg\" alt=\"\" width=\"138\" height=\"300\" srcset=\"https:\/\/rdnews.al\/wp-content\/uploads\/2024\/12\/1-4-138x300.jpg 138w, https:\/\/rdnews.al\/wp-content\/uploads\/2024\/12\/1-4-473x1024.jpg 473w, https:\/\/rdnews.al\/wp-content\/uploads\/2024\/12\/1-4-768x1664.jpg 768w, https:\/\/rdnews.al\/wp-content\/uploads\/2024\/12\/1-4-709x1536.jpg 709w, https:\/\/rdnews.al\/wp-content\/uploads\/2024\/12\/1-4.jpg 945w\" sizes=\"auto, (max-width: 138px) 100vw, 138px\" \/><\/p>\n","protected":false},"excerpt":{"rendered":"<p>Nga Iva V.GRILLO Para disa jav\u00ebsh isha p\u00ebr nj\u00eb vizit\u00eb t\u00eb shkurt\u00ebr n\u00eb Tiran\u00eb, p\u00ebr t\u00eb takuar familjen. Pata rast t\u00eb provoj n\u00eb xhepin tim rritjen stratosferike t\u00eb \u00e7mimeve t\u00eb mallrave ushqimore dhe t\u00eb konsumit. Nd\u00ebrkoh\u00eb q\u00eb \u00ebsht\u00eb e v\u00ebrtet\u00eb q\u00eb tendenca e rritjes s\u00eb \u00e7mimeve \u00ebsht\u00eb nj\u00eb tendenc\u00eb globale n\u00eb k\u00ebto vitet e fundit &hellip;<\/p>\n","protected":false},"author":4,"featured_media":51216,"comment_status":"closed","ping_status":"closed","sticky":false,"template":"","format":"standard","meta":{"footnotes":""},"categories":[44],"tags":[],"class_list":["post-98101","post","type-post","status-publish","format-standard","has-post-thumbnail","","category-editorial"],"_links":{"self":[{"href":"https:\/\/rdnews.al\/index.php\/wp-json\/wp\/v2\/posts\/98101","targetHints":{"allow":["GET"]}}],"collection":[{"href":"https:\/\/rdnews.al\/index.php\/wp-json\/wp\/v2\/posts"}],"about":[{"href":"https:\/\/rdnews.al\/index.php\/wp-json\/wp\/v2\/types\/post"}],"author":[{"embeddable":true,"href":"https:\/\/rdnews.al\/index.php\/wp-json\/wp\/v2\/users\/4"}],"replies":[{"embeddable":true,"href":"https:\/\/rdnews.al\/index.php\/wp-json\/wp\/v2\/comments?post=98101"}],"version-history":[{"count":2,"href":"https:\/\/rdnews.al\/index.php\/wp-json\/wp\/v2\/posts\/98101\/revisions"}],"predecessor-version":[{"id":98125,"href":"https:\/\/rdnews.al\/index.php\/wp-json\/wp\/v2\/posts\/98101\/revisions\/98125"}],"wp:featuredmedia":[{"embeddable":true,"href":"https:\/\/rdnews.al\/index.php\/wp-json\/wp\/v2\/media\/51216"}],"wp:attachment":[{"href":"https:\/\/rdnews.al\/index.php\/wp-json\/wp\/v2\/media?parent=98101"}],"wp:term":[{"taxonomy":"category","embeddable":true,"href":"https:\/\/rdnews.al\/index.php\/wp-json\/wp\/v2\/categories?post=98101"},{"taxonomy":"post_tag","embeddable":true,"href":"https:\/\/rdnews.al\/index.php\/wp-json\/wp\/v2\/tags?post=98101"}],"curies":[{"name":"wp","href":"https:\/\/api.w.org\/{rel}","templated":true}]}}