{"id":98194,"date":"2024-12-09T12:21:50","date_gmt":"2024-12-09T12:21:50","guid":{"rendered":"https:\/\/rdnews.al\/?p=98194"},"modified":"2024-12-09T12:23:20","modified_gmt":"2024-12-09T12:23:20","slug":"berisha-rama-e-degdisi-blendi-klosin-ne-diber-se-eshte-nje-kumarxhi-i-semure-vengu-dhe-cuci-jane-te-dy-te-diskredituar","status":"publish","type":"post","link":"https:\/\/rdnews.al\/index.php\/2024\/12\/09\/berisha-rama-e-degdisi-blendi-klosin-ne-diber-se-eshte-nje-kumarxhi-i-semure-vengu-dhe-cuci-jane-te-dy-te-diskredituar\/","title":{"rendered":"Rama e degdisi Blendi Klosin n\u00eb Dib\u00ebr se \u00ebsht\u00eb kumarxhi i s\u00ebmur\u00eb! Vengu dhe \u00c7u\u00e7i jan\u00eb t\u00eb dy t\u00eb diskredituar"},"content":{"rendered":"<p>Duke komentuar gjendjen n\u00eb PS, Berisha tha se \u201cRama e degdisi Blendi Klosin n\u00eb Dib\u00ebr se \u00ebsht\u00eb nj\u00eb kumarxhi i s\u00ebmur\u00eb, k\u00ebshtu q\u00eb e \u00e7ojn\u00eb p\u00ebr ta internuar Blendi Klosin.<\/p>\n<p>\u201cS\u00eb pari, degdisja apo transferimi i Blendi Klosit ka t\u00eb b\u00ebj\u00eb me personalitetin e Blendi Klosit, i cili \u00ebsht\u00eb i njohur tashm\u00eb, \u00ebsht\u00eb i demaskuar si nj\u00ebri nga bixhozxhinjt\u00eb m\u00eb t\u00eb m\u00ebdhenj t\u00eb Shqip\u00ebris\u00eb.<\/p>\n<p>Blendi Klosi \u00ebsht\u00eb nj\u00eb kumarxhi i s\u00ebmur\u00eb, dhe nuk e pranojn\u00eb kudo q\u00eb e \u00e7ojn\u00eb, e p\u00ebr\u00e7mojn\u00eb.<\/p>\n<p>Dhe tani ta \u00e7oj\u00eb atje n\u00eb Peshkopi, ata jan\u00eb nj\u00eb republik\u00eb tjet\u00ebr. Ata n\u00eb fakt i japin uj\u00eb me bisht t\u00eb lug\u00ebs Blendi Klosit.<\/p>\n<p>K\u00ebshtu q\u00eb e \u00e7ojn\u00eb p\u00ebr ta internuar Blendi Klosin.<\/p>\n<p>As fiton, por i turp\u00ebruar prej tij prej borxheve t\u00eb tmerrshme q\u00eb ka krijuar me kumar, i s\u00ebmur\u00eb si kumarxhi, e \u00e7ojn\u00eb tani gjoja n\u00eb Peshkopi.<\/p>\n<p>Kjo \u00ebsht\u00eb historia e Blendi Klosit.<\/p>\n<p>Ka d\u00ebrguar Pirro Vengun, i cili rezulton bashkautor n\u00eb krime t\u00eb r\u00ebnda me drog\u00ebn si drejtor porti, rezulton nj\u00eb ushtar i bandave dhe i Lubi Ballukut.<\/p>\n<p>Po pse? Se \u00c7u\u00e7i edhe ai \u00ebsht\u00eb i diskredituar.<\/p>\n<p>\u00c7u\u00e7i \u00ebsht\u00eb i refuzuar gjer\u00ebsisht nga qytetar\u00ebt e Vlor\u00ebs.<\/p>\n<p>V\u00ebngun e d\u00ebrgoi gjoja p\u00ebr t\u00eb kompensuar imazhin e nxir\u00eb t\u00eb \u00c7u\u00e7it. E v\u00ebrteta \u00ebsht\u00eb se imazhi i Pirro Vengut \u00ebsht\u00eb po aq i nxir\u00eb sa imazhi i \u00c7u\u00e7it.<\/p>\n<p>Natyrisht ky thot\u00eb do dal haptas dhe u thot\u00eb atyre t\u00eb tjer\u00ebve, por gar\u00ebn e tij do t\u2019ua publikoj k\u00ebto dit\u00eb stafin elektoral t\u00eb Edi Ram\u00ebs n\u00eb Shkod\u00ebr, do i shihni vet\u00eb se kush \u00ebsht\u00eb staf elektoral i Edi Ram\u00ebs.<\/p>\n<p>Por e garantoj se nuk do e g\u00ebzoj\u00eb at\u00eb mandat, nuk do e marr\u00eb dot.<\/p>\n<p>Koha fakton se po ec\u00ebn n\u00eb m\u00ebnyr\u00eb t\u00eb pam\u00ebshirshme p\u00ebr ne.<\/p>\n<p>Edi Rama do marr\u00eb vendin q\u00eb u takon padrinove ose bos\u00ebve t\u00eb organizatave kriminale.<\/p>\n<p>Nuk kemi asgj\u00eb t\u00eb p\u00ebrcaktuar se kur do p\u00ebrcaktohen, t\u00eb par\u00ebve do ua them gazetar\u00ebve.<\/p>\n<p>N\u00eb qoft\u00eb se mendon se Sali Berisha imiton Edi Ram\u00ebn, \u00ebsht\u00eb akti i fundit q\u00eb do b\u00ebnte para se do vriste veten&#8230;<\/p>\n<p>Mos e pyet..\u201d, tha Berisha.<\/p>\n","protected":false},"excerpt":{"rendered":"<p>Duke komentuar gjendjen n\u00eb PS, Berisha tha se \u201cRama e degdisi Blendi Klosin n\u00eb Dib\u00ebr se \u00ebsht\u00eb nj\u00eb kumarxhi i s\u00ebmur\u00eb, k\u00ebshtu q\u00eb e \u00e7ojn\u00eb p\u00ebr ta internuar Blendi Klosin. \u201cS\u00eb pari, degdisja apo transferimi i Blendi Klosit ka t\u00eb b\u00ebj\u00eb me personalitetin e Blendi Klosit, i cili \u00ebsht\u00eb i njohur tashm\u00eb, \u00ebsht\u00eb i demaskuar &hellip;<\/p>\n","protected":false},"author":4,"featured_media":98195,"comment_status":"closed","ping_status":"closed","sticky":false,"template":"","format":"standard","meta":{"footnotes":""},"categories":[37],"tags":[],"class_list":["post-98194","post","type-post","status-publish","format-standard","has-post-thumbnail","","category-politike"],"_links":{"self":[{"href":"https:\/\/rdnews.al\/index.php\/wp-json\/wp\/v2\/posts\/98194","targetHints":{"allow":["GET"]}}],"collection":[{"href":"https:\/\/rdnews.al\/index.php\/wp-json\/wp\/v2\/posts"}],"about":[{"href":"https:\/\/rdnews.al\/index.php\/wp-json\/wp\/v2\/types\/post"}],"author":[{"embeddable":true,"href":"https:\/\/rdnews.al\/index.php\/wp-json\/wp\/v2\/users\/4"}],"replies":[{"embeddable":true,"href":"https:\/\/rdnews.al\/index.php\/wp-json\/wp\/v2\/comments?post=98194"}],"version-history":[{"count":3,"href":"https:\/\/rdnews.al\/index.php\/wp-json\/wp\/v2\/posts\/98194\/revisions"}],"predecessor-version":[{"id":98198,"href":"https:\/\/rdnews.al\/index.php\/wp-json\/wp\/v2\/posts\/98194\/revisions\/98198"}],"wp:featuredmedia":[{"embeddable":true,"href":"https:\/\/rdnews.al\/index.php\/wp-json\/wp\/v2\/media\/98195"}],"wp:attachment":[{"href":"https:\/\/rdnews.al\/index.php\/wp-json\/wp\/v2\/media?parent=98194"}],"wp:term":[{"taxonomy":"category","embeddable":true,"href":"https:\/\/rdnews.al\/index.php\/wp-json\/wp\/v2\/categories?post=98194"},{"taxonomy":"post_tag","embeddable":true,"href":"https:\/\/rdnews.al\/index.php\/wp-json\/wp\/v2\/tags?post=98194"}],"curies":[{"name":"wp","href":"https:\/\/api.w.org\/{rel}","templated":true}]}}