{"id":98227,"date":"2024-12-09T17:25:16","date_gmt":"2024-12-09T17:25:16","guid":{"rendered":"https:\/\/rdnews.al\/?p=98227"},"modified":"2024-12-09T17:25:16","modified_gmt":"2024-12-09T17:25:16","slug":"madhi-inceneratori-inekzistent-i-elbasanit-grabit-cdo-vit-nga-xhepat-e-qytetareve-717-milione-leke","status":"publish","type":"post","link":"https:\/\/rdnews.al\/index.php\/2024\/12\/09\/madhi-inceneratori-inekzistent-i-elbasanit-grabit-cdo-vit-nga-xhepat-e-qytetareve-717-milione-leke\/","title":{"rendered":"Madhi: Inceneratori inekzistent i Elbasanit grabit \u00e7do vit nga xhepat e qytetar\u00ebve 717 milion\u00eb lek\u00eb!"},"content":{"rendered":"<p><strong>DEKLARAT\u00cb P\u00cbR MEDIA AN\u00cbTARJA P\u00cbR K\u00cbSHILLIN BASHKIAK ELBASAN, DORIS MADHI<\/strong><\/p>\n<p><strong><em>Pyetje: Pse pik\u00ebrisht denoncimi i radh\u00ebs nga Partia Demokratike, aty ku duken pamjet q\u00eb kan\u00eb l\u00ebn\u00eb pas, ndoshta situata me inceneratorin e Elbasanit?<\/em><\/strong><\/p>\n<p><strong><em>Doris Madhi:<\/em><\/strong>\u00a0Kjo \u00ebsht\u00eb hera e disat\u00eb pran\u00eb atij q\u00eb quhet inceneratori i Elbasanit, por nuk mund t\u00eb themi q\u00eb funksionon si i till\u00eb.<\/p>\n<p>Prapa meje shikoni nj\u00eb grumbull me plehra q\u00eb sa vjen e shtohet. N\u00eb fakt, b\u00ebhet fjal\u00eb p\u00ebr nj\u00eb kontrat\u00eb, rezultati i nj\u00eb marr\u00ebveshjeje korruptive, e cila i ka kushtuar 26 milion\u00eb euro buxhetit t\u00eb shtetit dhe tashm\u00eb grabit n\u00eb m\u00ebnyr\u00eb t\u00eb vazhdueshme \u00e7do vit qytetar\u00ebt e Elbasanit, duke u marr\u00eb 717 milion\u00eb lek\u00eb nga buxheti i Bashkis\u00eb.<\/p>\n<p>Ky incenerator, rezultat i k\u00ebsaj kontrate dhe afere korruptive, tashm\u00eb nuk funksionon prej gati 3 vitesh. N\u00eb k\u00ebto 3 vite ka funksionuar vet\u00ebm p\u00ebr rreth 4 muaj, dhe jo m\u00eb shum\u00eb se kaq. Ai p\u00ebrfaq\u00ebson fytyr\u00ebn e v\u00ebrtet\u00eb t\u00eb k\u00ebsaj qeverie.<\/p>\n<p>Shikoni prapa meje \u00e7far\u00eb pamjeje katastrofale ka! \u00cbsht\u00eb nj\u00eb grumbull plehrash q\u00eb jo vet\u00ebm p\u00ebrfaq\u00ebson qeverin\u00eb, por mbi t\u00eb gjitha p\u00ebrfaq\u00ebson vullnetin e saj p\u00ebr t\u2019i b\u00ebr\u00eb keq qytetar\u00ebve t\u00eb vet.<\/p>\n<p>Si\u00e7 mund t\u00eb shihni, ky mal me mbetje nuk \u00ebsht\u00eb gj\u00eb tjet\u00ebr ve\u00e7se nj\u00eb katastrof\u00eb ekologjike buz\u00eb lumit Shkumbin dhe \u00ebsht\u00eb bomba e radh\u00ebs p\u00ebr qytetar\u00ebt e Elbasanit.<\/p>\n","protected":false},"excerpt":{"rendered":"<p>DEKLARAT\u00cb P\u00cbR MEDIA AN\u00cbTARJA P\u00cbR K\u00cbSHILLIN BASHKIAK ELBASAN, DORIS MADHI Pyetje: Pse pik\u00ebrisht denoncimi i radh\u00ebs nga Partia Demokratike, aty ku duken pamjet q\u00eb kan\u00eb l\u00ebn\u00eb pas, ndoshta situata me inceneratorin e Elbasanit? Doris Madhi:\u00a0Kjo \u00ebsht\u00eb hera e disat\u00eb pran\u00eb atij q\u00eb quhet inceneratori i Elbasanit, por nuk mund t\u00eb themi q\u00eb funksionon si i &hellip;<\/p>\n","protected":false},"author":4,"featured_media":98228,"comment_status":"closed","ping_status":"closed","sticky":false,"template":"","format":"standard","meta":{"footnotes":""},"categories":[37],"tags":[],"class_list":["post-98227","post","type-post","status-publish","format-standard","has-post-thumbnail","","category-politike"],"_links":{"self":[{"href":"https:\/\/rdnews.al\/index.php\/wp-json\/wp\/v2\/posts\/98227","targetHints":{"allow":["GET"]}}],"collection":[{"href":"https:\/\/rdnews.al\/index.php\/wp-json\/wp\/v2\/posts"}],"about":[{"href":"https:\/\/rdnews.al\/index.php\/wp-json\/wp\/v2\/types\/post"}],"author":[{"embeddable":true,"href":"https:\/\/rdnews.al\/index.php\/wp-json\/wp\/v2\/users\/4"}],"replies":[{"embeddable":true,"href":"https:\/\/rdnews.al\/index.php\/wp-json\/wp\/v2\/comments?post=98227"}],"version-history":[{"count":1,"href":"https:\/\/rdnews.al\/index.php\/wp-json\/wp\/v2\/posts\/98227\/revisions"}],"predecessor-version":[{"id":98229,"href":"https:\/\/rdnews.al\/index.php\/wp-json\/wp\/v2\/posts\/98227\/revisions\/98229"}],"wp:featuredmedia":[{"embeddable":true,"href":"https:\/\/rdnews.al\/index.php\/wp-json\/wp\/v2\/media\/98228"}],"wp:attachment":[{"href":"https:\/\/rdnews.al\/index.php\/wp-json\/wp\/v2\/media?parent=98227"}],"wp:term":[{"taxonomy":"category","embeddable":true,"href":"https:\/\/rdnews.al\/index.php\/wp-json\/wp\/v2\/categories?post=98227"},{"taxonomy":"post_tag","embeddable":true,"href":"https:\/\/rdnews.al\/index.php\/wp-json\/wp\/v2\/tags?post=98227"}],"curies":[{"name":"wp","href":"https:\/\/api.w.org\/{rel}","templated":true}]}}