{"id":98265,"date":"2024-12-10T09:36:20","date_gmt":"2024-12-10T09:36:20","guid":{"rendered":"https:\/\/rdnews.al\/?p=98265"},"modified":"2024-12-10T09:36:20","modified_gmt":"2024-12-10T09:36:20","slug":"beketi-ngre-tjeter-padi-ndaj-shtetit-shqiptar-vazhdon-fushata-e-persekutimit-tim","status":"publish","type":"post","link":"https:\/\/rdnews.al\/index.php\/2024\/12\/10\/beketi-ngre-tjeter-padi-ndaj-shtetit-shqiptar-vazhdon-fushata-e-persekutimit-tim\/","title":{"rendered":"Beketi ngre tjet\u00ebr padi ndaj shtetit shqiptar: Vazhdon fushata e persekutimit tim"},"content":{"rendered":"<p>Biznesmeni italian, Fran\u00e7esko Beketi, i cili ka fituar nj\u00eb gjob\u00eb prej 110 milion\u00eb eurosh ndaj Shqip\u00ebris\u00eb n\u00eb arbitrazhin nd\u00ebrkomb\u00ebtar, nuk ndalet. Sipas revist\u00ebs s\u00eb Arbitrazhit Global, ai ka ngritur nj\u00eb tjet\u00ebr padi ndaj shtetit shqiptar.<\/p>\n<p>K\u00ebt\u00eb her\u00eb b\u00ebhet fjal\u00eb p\u00ebr nj\u00eb padi p\u00ebr shkelje t\u00eb traktatit t\u00eb investimeve. Ai e akuzon shtetin shqiptar se refuzon t\u00eb paguaj\u00eb.<\/p>\n<p>Nd\u00ebrkoh\u00eb, Beketi thot\u00eb se vazhdon fushata e persekutimit ndaj tij.<\/p>\n<p>Kujtojm\u00eb se mediat pro-qeveritare dhe vet\u00eb Edi Rama e sulmuan ashp\u00ebr s\u00eb fundmi Beketin, duke e akuzuar se ka bler\u00eb gjyqtar\u00ebt nd\u00ebrkomb\u00ebtar\u00eb.<\/p>\n<p>Vendimi i arbitrazhit n\u00eb favor t\u00eb Beketit u mor rreth 5 vite m\u00eb par\u00eb.<\/p>\n<p>Kujtojm\u00eb se gjoba m\u00eb e madhe n\u00eb historin\u00eb e shtetit shqiptar ka p\u00ebrgjegj\u00ebs direkt Edi Ram\u00ebn, Erion Veliaj dhe Engj\u00ebll Aga\u00e7in.<\/p>\n<p>Megjithat\u00eb, SPAK nuk ka nisur hetim p\u00ebr k\u00ebt\u00eb skandal t\u00eb r\u00ebnd\u00eb q\u00eb u kushton shqiptar\u00ebve rreth 130 milion\u00eb euro, duke llogaritur gjob\u00ebn dhe interesat.<\/p>\n","protected":false},"excerpt":{"rendered":"<p>Biznesmeni italian, Fran\u00e7esko Beketi, i cili ka fituar nj\u00eb gjob\u00eb prej 110 milion\u00eb eurosh ndaj Shqip\u00ebris\u00eb n\u00eb arbitrazhin nd\u00ebrkomb\u00ebtar, nuk ndalet. Sipas revist\u00ebs s\u00eb Arbitrazhit Global, ai ka ngritur nj\u00eb tjet\u00ebr padi ndaj shtetit shqiptar. K\u00ebt\u00eb her\u00eb b\u00ebhet fjal\u00eb p\u00ebr nj\u00eb padi p\u00ebr shkelje t\u00eb traktatit t\u00eb investimeve. Ai e akuzon shtetin shqiptar se refuzon &hellip;<\/p>\n","protected":false},"author":4,"featured_media":45543,"comment_status":"closed","ping_status":"closed","sticky":false,"template":"","format":"standard","meta":{"footnotes":""},"categories":[37],"tags":[],"class_list":["post-98265","post","type-post","status-publish","format-standard","has-post-thumbnail","","category-politike"],"_links":{"self":[{"href":"https:\/\/rdnews.al\/index.php\/wp-json\/wp\/v2\/posts\/98265","targetHints":{"allow":["GET"]}}],"collection":[{"href":"https:\/\/rdnews.al\/index.php\/wp-json\/wp\/v2\/posts"}],"about":[{"href":"https:\/\/rdnews.al\/index.php\/wp-json\/wp\/v2\/types\/post"}],"author":[{"embeddable":true,"href":"https:\/\/rdnews.al\/index.php\/wp-json\/wp\/v2\/users\/4"}],"replies":[{"embeddable":true,"href":"https:\/\/rdnews.al\/index.php\/wp-json\/wp\/v2\/comments?post=98265"}],"version-history":[{"count":1,"href":"https:\/\/rdnews.al\/index.php\/wp-json\/wp\/v2\/posts\/98265\/revisions"}],"predecessor-version":[{"id":98266,"href":"https:\/\/rdnews.al\/index.php\/wp-json\/wp\/v2\/posts\/98265\/revisions\/98266"}],"wp:featuredmedia":[{"embeddable":true,"href":"https:\/\/rdnews.al\/index.php\/wp-json\/wp\/v2\/media\/45543"}],"wp:attachment":[{"href":"https:\/\/rdnews.al\/index.php\/wp-json\/wp\/v2\/media?parent=98265"}],"wp:term":[{"taxonomy":"category","embeddable":true,"href":"https:\/\/rdnews.al\/index.php\/wp-json\/wp\/v2\/categories?post=98265"},{"taxonomy":"post_tag","embeddable":true,"href":"https:\/\/rdnews.al\/index.php\/wp-json\/wp\/v2\/tags?post=98265"}],"curies":[{"name":"wp","href":"https:\/\/api.w.org\/{rel}","templated":true}]}}