{"id":98297,"date":"2024-12-10T12:01:56","date_gmt":"2024-12-10T12:01:56","guid":{"rendered":"https:\/\/rdnews.al\/?p=98297"},"modified":"2024-12-10T12:01:56","modified_gmt":"2024-12-10T12:01:56","slug":"ish-ylli-i-atalantes-mbappe-seshte-ronaldo","status":"publish","type":"post","link":"https:\/\/rdnews.al\/index.php\/2024\/12\/10\/ish-ylli-i-atalantes-mbappe-seshte-ronaldo\/","title":{"rendered":"Ish-\u201cylli\u201d i Atalant\u00ebs: Mbappe s\u2019\u00ebsht\u00eb Ronaldo!"},"content":{"rendered":"<p>Josip Ili\u010di\u0107, i cili gati sa nuk i dha fund karrier\u00ebs p\u00ebr shkak t\u00eb depresionit, u rikthye t\u00eb luaj\u00eb nj\u00eb ndeshje me komb\u00ebtaren e Sllovenis\u00eb pas 955 dit\u00ebsh. Ai foli gjat\u00eb p\u00ebr karrier\u00ebn dhe problemet e tij, si dhe p\u00ebr muajt e par\u00eb t\u00eb Kylian Mbapp\u00e9s\u00eb te Real Madridi.<\/p>\n<p>&#8220;Mendoj se ka nj\u00eb keqkuptim thelb\u00ebsor. N\u00eb rastin e Mbapp\u00e9s\u00eb shohim nj\u00eb lojtar q\u00eb gati sa nuk fitoi Topin e Art\u00eb. Tani po p\u00ebrpiqet t\u00eb p\u00ebrshtatet si sulmues qendror dhe nuk e shoh mir\u00eb n\u00eb at\u00eb pozicion. V\u00ebrehet q\u00eb ai gjithmon\u00eb k\u00ebrkon t\u00eb hapet n\u00eb zon\u00ebn ku \u00ebsht\u00eb Vin\u00edcius J\u00fanior, dhe, sinqerisht, k\u00ebt\u00eb e prisja. Ai po vuan shum\u00eb si sulmues i qendr\u00ebs, ka m\u00eb pak hap\u00ebsir\u00eb dhe pak mb\u00ebshtetje p\u00ebr t&#8217;u \u00e7liruar. K\u00ebsaj i shtohet presioni dhe pritshm\u00ebrit\u00eb e m\u00ebdha.<\/p>\n<p>Njer\u00ebzit prisnin ta shihnin t\u00eb b\u00ebnte at\u00eb q\u00eb b\u00ebri Cristiano Ronaldo, por kjo \u00ebsht\u00eb e pamundur. Messi dhe Ronaldo ishin nga nj\u00eb tjet\u00ebr planet. P\u00ebrve\u00e7 k\u00ebsaj, n\u00eb Franc\u00eb ai ndihej m\u00eb i mbrojtur. Te Real Madridi, k\u00ebrkesa \u00ebsht\u00eb maksimale dhe, p\u00ebr sa koh\u00eb q\u00eb nuk sh\u00ebnon gola, nuk vlen asgj\u00eb. Real Madridit i mungon nj\u00eb pik\u00eb referimi n\u00eb sulm, nj\u00eb Benzema, q\u00eb di t\u00eb luaj\u00eb edhe me shpin\u00eb nga porta, nj\u00eb aspekt ku Mbapp\u00e9 ka v\u00ebshtir\u00ebsi t\u00eb m\u00ebdha. Shpresoj q\u00eb t\u00eb vuaj\u00eb edhe n\u00eb Bergamo,&#8221; tha ai n\u00eb nj\u00eb intervist\u00eb p\u00ebr \u2018AS\u2019, duke iu referuar p\u00ebrballjes mes Real Madrid dhe Atalant\u00ebs, ish-klub i tij, n\u00eb raundin e gjasht\u00eb t\u00eb Lig\u00ebs s\u00eb Kampion\u00ebve.<\/p>\n<p>Lojtari nd\u00ebrkomb\u00ebtar slloven kujtoi koh\u00ebn e Covid-19 dhe periudh\u00ebn e v\u00ebshtir\u00eb q\u00eb gati sa nuk e b\u00ebri t\u00eb t\u00ebrhiqej nga futbolli.<\/p>\n<p>Ish-\u2018ylli\u2019 i Atalant\u00ebs kaloi nj\u00eb faz\u00eb t\u00eb keqe, por fal\u00eb p\u00ebrpjekjeve p\u00ebr rikuperim, u rikthye t\u00eb luaj\u00eb p\u00ebr Sllovenin\u00eb pas 955 dit\u00ebsh:<\/p>\n<p>&#8220;Fillova t\u00eb ndieja di\u00e7ka ndryshe tek vetja. Nuk po e p\u00ebrballoja m\u00eb. N\u00ebse nuk je mir\u00eb mend\u00ebrisht, nuk q\u00ebndron dot fizikisht. Dhe, n\u00ebse nuk mund t\u00eb jap gjith\u00e7ka, preferoj t\u00eb b\u00ebj nj\u00eb hap prapa. Nuk e pranoja t\u00eb isha n\u00eb stol dhe futbolli nuk \u00ebsht\u00eb vet\u00ebm para. P\u00ebrndryshe, do t\u00eb kisha shkuar n\u00eb Kin\u00eb ose n\u00eb Arabin\u00eb Saudite. Futbolli \u00ebsht\u00eb dashuri. Q\u00eb kur kam nisur t\u00eb eci, topi ka qen\u00eb gjithmon\u00eb me mua. Pas nj\u00eb muaji izolim, i k\u00ebrkova klubit t\u00eb largohesha. Po vuaja shum\u00eb pa familjen time,&#8221; tregoi Ilicic.<\/p>\n","protected":false},"excerpt":{"rendered":"<p>Josip Ili\u010di\u0107, i cili gati sa nuk i dha fund karrier\u00ebs p\u00ebr shkak t\u00eb depresionit, u rikthye t\u00eb luaj\u00eb nj\u00eb ndeshje me komb\u00ebtaren e Sllovenis\u00eb pas 955 dit\u00ebsh. Ai foli gjat\u00eb p\u00ebr karrier\u00ebn dhe problemet e tij, si dhe p\u00ebr muajt e par\u00eb t\u00eb Kylian Mbapp\u00e9s\u00eb te Real Madridi. &#8220;Mendoj se ka nj\u00eb keqkuptim thelb\u00ebsor. &hellip;<\/p>\n","protected":false},"author":4,"featured_media":98298,"comment_status":"closed","ping_status":"closed","sticky":false,"template":"","format":"standard","meta":{"footnotes":""},"categories":[39],"tags":[],"class_list":["post-98297","post","type-post","status-publish","format-standard","has-post-thumbnail","","category-sport"],"_links":{"self":[{"href":"https:\/\/rdnews.al\/index.php\/wp-json\/wp\/v2\/posts\/98297","targetHints":{"allow":["GET"]}}],"collection":[{"href":"https:\/\/rdnews.al\/index.php\/wp-json\/wp\/v2\/posts"}],"about":[{"href":"https:\/\/rdnews.al\/index.php\/wp-json\/wp\/v2\/types\/post"}],"author":[{"embeddable":true,"href":"https:\/\/rdnews.al\/index.php\/wp-json\/wp\/v2\/users\/4"}],"replies":[{"embeddable":true,"href":"https:\/\/rdnews.al\/index.php\/wp-json\/wp\/v2\/comments?post=98297"}],"version-history":[{"count":1,"href":"https:\/\/rdnews.al\/index.php\/wp-json\/wp\/v2\/posts\/98297\/revisions"}],"predecessor-version":[{"id":98299,"href":"https:\/\/rdnews.al\/index.php\/wp-json\/wp\/v2\/posts\/98297\/revisions\/98299"}],"wp:featuredmedia":[{"embeddable":true,"href":"https:\/\/rdnews.al\/index.php\/wp-json\/wp\/v2\/media\/98298"}],"wp:attachment":[{"href":"https:\/\/rdnews.al\/index.php\/wp-json\/wp\/v2\/media?parent=98297"}],"wp:term":[{"taxonomy":"category","embeddable":true,"href":"https:\/\/rdnews.al\/index.php\/wp-json\/wp\/v2\/categories?post=98297"},{"taxonomy":"post_tag","embeddable":true,"href":"https:\/\/rdnews.al\/index.php\/wp-json\/wp\/v2\/tags?post=98297"}],"curies":[{"name":"wp","href":"https:\/\/api.w.org\/{rel}","templated":true}]}}